{"id":46434,"date":"2022-06-22T10:22:41","date_gmt":"2022-06-22T17:22:41","guid":{"rendered":"https:\/\/www.delscookingtwist.com\/?p=46434"},"modified":"2024-08-12T11:01:33","modified_gmt":"2024-08-12T18:01:33","slug":"salade-de-pasteque-feta-et-menthe","status":"publish","type":"post","link":"https:\/\/www.delscookingtwist.com\/fr\/salade-de-pasteque-feta-et-menthe\/","title":{"rendered":"Salade de past\u00e8que, feta et menthe"},"content":{"rendered":"\n<p><em>La salade de past\u00e8que, feta et menthe est \u00e0 la fois color\u00e9e, rafra\u00eechissante et ultra simple \u00e0 pr\u00e9parer. Pr\u00eate en quelques minutes, c&#8217;est une salade id\u00e9ale pour l&#8217;\u00e9t\u00e9.<\/em><\/p>\n\n\n\n<figure class=\"wp-block-image\"><img decoding=\"async\" width=\"1200\" height=\"1800\" src=\"https:\/\/www.delscookingtwist.com\/wp-content\/uploads\/2022\/06\/Watermelon-Salad-with-Feta-and-Mint_4.jpg\" alt=\"La salade de past\u00e8que, feta et menthe est \u00e0 la fois color\u00e9e, rafra\u00eechissante et ultra simple \u00e0 pr\u00e9parer. Pr\u00eate en quelques minutes, c'est une salade id\u00e9ale pour l'\u00e9t\u00e9.\" class=\"wp-image-46446\" srcset=\"https:\/\/www.delscookingtwist.com\/wp-content\/uploads\/2022\/06\/Watermelon-Salad-with-Feta-and-Mint_4.jpg 1200w, https:\/\/www.delscookingtwist.com\/wp-content\/uploads\/2022\/06\/Watermelon-Salad-with-Feta-and-Mint_4-200x300.jpg 200w, https:\/\/www.delscookingtwist.com\/wp-content\/uploads\/2022\/06\/Watermelon-Salad-with-Feta-and-Mint_4-683x1024.jpg 683w, https:\/\/www.delscookingtwist.com\/wp-content\/uploads\/2022\/06\/Watermelon-Salad-with-Feta-and-Mint_4-768x1152.jpg 768w, https:\/\/www.delscookingtwist.com\/wp-content\/uploads\/2022\/06\/Watermelon-Salad-with-Feta-and-Mint_4-1024x1536.jpg 1024w\" sizes=\"(max-width: 770px) calc(100vw - 40px), 730px\" \/><\/figure>\n\n\n\n<p>Lorsqu&#8217;il fait trop chaud pour cuisiner, rien de tel qu&#8217;une salade l\u00e9g\u00e8re, comme celle-ci qui met \u00e0 l&#8217;honneur la past\u00e8que. On y retrouve des saveurs toutes simples et rafra\u00eechissantes gr\u00e2ce \u00e0 la pr\u00e9sence de la menthe. Aux saveurs douces s&#8217;associe la feta, beaucoup plus sal\u00e9e, cr\u00e9ant un contraste de saveurs tr\u00e8s agr\u00e9able en bouche. Une salade id\u00e9ale pour un pique-nique ou \u00e0 servir comme accompagnement d&#8217;un plat. C&#8217;est un succ\u00e8s \u00e0 tous les coups, le tout sans effort ou presque.<\/p>\n\n\n\n<div class=\"adthrive-video-player in-post\" itemscope itemtype=\"https:\/\/schema.org\/VideoObject\" data-video-id=\"x9DHZ3WJ\" data-player-type=\"default\" orientation=\"\" override-embed=\"default\">\n\t\t\t<meta itemprop=\"uploadDate\" content=\"2024-07-09T22:11:47.000Z\" \/>\n\t\t<meta itemprop=\"name\" content=\"Watermelon Salad with Feta and Mint\" \/>\n\t\t<meta itemprop=\"description\" content=\"This simple watermelon salad with feta and mint is refreshing, colorful, and ready within minutes. It makes a wonderful addition to any meal in summer.\" \/>\n\t\t<meta itemprop=\"thumbnailUrl\" content=\"https:\/\/content.jwplatform.com\/thumbs\/x9DHZ3WJ-720.jpg\" \/>\n\t\t<meta itemprop=\"contentUrl\" content=\"https:\/\/content.jwplatform.com\/videos\/x9DHZ3WJ.mp4\" \/>\n\t<\/div>\n\n\n\n\n<figure class=\"wp-block-image\"><img decoding=\"async\" width=\"1200\" height=\"1800\" src=\"https:\/\/www.delscookingtwist.com\/wp-content\/uploads\/2022\/06\/Watermelon-Salad-with-Feta-and-Mint_2.jpg\" alt=\"La salade de past\u00e8que, feta et menthe est \u00e0 la fois color\u00e9e, rafra\u00eechissante et ultra simple \u00e0 pr\u00e9parer. Pr\u00eate en quelques minutes, c'est une salade id\u00e9ale pour l'\u00e9t\u00e9.\" class=\"wp-image-46442\" srcset=\"https:\/\/www.delscookingtwist.com\/wp-content\/uploads\/2022\/06\/Watermelon-Salad-with-Feta-and-Mint_2.jpg 1200w, https:\/\/www.delscookingtwist.com\/wp-content\/uploads\/2022\/06\/Watermelon-Salad-with-Feta-and-Mint_2-200x300.jpg 200w, https:\/\/www.delscookingtwist.com\/wp-content\/uploads\/2022\/06\/Watermelon-Salad-with-Feta-and-Mint_2-683x1024.jpg 683w, https:\/\/www.delscookingtwist.com\/wp-content\/uploads\/2022\/06\/Watermelon-Salad-with-Feta-and-Mint_2-768x1152.jpg 768w, https:\/\/www.delscookingtwist.com\/wp-content\/uploads\/2022\/06\/Watermelon-Salad-with-Feta-and-Mint_2-1024x1536.jpg 1024w\" sizes=\"(max-width: 770px) calc(100vw - 40px), 730px\" \/><\/figure>\n\n\n\n<h2 class=\"wp-block-heading\" id=\"h-la-salade-de-pasteque-c-est\">La salade de past\u00e8que, c&#8217;est&#8230;<\/h2>\n\n\n\n<ul class=\"wp-block-list\">\n<li>Une salade d&#8217;\u00e9t\u00e9 tr\u00e8s rafra\u00eechissante \u2714<\/li>\n\n\n\n<li>Ultra facile \u00e0 pr\u00e9parer \u2714<\/li>\n\n\n\n<li>Pr\u00eate en quelques minutes seulement \u2714<\/li>\n\n\n\n<li>Un plat id\u00e9al \u00e0 emporter en pique-nique \u2714<\/li>\n<\/ul>\n\n\n\n<figure class=\"wp-block-image\"><img decoding=\"async\" width=\"1200\" height=\"1800\" src=\"https:\/\/www.delscookingtwist.com\/wp-content\/uploads\/2022\/06\/Watermelon-Salad-with-Feta-and-Mint_Ingredients.jpg\" alt=\"La salade de past\u00e8que, feta et menthe est \u00e0 la fois color\u00e9e, rafra\u00eechissante et ultra simple \u00e0 pr\u00e9parer. Pr\u00eate en quelques minutes, c'est une salade id\u00e9ale pour l'\u00e9t\u00e9.\" class=\"wp-image-46454\" srcset=\"https:\/\/www.delscookingtwist.com\/wp-content\/uploads\/2022\/06\/Watermelon-Salad-with-Feta-and-Mint_Ingredients.jpg 1200w, https:\/\/www.delscookingtwist.com\/wp-content\/uploads\/2022\/06\/Watermelon-Salad-with-Feta-and-Mint_Ingredients-200x300.jpg 200w, https:\/\/www.delscookingtwist.com\/wp-content\/uploads\/2022\/06\/Watermelon-Salad-with-Feta-and-Mint_Ingredients-683x1024.jpg 683w, https:\/\/www.delscookingtwist.com\/wp-content\/uploads\/2022\/06\/Watermelon-Salad-with-Feta-and-Mint_Ingredients-768x1152.jpg 768w, https:\/\/www.delscookingtwist.com\/wp-content\/uploads\/2022\/06\/Watermelon-Salad-with-Feta-and-Mint_Ingredients-1024x1536.jpg 1024w\" sizes=\"(max-width: 770px) calc(100vw - 40px), 730px\" \/><\/figure>\n\n\n\n<h2 class=\"wp-block-heading\" id=\"h-une-salade-d-ete-toute-simple\">Une salade d&#8217;\u00e9t\u00e9 toute simple<\/h2>\n\n\n\n<p>Voici les ingr\u00e9dients dont vous aurez besoin pour r\u00e9aliser cette salade de past\u00e8que :<\/p>\n\n\n\n<ul class=\"wp-block-list\">\n<li><strong>Past\u00e8que<\/strong>, coup\u00e9e en cubes.<\/li>\n\n\n\n<li><strong>Concombre<\/strong>, coup\u00e9 en d\u00e9s.<\/li>\n\n\n\n<li><strong>Feta<\/strong>, \u00e9miett\u00e9e.<\/li>\n\n\n\n<li><strong>Oignon rouge<\/strong>, \u00e9minc\u00e9 finement (facultatif).<\/li>\n\n\n\n<li><strong>Menthe fra\u00eeche<\/strong>, cisel\u00e9e.<\/li>\n\n\n\n<li>Vinaigrette, compos\u00e9e d&#8217;<strong>huile d&#8217;olive, de vinaigre balsamique, miel, jus de citron, sel et poivre.&nbsp;<\/strong><\/li>\n<\/ul>\n\n\n\n<p>Les grandes \u00e9tapes cl\u00e9s de la recette :<\/p>\n\n\n\n<ol class=\"wp-block-list\">\n<li>Couper la past\u00e8que en cube et la placer dans un saladier avec les autres ingr\u00e9dients de la recette.<\/li>\n\n\n\n<li>Placer la salade au r\u00e9frig\u00e9rateur pendant 30 minutes pour s&#8217;assurer qu&#8217;elle soit bien fra\u00eeche.<\/li>\n\n\n\n<li>M\u00e9langer tous les ingr\u00e9dients de la vinaigrette, puis verser par-dessus la salade. Et voil\u00e0, c&#8217;est pr\u00eat !<\/li>\n<\/ol>\n\n\n\n<figure class=\"wp-block-gallery has-nested-images columns-2 is-cropped wp-block-gallery-1 is-layout-flex wp-block-gallery-is-layout-flex\">\n<figure class=\"wp-block-image size-large\"><img decoding=\"async\" width=\"683\" height=\"1024\" data-id=\"46456\" src=\"https:\/\/www.delscookingtwist.com\/wp-content\/uploads\/2022\/06\/Watermelon-Salad-with-Feta-and-Mint_Prep-683x1024.jpg\" alt=\"La salade de past\u00e8que, feta et menthe est \u00e0 la fois color\u00e9e, rafra\u00eechissante et ultra simple \u00e0 pr\u00e9parer. Pr\u00eate en quelques minutes, c'est une salade id\u00e9ale pour l'\u00e9t\u00e9.\" class=\"wp-image-46456\" srcset=\"https:\/\/www.delscookingtwist.com\/wp-content\/uploads\/2022\/06\/Watermelon-Salad-with-Feta-and-Mint_Prep-683x1024.jpg 683w, https:\/\/www.delscookingtwist.com\/wp-content\/uploads\/2022\/06\/Watermelon-Salad-with-Feta-and-Mint_Prep-200x300.jpg 200w, https:\/\/www.delscookingtwist.com\/wp-content\/uploads\/2022\/06\/Watermelon-Salad-with-Feta-and-Mint_Prep-768x1152.jpg 768w, https:\/\/www.delscookingtwist.com\/wp-content\/uploads\/2022\/06\/Watermelon-Salad-with-Feta-and-Mint_Prep-1024x1536.jpg 1024w, https:\/\/www.delscookingtwist.com\/wp-content\/uploads\/2022\/06\/Watermelon-Salad-with-Feta-and-Mint_Prep.jpg 1200w\" sizes=\"(max-width: 723px) calc(100vw - 40px), 683px\" \/><\/figure>\n\n\n\n<figure class=\"wp-block-image size-large\"><img decoding=\"async\" width=\"683\" height=\"1024\" data-id=\"46450\" src=\"https:\/\/www.delscookingtwist.com\/wp-content\/uploads\/2022\/06\/Watermelon-Salad-with-Feta-and-Mint_6-683x1024.jpg\" alt=\"La salade de past\u00e8que, feta et menthe est \u00e0 la fois color\u00e9e, rafra\u00eechissante et ultra simple \u00e0 pr\u00e9parer. Pr\u00eate en quelques minutes, c'est une salade id\u00e9ale pour l'\u00e9t\u00e9.\" class=\"wp-image-46450\" srcset=\"https:\/\/www.delscookingtwist.com\/wp-content\/uploads\/2022\/06\/Watermelon-Salad-with-Feta-and-Mint_6-683x1024.jpg 683w, https:\/\/www.delscookingtwist.com\/wp-content\/uploads\/2022\/06\/Watermelon-Salad-with-Feta-and-Mint_6-200x300.jpg 200w, https:\/\/www.delscookingtwist.com\/wp-content\/uploads\/2022\/06\/Watermelon-Salad-with-Feta-and-Mint_6-768x1152.jpg 768w, https:\/\/www.delscookingtwist.com\/wp-content\/uploads\/2022\/06\/Watermelon-Salad-with-Feta-and-Mint_6-1024x1536.jpg 1024w, https:\/\/www.delscookingtwist.com\/wp-content\/uploads\/2022\/06\/Watermelon-Salad-with-Feta-and-Mint_6.jpg 1200w\" sizes=\"(max-width: 723px) calc(100vw - 40px), 683px\" \/><\/figure>\n<\/figure>\n\n\n\n<h2 class=\"wp-block-heading\" id=\"h-astuces-cles-pour-reussir-la-recette\">Astuces cl\u00e9s pour r\u00e9ussir la recette<\/h2>\n\n\n\n<p>Vous l&#8217;aurez compris, la salade de past\u00e8que est une recette extr\u00eamement facile \u00e0 pr\u00e9parer, au point que l&#8217;on peut se demander l&#8217;utilit\u00e9 d&#8217;une recette, si ce n&#8217;est pour l&#8217;inspiration bien s\u00fbr. Pour un r\u00e9sultat optimal, je recommade n\u00e9anmoins de bien respecter les points suivants :<\/p>\n\n\n\n<ul class=\"wp-block-list\">\n<li><strong>Choisissez une past\u00e8que m\u00fbre<\/strong> (mais pas trop m\u00fbre non plus, afin d&#8217;assurer une bonne tenue \u00e0 la d\u00e9coupe).<\/li>\n\n\n\n<li><b>Faites refroidir la salade avant de la servir<\/b> pour des saveurs bien fra\u00eeches.<\/li>\n\n\n\n<li><b>Ajoutez la vinaigrette au dernier moment<\/b>, juste avant de servir, afin d&#8217;\u00e9viter que la salade ne rende trop de jus.<\/li>\n\n\n\n<li><strong>M\u00e9langez tr\u00e8s d\u00e9licatement<\/strong> lorsque vous incoporez la vinaigrette \u00e0 la salade, pour \u00e9viter d&#8217;\u00e9craser la past\u00e8que, tr\u00e8s fragile.<\/li>\n\n\n\n<li><strong>\u00c9vitez les restes<\/strong> autant que possible et essayez de finir la salade dans la journ\u00e9e pour des saveurs qui restent intactes.<\/li>\n<\/ul>\n\n\n\n<figure class=\"wp-block-image\"><img decoding=\"async\" width=\"1200\" height=\"1800\" src=\"https:\/\/www.delscookingtwist.com\/wp-content\/uploads\/2022\/06\/Watermelon-Salad-with-Feta-and-Mint_1.jpg\" alt=\"La salade de past\u00e8que, feta et menthe est \u00e0 la fois color\u00e9e, rafra\u00eechissante et ultra simple \u00e0 pr\u00e9parer. Pr\u00eate en quelques minutes, c'est une salade id\u00e9ale pour l'\u00e9t\u00e9.\" class=\"wp-image-46440\" srcset=\"https:\/\/www.delscookingtwist.com\/wp-content\/uploads\/2022\/06\/Watermelon-Salad-with-Feta-and-Mint_1.jpg 1200w, https:\/\/www.delscookingtwist.com\/wp-content\/uploads\/2022\/06\/Watermelon-Salad-with-Feta-and-Mint_1-200x300.jpg 200w, https:\/\/www.delscookingtwist.com\/wp-content\/uploads\/2022\/06\/Watermelon-Salad-with-Feta-and-Mint_1-683x1024.jpg 683w, https:\/\/www.delscookingtwist.com\/wp-content\/uploads\/2022\/06\/Watermelon-Salad-with-Feta-and-Mint_1-768x1152.jpg 768w, https:\/\/www.delscookingtwist.com\/wp-content\/uploads\/2022\/06\/Watermelon-Salad-with-Feta-and-Mint_1-1024x1536.jpg 1024w\" sizes=\"(max-width: 770px) calc(100vw - 40px), 730px\" \/><\/figure>\n\n\n\n<h2 class=\"wp-block-heading\" id=\"h-que-servir-avec-une-salade-de-pasteque\">Que servir avec une salade de past\u00e8que ?<\/h2>\n\n\n\n<p>Vous pouvez servir la salade en entr\u00e9e, ou bien en accompagnement d&#8217;un plat. C\u00f4t\u00e9 v\u00e9g\u00e9tarien, j&#8217;aime la servir en accompagnement du <a href=\"https:\/\/www.delscookingtwist.com\/fr\/burger-nordique-au-saumon\">burger nordique au saumon<\/a> ou bien d&#8217;un <a href=\"https:\/\/www.delscookingtwist.com\/fr\/burger-vegetarien-a-la-betterave\/\">burger veggie<\/a>, avec des <a href=\"https:\/\/www.delscookingtwist.com\/fr\/gyros-aux-legumes-grilles-et-dip-yaourt-feta\/\">gyros aux l\u00e9gumes grill\u00e9s<\/a> ou bien encore <a href=\"https:\/\/www.delscookingtwist.com\/fr\/tacos-thai-au-saumon-et-salsa-mangue-avocat\">des tacos<\/a> ou <a href=\"https:\/\/www.delscookingtwist.com\/fr\/quesadillas-a-lhummus-avocat-et-feta\">des quesadillas<\/a>.<\/p>\n\n\n\n<h2 class=\"wp-block-heading\" id=\"h-quelques-variations-possibles\">Quelques variations possibles :<\/h2>\n\n\n\n<p>Parce que l&#8217;\u00e9t\u00e9 ne fait que commencer, je vous propose de nombreuses variations possibles autour de cette salade de past\u00e8que, pour ne jamais manquer d&#8217;inspiration :<\/p>\n\n\n\n<ul class=\"wp-block-list\">\n<li>Ajoutez quelques <strong>olives noires<\/strong><\/li>\n\n\n\n<li>Remplacez la feta par du <strong>ch\u00e8vre frais<\/strong><\/li>\n\n\n\n<li><strong>Omettez les oignons<\/strong> (en particulier si vous \u00eates sensibles aux oignons crus)<\/li>\n\n\n\n<li>Ajoutez <strong>quelques fraises<\/strong>, coup\u00e9e en lamelles<\/li>\n\n\n\n<li>Remplacez la menthe par du <strong>basilic frais<\/strong><\/li>\n\n\n\n<li><strong>Ajoutez du quinoa<\/strong> pour rendre la salade plus nourrissante<\/li>\n<\/ul>\n\n\n\n<figure class=\"wp-block-image\"><img decoding=\"async\" width=\"1200\" height=\"1800\" src=\"https:\/\/www.delscookingtwist.com\/wp-content\/uploads\/2022\/06\/Watermelon-Salad-with-Feta-and-Mint_3.jpg\" alt=\"La salade de past\u00e8que, feta et menthe est \u00e0 la fois color\u00e9e, rafra\u00eechissante et ultra simple \u00e0 pr\u00e9parer. Pr\u00eate en quelques minutes, c'est une salade id\u00e9ale pour l'\u00e9t\u00e9.\" class=\"wp-image-46444\" srcset=\"https:\/\/www.delscookingtwist.com\/wp-content\/uploads\/2022\/06\/Watermelon-Salad-with-Feta-and-Mint_3.jpg 1200w, https:\/\/www.delscookingtwist.com\/wp-content\/uploads\/2022\/06\/Watermelon-Salad-with-Feta-and-Mint_3-200x300.jpg 200w, https:\/\/www.delscookingtwist.com\/wp-content\/uploads\/2022\/06\/Watermelon-Salad-with-Feta-and-Mint_3-683x1024.jpg 683w, https:\/\/www.delscookingtwist.com\/wp-content\/uploads\/2022\/06\/Watermelon-Salad-with-Feta-and-Mint_3-768x1152.jpg 768w, https:\/\/www.delscookingtwist.com\/wp-content\/uploads\/2022\/06\/Watermelon-Salad-with-Feta-and-Mint_3-1024x1536.jpg 1024w\" sizes=\"(max-width: 770px) calc(100vw - 40px), 730px\" \/><\/figure>\n\n\n\n<h2 class=\"wp-block-heading\" id=\"h-autres-recettes-rafraichissantes-pour-l-ete\">Autres recettes rafra\u00eechissantes pour l&#8217;\u00e9t\u00e9 :<\/h2>\n\n\n\n<ul class=\"wp-block-list\">\n<li><a href=\"https:\/\/www.delscookingtwist.com\/fr\/salade-de-quinoa-concombre-et-feta-et-sa-vinaigrette-au-citron-et-a-laneth\/\">Salade de quinoa, concombre et feta<\/a><\/li>\n\n\n\n<li><a href=\"https:\/\/www.delscookingtwist.com\/fr\/popsicles-au-citron-vert-facon-key-lime-pie\/\">Popsicles au citron vert fa\u00e7on &#8220;Key Lime Pie&#8221;<\/a><\/li>\n\n\n\n<li><a href=\"https:\/\/www.delscookingtwist.com\/fr\/gaspacho-recette-express\/\">Gaspacho (recette express)<\/a><\/li>\n\n\n\n<li><a href=\"https:\/\/www.delscookingtwist.com\/fr\/soupe-froide-de-concombre-et-avocat-au-chevre-frais\/\">Gaspacho de concombre et avocat au ch\u00e8vre frais<\/a><\/li>\n\n\n\n<li><a href=\"https:\/\/www.delscookingtwist.com\/fr\/cheesecake-cru-a-la-mangue-et-a-la-noix-de-coco\/\">Cheesecake cru \u00e0 la mange et \u00e0 la noix de coco<\/a><\/li>\n\n\n\n<li><a href=\"https:\/\/www.delscookingtwist.com\/fr\/glace-marbree-myrtilles-et-puree-damande-sans-sorbetiere\/\">Glace marbr\u00e9e myrtilles et pur\u00e9e d&#8217;amande (sans sorbeti\u00e8re)<\/a><\/li>\n\n\n\n<li><a href=\"https:\/\/www.delscookingtwist.com\/fr\/tarte-aux-tomates-facon-cheesecake\/\">Tarte aux tomates fa\u00e7on cheesecake<\/a><\/li>\n\n\n\n<li><a href=\"https:\/\/www.delscookingtwist.com\/fr\/salade-de-concombre-a-laneth\/\">Salade de concombre \u00e0 l\u2019aneth<\/a><\/li>\n<\/ul>\n\n\n\n<figure class=\"wp-block-image\"><img decoding=\"async\" width=\"1200\" height=\"800\" src=\"https:\/\/www.delscookingtwist.com\/wp-content\/uploads\/2022\/06\/Watermelon-Salad-with-Feta-and-Mint_7.jpg\" alt=\"La salade de past\u00e8que, feta et menthe est \u00e0 la fois color\u00e9e, rafra\u00eechissante et ultra simple \u00e0 pr\u00e9parer. Pr\u00eate en quelques minutes, c'est une salade id\u00e9ale pour l'\u00e9t\u00e9.\" class=\"wp-image-46452\" srcset=\"https:\/\/www.delscookingtwist.com\/wp-content\/uploads\/2022\/06\/Watermelon-Salad-with-Feta-and-Mint_7.jpg 1200w, https:\/\/www.delscookingtwist.com\/wp-content\/uploads\/2022\/06\/Watermelon-Salad-with-Feta-and-Mint_7-300x200.jpg 300w, https:\/\/www.delscookingtwist.com\/wp-content\/uploads\/2022\/06\/Watermelon-Salad-with-Feta-and-Mint_7-1024x683.jpg 1024w, https:\/\/www.delscookingtwist.com\/wp-content\/uploads\/2022\/06\/Watermelon-Salad-with-Feta-and-Mint_7-768x512.jpg 768w\" sizes=\"(max-width: 770px) calc(100vw - 40px), 730px\" \/><\/figure>\n\n\n<svg aria-hidden=\"true\" style=\"position: absolute;width: 0;height: 0;overflow: hidden\" xmlns=\"http:\/\/www.w3.org\/2000\/svg\">\n<defs>\n<symbol viewbox=\"9 9 46 42\" id=\"wpt-star-full\">\n<path d=\"m46.3 52-14.4-9.5-14.4 9.4L22 35.3 8.7 24.5l17.1-.9 6.2-16 6 16 17.2 1-13.4 10.7z\" \/>\n<\/symbol>\n<\/defs>\n<\/svg>\n<a class=\"button tasty-recipes-print-button tasty-recipes-no-print tasty-recipes-print-above-card\" href=\"https:\/\/www.delscookingtwist.com\/fr\/salade-de-pasteque-feta-et-menthe\/print\/46438\/\">Print<\/a><span class=\"tasty-recipes-jump-target\" id=\"tasty-recipes-46438-jump-target\" style=\"display:block;padding-top:2px;margin-top:-2px;\"><\/span><div id=\"tasty-recipes-46438\" data-tr-id=\"46438\" class=\"tasty-recipes tasty-recipes-46438 tasty-recipes-display tasty-recipes-has-image\">\n\r\n\r\n<div id=\"jump-to-recipe\" class=\"del-tasty-wrap notop nobot\">\r\n    <div class=\"del-tasty-header\">\r\n        <h2 class=\"tasty-recipes-title\">Salade de past\u00e8que, feta et menthe<\/h2>\r\n        <div class=\"del-tasty-meta\">\r\n            <ul>\r\n                                <li class=\"rating\"><div class=\"rating-a\"><span class=\"ratingicons\"><svg aria-hidden=\"true\" style=\"position: absolute;width: 0;height: 0;overflow: hidden\" xmlns=\"http:\/\/www.w3.org\/2000\/svg\">\n<defs>\n<symbol viewbox=\"9 9 46 42\" id=\"wpt-star-full\">\n<path d=\"m46.3 52-14.4-9.5-14.4 9.4L22 35.3 8.7 24.5l17.1-.9 6.2-16 6 16 17.2 1-13.4 10.7z\" \/>\n<\/symbol>\n<\/defs>\n<\/svg>\n<span class=\"tasty-recipes-ratings-buttons tasty-recipes-no-ratings-buttons\"\tdata-tr-default-rating=\"5\"\t>\t\t<span class=\"tasty-recipes-rating\" data-tr-checked=\"1\">\t\t<i class=\"checked\" data-rating=\"5\">\t\t\t<span class=\"tasty-recipes-rating-solid\" data-tr-clip=\"100\">\t\t\t\t<svg class=\"tasty-recipes-svg\" width=\"18\" height=\"17\"><use href=\"#wpt-star-full\" \/><\/svg>\t\t\t<\/span>\t\t\t<span class=\"tasty-recipes-screen-reader\">\t\t\t\t5 Stars\t\t\t<\/span>\t\t<\/i>\t<\/span>\t\t<span class=\"tasty-recipes-rating\" >\t\t<i class=\"checked\" data-rating=\"4\">\t\t\t<span class=\"tasty-recipes-rating-solid\" data-tr-clip=\"100\">\t\t\t\t<svg class=\"tasty-recipes-svg\" width=\"18\" height=\"17\"><use href=\"#wpt-star-full\" \/><\/svg>\t\t\t<\/span>\t\t\t<span class=\"tasty-recipes-screen-reader\">\t\t\t\t4 Stars\t\t\t<\/span>\t\t<\/i>\t<\/span>\t\t<span class=\"tasty-recipes-rating\" >\t\t<i class=\"checked\" data-rating=\"3\">\t\t\t<span class=\"tasty-recipes-rating-solid\" data-tr-clip=\"100\">\t\t\t\t<svg class=\"tasty-recipes-svg\" width=\"18\" height=\"17\"><use href=\"#wpt-star-full\" \/><\/svg>\t\t\t<\/span>\t\t\t<span class=\"tasty-recipes-screen-reader\">\t\t\t\t3 Stars\t\t\t<\/span>\t\t<\/i>\t<\/span>\t\t<span class=\"tasty-recipes-rating\" >\t\t<i class=\"checked\" data-rating=\"2\">\t\t\t<span class=\"tasty-recipes-rating-solid\" data-tr-clip=\"100\">\t\t\t\t<svg class=\"tasty-recipes-svg\" width=\"18\" height=\"17\"><use href=\"#wpt-star-full\" \/><\/svg>\t\t\t<\/span>\t\t\t<span class=\"tasty-recipes-screen-reader\">\t\t\t\t2 Stars\t\t\t<\/span>\t\t<\/i>\t<\/span>\t\t<span class=\"tasty-recipes-rating\" >\t\t<i class=\"checked\" data-rating=\"1\">\t\t\t<span class=\"tasty-recipes-rating-solid\" data-tr-clip=\"100\">\t\t\t\t<svg class=\"tasty-recipes-svg\" width=\"18\" height=\"17\"><use href=\"#wpt-star-full\" \/><\/svg>\t\t\t<\/span>\t\t\t<span class=\"tasty-recipes-screen-reader\">\t\t\t\t1 Star\t\t\t<\/span>\t\t<\/i>\t<\/span><\/span><\/span><span class=\"ratinglabel\"><span class=\"rating-label\"><span class=\"average\">5<\/span> from <span class=\"count\">4<\/span> reviews<\/span><\/span><\/div><\/li>\r\n                                                <li class=\"review\"><a href=\"#respond\">Laisser un commentaire<\/a><\/li>\r\n                            <\/ul>\r\n        <\/div>\r\n    <\/div>\r\n    <div class=\"del-tasty-cols\">\r\n                <div class=\"del-tasty-imagecol\">\r\n                        <div class=\"tasty-recipes-image\">\r\n                <img decoding=\"async\" width=\"320\" height=\"320\" src=\"https:\/\/www.delscookingtwist.com\/wp-content\/uploads\/2022\/06\/Watermelon-Salad-with-Feta-and-Mint_4-320x320.jpg\" class=\"attachment-thumbnail size-thumbnail\" alt=\"La salade de past\u00e8que, feta et menthe est \u00e0 la fois color\u00e9e, rafra\u00eechissante et ultra simple \u00e0 pr\u00e9parer. Pr\u00eate en quelques minutes, c&#039;est une salade id\u00e9ale pour l&#039;\u00e9t\u00e9.\" data-pin-nopin=\"true\" srcset=\"https:\/\/www.delscookingtwist.com\/wp-content\/uploads\/2022\/06\/Watermelon-Salad-with-Feta-and-Mint_4-320x320.jpg 320w, https:\/\/www.delscookingtwist.com\/wp-content\/uploads\/2022\/06\/Watermelon-Salad-with-Feta-and-Mint_4-24x24.jpg 24w, https:\/\/www.delscookingtwist.com\/wp-content\/uploads\/2022\/06\/Watermelon-Salad-with-Feta-and-Mint_4-48x48.jpg 48w, https:\/\/www.delscookingtwist.com\/wp-content\/uploads\/2022\/06\/Watermelon-Salad-with-Feta-and-Mint_4-96x96.jpg 96w, https:\/\/www.delscookingtwist.com\/wp-content\/uploads\/2022\/06\/Watermelon-Salad-with-Feta-and-Mint_4-150x150.jpg 150w, https:\/\/www.delscookingtwist.com\/wp-content\/uploads\/2022\/06\/Watermelon-Salad-with-Feta-and-Mint_4-300x300.jpg 300w, https:\/\/www.delscookingtwist.com\/wp-content\/uploads\/2022\/06\/Watermelon-Salad-with-Feta-and-Mint_4-225x225.jpg 225w\" sizes=\"(max-width: 360px) calc(100vw - 40px), 320px\" \/>            <\/div>\r\n                                    \r\n            <div class=\"tasty-recipes-buttons\">\r\n                                <div class=\"tasty-recipes-button-wrap\">\r\n                    \n<a class=\"btn btn-pink button tasty-recipes-print-button tasty-recipes-no-print\" href=\"https:\/\/www.delscookingtwist.com\/fr\/salade-de-pasteque-feta-et-menthe\/print\/46438\/\" target=\"_blank\">\n\t\t\t<svg viewBox=\"0 0 24 24\" class=\"svg-print\" aria-hidden=\"true\"><use href=\"#tasty-recipes-icon-print\"><\/use><\/svg>\n\t\tPrint<\/a>\n                <\/div>\r\n                                            <\/div>\r\n                    <\/div>  \r\n                <div class=\"del-tasty-textcol\">\r\n                        <div class=\"tasty-recipes-details\">\r\n                <ul>\r\n                                            <li class=\"author\"><strong class=\"tasty-recipes-label\">Author:<\/strong> <span><span class=\"tasty-recipes-author-name\">Delphine Fortin<\/span><\/span><\/li>\r\n                                            <li class=\"prep-time\"><strong class=\"tasty-recipes-label\">Prep Time:<\/strong> <span><span class=\"tasty-recipes-prep-time\">10 mins<\/span><\/span><\/li>\r\n                                            <li class=\"total-time\"><strong class=\"tasty-recipes-label\">Total Time:<\/strong> <span><span class=\"tasty-recipes-total-time\">10 minutes<\/span><\/span><\/li>\r\n                                            <li class=\"yield\"><strong class=\"tasty-recipes-label\">Yield:<\/strong> <span><span class=\"tasty-recipes-yield\"><span data-amount=\"4\">4<\/span> pers. <span class=\"tasty-recipes-yield-scale\"><span data-amount=\"1\">1<\/span>x<\/span><\/span><\/span><\/li>\r\n                                            <li class=\"category\"><strong class=\"tasty-recipes-label\">Category:<\/strong> <span><span class=\"tasty-recipes-category\">Salades<\/span><\/span><\/li>\r\n                                            <li class=\"diet\"><strong class=\"tasty-recipes-label\">Diet:<\/strong> <span><span class=\"tasty-recipes-diet\">Vegetarian<\/span><\/span><\/li>\r\n                                    <\/ul>\r\n            <\/div>\r\n                        \r\n\r\n                        <div class=\"tasty-recipes-description notop nobot\">\r\n                <p><em>La salade de past\u00e8que, feta et menthe est \u00e0 la fois color\u00e9e, rafra\u00eechissante et ultra simple \u00e0 pr\u00e9parer. Pr\u00eate en quelques minutes, c&#8217;est une salade id\u00e9ale pour les jours de chaleur en \u00e9t\u00e9.<\/em><\/p>\n            <\/div>\r\n                        \r\n        <\/div>\r\n    <\/div>\r\n\r\n    <div class=\"contentbox contentbox-lightpink savethisrecipe notop nobot\" data-title=\"Salade de past\u00e8que, feta et menthe\" data-url=\"https:\/\/www.delscookingtwist.com\/fr\/salade-de-pasteque-feta-et-menthe\/\">\r\n    <h3 data-toc-skip>Envoyez-moi cette recette par mail<\/h3>\r\n    <p>En bonus, de l&#8217;inspiration en cuisine chaque semaine.<\/p>\n    \r\n    <div class=\"customckform customckform-horz saveform\">\r\n        <script async data-uid=\"92b1c51bfa\" src=\"https:\/\/delscookingtwist.ck.page\/92b1c51bfa\/index.js\"><\/script>        \r\n    <\/div>    \r\n<\/div>    \r\n            <div class=\"tasty-recipes-ingredients\">\r\n            <div class=\"tasty-recipes-ingredients-header\">\r\n                <div class=\"tasty-recipes-ingredients-clipboard-container\">\r\n                    <h3>Ingr&eacute;dients<\/h3>\r\n                                    <\/div>\r\n                <div class=\"tasty-recipes-units-scale-container\"><span class=\"tasty-recipes-scale-container\">\n\t\t\t\t\t\t<span class=\"tasty-recipes-scale-label\">Scale<\/span>\n\t\t\t\t\t\t<button class=\"tasty-recipes-scale-button tasty-recipes-scale-button-active\" data-amount=\"1\" type=\"button\">1x<\/button><button class=\"tasty-recipes-scale-button\" data-amount=\"2\" type=\"button\">2x<\/button><button class=\"tasty-recipes-scale-button\" data-amount=\"3\" type=\"button\">3x<\/button>\n\t\t\t\t\t<\/span>\n\t\t\t\t\t<\/span><\/div>            <\/div>\r\n            <div class=\"tasty-recipes-ingredients-body\">\r\n                <h4>Pour la salade :<\/h4>\n<ul>\n<li data-tr-ingredient-checkbox=\"\"><span class=\"tr-ingredient-checkbox-container\"><input type=\"checkbox\" name=\"ingredient_checkbox_69f37432b760c\" id=\"ingredient_checkbox_69f37432b760c\" aria-label=\"\u00bd past\u00e8que de belle taille, coup\u00e9e en cubes\"><label for=\"ingredient_checkbox_69f37432b760c\"><\/label><\/span><span data-amount=\"0.5\">\u00bd<\/span> past\u00e8que de belle taille, coup\u00e9e en cubes<\/li>\n<li data-tr-ingredient-checkbox=\"\"><span class=\"tr-ingredient-checkbox-container\"><input type=\"checkbox\" name=\"ingredient_checkbox_69f37432b7615\" id=\"ingredient_checkbox_69f37432b7615\" aria-label=\"\u00bd concombre, coup\u00e9 en d\u00e9s\"><label for=\"ingredient_checkbox_69f37432b7615\"><\/label><\/span><span data-amount=\"0.5\">\u00bd<\/span> concombre, coup\u00e9 en d\u00e9s<\/li>\n<li data-tr-ingredient-checkbox=\"\"><span class=\"tr-ingredient-checkbox-container\"><input type=\"checkbox\" name=\"ingredient_checkbox_69f37432b761b\" id=\"ingredient_checkbox_69f37432b761b\" aria-label=\"\u00bc oignon rouge, \u00e9minc\u00e9 finement (facultatif)*\"><label for=\"ingredient_checkbox_69f37432b761b\"><\/label><\/span><span data-amount=\"0.25\">\u00bc<\/span> oignon rouge, \u00e9minc\u00e9 finement (facultatif)*<\/li>\n<li data-tr-ingredient-checkbox=\"\"><span class=\"tr-ingredient-checkbox-container\"><input type=\"checkbox\" name=\"ingredient_checkbox_69f37432b7620\" id=\"ingredient_checkbox_69f37432b7620\" aria-label=\"110g de feta, \u00e9miett\u00e9e\"><label for=\"ingredient_checkbox_69f37432b7620\"><\/label><\/span><span data-amount=\"110\" data-unit=\"g\">110g<\/span> de feta, \u00e9miett\u00e9e<\/li>\n<li data-tr-ingredient-checkbox=\"\"><span class=\"tr-ingredient-checkbox-container\"><input type=\"checkbox\" name=\"ingredient_checkbox_69f37432b7625\" id=\"ingredient_checkbox_69f37432b7625\" aria-label=\"3 cuil. \u00e0 soupe de menthe fra\u00eeche, cisel\u00e9e\"><label for=\"ingredient_checkbox_69f37432b7625\"><\/label><\/span><span data-amount=\"3\">3<\/span> cuil. \u00e0 soupe de menthe fra\u00eeche, cisel\u00e9e<\/li>\n<\/ul>\n<h4>Pour la vinaigrette :<\/h4>\n<ul>\n<li data-tr-ingredient-checkbox=\"\"><span class=\"tr-ingredient-checkbox-container\"><input type=\"checkbox\" name=\"ingredient_checkbox_69f37432b762a\" id=\"ingredient_checkbox_69f37432b762a\" aria-label=\"60 ml d&#8217;huile d&#8217;olive\"><label for=\"ingredient_checkbox_69f37432b762a\"><\/label><\/span><span data-amount=\"60\">60<\/span> ml d&#8217;huile d&#8217;olive<\/li>\n<li data-tr-ingredient-checkbox=\"\"><span class=\"tr-ingredient-checkbox-container\"><input type=\"checkbox\" name=\"ingredient_checkbox_69f37432b7640\" id=\"ingredient_checkbox_69f37432b7640\" aria-label=\"1 \u00bd cuil. \u00e0 soupe de vinaigre balsamique\"><label for=\"ingredient_checkbox_69f37432b7640\"><\/label><\/span><span data-amount=\"1.5\">1 \u00bd<\/span> cuil. \u00e0 soupe de vinaigre balsamique<\/li>\n<li data-tr-ingredient-checkbox=\"\"><span class=\"tr-ingredient-checkbox-container\"><input type=\"checkbox\" name=\"ingredient_checkbox_69f37432b7645\" id=\"ingredient_checkbox_69f37432b7645\" aria-label=\"1 cuil. \u00e0 soupe de jus de citron, fra\u00eechement press\u00e9\"><label for=\"ingredient_checkbox_69f37432b7645\"><\/label><\/span><span data-amount=\"1\">1<\/span> cuil. \u00e0 soupe de jus de citron, fra\u00eechement press\u00e9<\/li>\n<li data-tr-ingredient-checkbox=\"\"><span class=\"tr-ingredient-checkbox-container\"><input type=\"checkbox\" name=\"ingredient_checkbox_69f37432b764a\" id=\"ingredient_checkbox_69f37432b764a\" aria-label=\"1 cuil. \u00e0 caf\u00e9 de miel ou sirop d&#8217;agave\"><label for=\"ingredient_checkbox_69f37432b764a\"><\/label><\/span><span data-amount=\"1\">1<\/span> cuil. \u00e0 caf\u00e9 de miel ou sirop d&#8217;agave<\/li>\n<li data-tr-ingredient-checkbox=\"\"><span class=\"tr-ingredient-checkbox-container\"><input type=\"checkbox\" name=\"ingredient_checkbox_69f37432b7656\" id=\"ingredient_checkbox_69f37432b7656\" aria-label=\"Sel et poivre du moulin\"><label for=\"ingredient_checkbox_69f37432b7656\"><\/label><\/span>Sel et poivre du moulin<\/li>\n<\/ul>\n<p><!--INSIDE_INGREDIENTS--><\/p>\n            <\/div>\r\n            <div class=\"tasty-recipes-cook-mode\">\n\t<div class=\"tasty-recipes-cook-mode__container\">\n\t\t<label class=\"tasty-recipes-cook-mode__switch\">\n\t\t\t<input type=\"checkbox\" id=\"tasty_recipes_69f37432b8d0f_cookmode\">\n\t\t\t<span class=\"tasty-recipes-cook-mode__switch-slider tasty-recipes-cook-mode__switch-round\"\n\t\t\t\tdata-tasty-recipes-customization=\"button-color.background button-text-color.color\"><\/span>\n\t\t<\/label>\n\t\t<label for=\"tasty_recipes_69f37432b8d0f_cookmode\">\n\t\t\t<span class=\"tasty-recipes-cook-mode__label\">Cook Mode<\/span>\n\t\t\t<span class=\"tasty-recipes-cook-mode__helper\">\n\t\t\t\tPrevent your screen from going dark\t\t\t<\/span>\n\t\t<\/label>\n\t<\/div>\n<\/div>\n        <\/div>\r\n    \r\n            <div class=\"tasty-recipes-instructions\">\r\n            <div class=\"tasty-recipes-instructions-header\">\r\n                <h3>Instructions<\/h3>\r\n                            <\/div>\r\n            <div class=\"tasty-recipes-instructions-body\">\r\n                <ol class=\"is-style-circles\">\n<li id=\"instruction-step-1\">Placer la past\u00e8que coup\u00e9e en cubes dans un saladier. Ajouter le concombre, l&#8217;oignon rouge*, la feta et la menthe. Couvrir et laisser refroidir 30 minutes au r\u00e9frig\u00e9rateur.<\/li>\n<li id=\"instruction-step-2\">Dans un bol, fouetter ensemble l&#8217;huile d&#8217;olive, le vinaigre balsamique, le jus de citron, le miel, le sel et le poivre.<\/li>\n<li id=\"instruction-step-3\">Verser la vinaigrette par-dessus la salade, m\u00e9langer d\u00e9licatement de telle sorte \u00e0 ne pas \u00e9craser la past\u00e8que et servir aussit\u00f4t. Bon app\u00e9tit !<\/li>\n<\/ol>\n            <\/div>\r\n        <\/div>\r\n    \r\n    \r\n    \r\n            <div class=\"tasty-recipes-notes notop nobot\">\r\n            <h3>Notes<\/h3>\r\n            <div class=\"tasty-recipes-notes-body\">\r\n                <p>* Si vous \u00eates sensibles aux oignons crus ou bien tout simplement que vous n&#8217;aimez pas \u00e7a, il est parfaitement possible de s&#8217;en passer dans la recette.<\/p>\n            <\/div>\r\n        <\/div>\r\n    \r\n    \r\n    \r\n    \r\n    \r\n    <\/div>\r\n\r\n\r\n\r\n<div class=\"postcats\">\r\n\t<a href=\"https:\/\/www.delscookingtwist.com\/fr\/categorie\/recettes\/accompagnements\/\">Accompagnements<\/a>, <a href=\"https:\/\/www.delscookingtwist.com\/fr\/categorie\/recettes\/aperitifs\/\">Ap\u00e9ritifs<\/a>, <a href=\"https:\/\/www.delscookingtwist.com\/fr\/style-fr\/facile-et-rapide\/\">Facile et rapide<\/a>, <a href=\"https:\/\/www.delscookingtwist.com\/fr\/regime\/recettes-saines\/\">Recettes saines<\/a>, <a href=\"https:\/\/www.delscookingtwist.com\/fr\/categorie\/recettes\/plats\/salades-bowls\/\">Salades &amp; bowls<\/a>, <a href=\"https:\/\/www.delscookingtwist.com\/fr\/regime\/sans-gluten\/\">Sans gluten<\/a>, <a href=\"https:\/\/www.delscookingtwist.com\/fr\/regime\/vegetarien\/\">V\u00e9g\u00e9tarien<\/a>, <a href=\"https:\/\/www.delscookingtwist.com\/fr\/saison\/ete\/\">\u00c9t\u00e9<\/a><\/div>\r\n\r\n<div class=\"contentbox contentbox-lightpink notop nobot\">\r\n        <h2>Avez-vous r\u00e9alis\u00e9 cette recette ?<\/h2>\r\n        <p>Enfin, si vous r\u00e9alisez cette Salade de past\u00e8que, feta et menthe, merci de me laisser un petit commentaire et\/ou de noter la recette. Et bien s\u00fbr, n\u2019oubliez pas de me taguer sur <a href=\"https:\/\/instagram.com\/delscookingtwist\/\" target=\"_blank\">Instagram<\/a>, j\u2019adore voir vos r\u00e9alisations. Bon app\u00e9tit !<\/p>\n<\/div>\r\n\r\n<\/div>\n\n\n<figure class=\"wp-block-image\"><img decoding=\"async\" width=\"1200\" height=\"1800\" src=\"https:\/\/www.delscookingtwist.com\/wp-content\/uploads\/2022\/06\/Watermelon-Salad-with-Feta-and-Mint_5.jpg\" alt=\"La salade de past\u00e8que, feta et menthe est \u00e0 la fois color\u00e9e, rafra\u00eechissante et ultra simple \u00e0 pr\u00e9parer. Pr\u00eate en quelques minutes, c'est une salade id\u00e9ale pour l'\u00e9t\u00e9.\" class=\"wp-image-46448\" srcset=\"https:\/\/www.delscookingtwist.com\/wp-content\/uploads\/2022\/06\/Watermelon-Salad-with-Feta-and-Mint_5.jpg 1200w, https:\/\/www.delscookingtwist.com\/wp-content\/uploads\/2022\/06\/Watermelon-Salad-with-Feta-and-Mint_5-200x300.jpg 200w, https:\/\/www.delscookingtwist.com\/wp-content\/uploads\/2022\/06\/Watermelon-Salad-with-Feta-and-Mint_5-683x1024.jpg 683w, https:\/\/www.delscookingtwist.com\/wp-content\/uploads\/2022\/06\/Watermelon-Salad-with-Feta-and-Mint_5-768x1152.jpg 768w, https:\/\/www.delscookingtwist.com\/wp-content\/uploads\/2022\/06\/Watermelon-Salad-with-Feta-and-Mint_5-1024x1536.jpg 1024w\" sizes=\"(max-width: 770px) calc(100vw - 40px), 730px\" \/><\/figure>\n","protected":false},"excerpt":{"rendered":"<p>La salade de past\u00e8que, feta et menthe est \u00e0 la fois color\u00e9e, rafra\u00eechissante et ultra simple \u00e0 pr\u00e9parer. Pr\u00eate en quelques minutes, c&#8217;est une salade id\u00e9ale pour l&#8217;\u00e9t\u00e9. Lorsqu&#8217;il fait trop chaud pour cuisiner, rien de tel qu&#8217;une salade l\u00e9g\u00e8re, comme celle-ci qui met \u00e0 l&#8217;honneur la past\u00e8que. On y retrouve des saveurs toutes simples [&hellip;]<\/p>\n","protected":false},"author":1,"featured_media":46446,"comment_status":"open","ping_status":"open","sticky":false,"template":"","format":"standard","meta":{"_acf_changed":false,"_monsterinsights_skip_tracking":false,"_monsterinsights_sitenote_active":false,"_monsterinsights_sitenote_note":"","_monsterinsights_sitenote_category":0,"footnotes":""},"categories":[41396,41337,41400],"tags":[39987],"del_style":[41357],"del_diet":[41360,41359,41364],"del_seasonal":[41367],"del_occasion":[],"del_ingredient":[],"class_list":["post-46434","post","type-post","status-publish","format-standard","has-post-thumbnail","hentry","category-accompagnements","category-aperitifs","category-salades-bowls","tag-summer-salad-fr","del_style-facile-et-rapide","del_diet-recettes-saines","del_diet-sans-gluten","del_diet-vegetarien","del_seasonal-ete"],"acf":[],"yoast_head":"<!-- This site is optimized with the Yoast SEO Premium plugin v27.4 (Yoast SEO v27.4) - https:\/\/yoast.com\/product\/yoast-seo-premium-wordpress\/ -->\n<title>Salade de past\u00e8que, feta et menthe - Del&#039;s cooking twist<\/title>\n<meta name=\"description\" content=\"La salade de past\u00e8que, feta et menthe est \u00e0 la fois color\u00e9e, rafra\u00eechissante et ultra simple \u00e0 pr\u00e9parer. C&#039;est une salade id\u00e9ale pour l&#039;\u00e9t\u00e9.\" \/>\n<meta name=\"robots\" content=\"index, follow, max-snippet:-1, max-image-preview:large, max-video-preview:-1\" \/>\n<link rel=\"canonical\" href=\"https:\/\/www.delscookingtwist.com\/fr\/salade-de-pasteque-feta-et-menthe\/\" \/>\n<meta property=\"og:locale\" content=\"fr_FR\" \/>\n<meta property=\"og:type\" content=\"article\" \/>\n<meta property=\"og:title\" content=\"Salade de past\u00e8que, feta et menthe\" \/>\n<meta property=\"og:description\" content=\"La salade de past\u00e8que, feta et menthe est \u00e0 la fois color\u00e9e, rafra\u00eechissante et ultra simple \u00e0 pr\u00e9parer. C&#039;est une salade id\u00e9ale pour l&#039;\u00e9t\u00e9.\" \/>\n<meta property=\"og:url\" content=\"https:\/\/www.delscookingtwist.com\/fr\/salade-de-pasteque-feta-et-menthe\/\" \/>\n<meta property=\"og:site_name\" content=\"Del&#039;s cooking twist\" \/>\n<meta property=\"article:publisher\" content=\"https:\/\/www.facebook.com\/pages\/Dels-cooking-twist\/158928514282620\" \/>\n<meta property=\"article:published_time\" content=\"2022-06-22T17:22:41+00:00\" \/>\n<meta property=\"article:modified_time\" content=\"2024-08-12T18:01:33+00:00\" \/>\n<meta property=\"og:image\" content=\"https:\/\/www.delscookingtwist.com\/wp-content\/uploads\/2022\/06\/Watermelon-Salad-with-Feta-and-Mint_4.jpg\" \/>\n\t<meta property=\"og:image:width\" content=\"1200\" \/>\n\t<meta property=\"og:image:height\" content=\"1800\" \/>\n\t<meta property=\"og:image:type\" content=\"image\/jpeg\" \/>\n<meta name=\"author\" content=\"Delphine Fortin\" \/>\n<meta name=\"twitter:card\" content=\"summary_large_image\" \/>\n<meta name=\"twitter:creator\" content=\"@delstwist\" \/>\n<meta name=\"twitter:site\" content=\"@delstwist\" \/>\n<meta name=\"twitter:label1\" content=\"\u00c9crit par\" \/>\n\t<meta name=\"twitter:data1\" content=\"Delphine Fortin\" \/>\n\t<meta name=\"twitter:label2\" content=\"Dur\u00e9e de lecture estim\u00e9e\" \/>\n\t<meta name=\"twitter:data2\" content=\"5 minutes\" \/>\n<script type=\"application\/ld+json\" class=\"yoast-schema-graph\">{\"@context\":\"https:\\\/\\\/schema.org\",\"@graph\":[{\"@type\":\"Article\",\"@id\":\"https:\\\/\\\/www.delscookingtwist.com\\\/fr\\\/salade-de-pasteque-feta-et-menthe\\\/#article\",\"isPartOf\":{\"@id\":\"https:\\\/\\\/www.delscookingtwist.com\\\/fr\\\/salade-de-pasteque-feta-et-menthe\\\/\"},\"author\":{\"name\":\"Delphine Fortin\",\"@id\":\"https:\\\/\\\/www.delscookingtwist.com\\\/fr\\\/#\\\/schema\\\/person\\\/3e4febf518c8a60ed3c5ada91c175c91\"},\"headline\":\"Salade de past\u00e8que, feta et menthe\",\"datePublished\":\"2022-06-22T17:22:41+00:00\",\"dateModified\":\"2024-08-12T18:01:33+00:00\",\"mainEntityOfPage\":{\"@id\":\"https:\\\/\\\/www.delscookingtwist.com\\\/fr\\\/salade-de-pasteque-feta-et-menthe\\\/\"},\"wordCount\":714,\"commentCount\":10,\"publisher\":{\"@id\":\"https:\\\/\\\/www.delscookingtwist.com\\\/fr\\\/#organization\"},\"image\":{\"@id\":\"https:\\\/\\\/www.delscookingtwist.com\\\/fr\\\/salade-de-pasteque-feta-et-menthe\\\/#primaryimage\"},\"thumbnailUrl\":\"https:\\\/\\\/www.delscookingtwist.com\\\/wp-content\\\/uploads\\\/2022\\\/06\\\/Watermelon-Salad-with-Feta-and-Mint_4.jpg\",\"keywords\":[\"summer salad\"],\"articleSection\":[\"Accompagnements\",\"Ap\u00e9ritifs\",\"Salades &amp; bowls\"],\"inLanguage\":\"fr-FR\",\"potentialAction\":[{\"@type\":\"CommentAction\",\"name\":\"Comment\",\"target\":[\"https:\\\/\\\/www.delscookingtwist.com\\\/fr\\\/salade-de-pasteque-feta-et-menthe\\\/#respond\"]}]},{\"@type\":\"WebPage\",\"@id\":\"https:\\\/\\\/www.delscookingtwist.com\\\/fr\\\/salade-de-pasteque-feta-et-menthe\\\/\",\"url\":\"https:\\\/\\\/www.delscookingtwist.com\\\/fr\\\/salade-de-pasteque-feta-et-menthe\\\/\",\"name\":\"Salade de past\u00e8que, feta et menthe - Del&#039;s cooking twist\",\"isPartOf\":{\"@id\":\"https:\\\/\\\/www.delscookingtwist.com\\\/fr\\\/#website\"},\"primaryImageOfPage\":{\"@id\":\"https:\\\/\\\/www.delscookingtwist.com\\\/fr\\\/salade-de-pasteque-feta-et-menthe\\\/#primaryimage\"},\"image\":{\"@id\":\"https:\\\/\\\/www.delscookingtwist.com\\\/fr\\\/salade-de-pasteque-feta-et-menthe\\\/#primaryimage\"},\"thumbnailUrl\":\"https:\\\/\\\/www.delscookingtwist.com\\\/wp-content\\\/uploads\\\/2022\\\/06\\\/Watermelon-Salad-with-Feta-and-Mint_4.jpg\",\"datePublished\":\"2022-06-22T17:22:41+00:00\",\"dateModified\":\"2024-08-12T18:01:33+00:00\",\"description\":\"La salade de past\u00e8que, feta et menthe est \u00e0 la fois color\u00e9e, rafra\u00eechissante et ultra simple \u00e0 pr\u00e9parer. C'est une salade id\u00e9ale pour l'\u00e9t\u00e9.\",\"breadcrumb\":{\"@id\":\"https:\\\/\\\/www.delscookingtwist.com\\\/fr\\\/salade-de-pasteque-feta-et-menthe\\\/#breadcrumb\"},\"inLanguage\":\"fr-FR\",\"potentialAction\":[{\"@type\":\"ReadAction\",\"target\":[\"https:\\\/\\\/www.delscookingtwist.com\\\/fr\\\/salade-de-pasteque-feta-et-menthe\\\/\"]}]},{\"@type\":\"ImageObject\",\"inLanguage\":\"fr-FR\",\"@id\":\"https:\\\/\\\/www.delscookingtwist.com\\\/fr\\\/salade-de-pasteque-feta-et-menthe\\\/#primaryimage\",\"url\":\"https:\\\/\\\/www.delscookingtwist.com\\\/wp-content\\\/uploads\\\/2022\\\/06\\\/Watermelon-Salad-with-Feta-and-Mint_4.jpg\",\"contentUrl\":\"https:\\\/\\\/www.delscookingtwist.com\\\/wp-content\\\/uploads\\\/2022\\\/06\\\/Watermelon-Salad-with-Feta-and-Mint_4.jpg\",\"width\":1200,\"height\":1800,\"caption\":\"La salade de past\u00e8que, feta et menthe est \u00e0 la fois color\u00e9e, rafra\u00eechissante et ultra simple \u00e0 pr\u00e9parer. Pr\u00eate en quelques minutes, c'est une salade id\u00e9ale pour l'\u00e9t\u00e9.\"},{\"@type\":\"BreadcrumbList\",\"@id\":\"https:\\\/\\\/www.delscookingtwist.com\\\/fr\\\/salade-de-pasteque-feta-et-menthe\\\/#breadcrumb\",\"itemListElement\":[{\"@type\":\"ListItem\",\"position\":1,\"name\":\"Accueil\",\"item\":\"https:\\\/\\\/www.delscookingtwist.com\\\/fr\\\/\"},{\"@type\":\"ListItem\",\"position\":2,\"name\":\"Recipes\",\"item\":\"https:\\\/\\\/www.delscookingtwist.com\\\/recipe-index\\\/\"},{\"@type\":\"ListItem\",\"position\":3,\"name\":\"Accompagnements\",\"item\":\"https:\\\/\\\/www.delscookingtwist.com\\\/fr\\\/categorie\\\/recettes\\\/accompagnements\\\/\"},{\"@type\":\"ListItem\",\"position\":4,\"name\":\"Salade de past\u00e8que, feta et menthe\"}]},{\"@type\":\"WebSite\",\"@id\":\"https:\\\/\\\/www.delscookingtwist.com\\\/fr\\\/#website\",\"url\":\"https:\\\/\\\/www.delscookingtwist.com\\\/fr\\\/\",\"name\":\"Del&#039;s cooking twist\",\"description\":\"Plant-based | Wholesome | Organic\",\"publisher\":{\"@id\":\"https:\\\/\\\/www.delscookingtwist.com\\\/fr\\\/#organization\"},\"potentialAction\":[{\"@type\":\"SearchAction\",\"target\":{\"@type\":\"EntryPoint\",\"urlTemplate\":\"https:\\\/\\\/www.delscookingtwist.com\\\/fr\\\/?s={search_term_string}\"},\"query-input\":{\"@type\":\"PropertyValueSpecification\",\"valueRequired\":true,\"valueName\":\"search_term_string\"}}],\"inLanguage\":\"fr-FR\"},{\"@type\":\"Organization\",\"@id\":\"https:\\\/\\\/www.delscookingtwist.com\\\/fr\\\/#organization\",\"name\":\"Del's cooking twist\",\"url\":\"https:\\\/\\\/www.delscookingtwist.com\\\/fr\\\/\",\"logo\":{\"@type\":\"ImageObject\",\"inLanguage\":\"fr-FR\",\"@id\":\"https:\\\/\\\/www.delscookingtwist.com\\\/fr\\\/#\\\/schema\\\/logo\\\/image\\\/\",\"url\":\"https:\\\/\\\/www.delscookingtwist.com\\\/wp-content\\\/uploads\\\/2021\\\/04\\\/Del_sCookingTwist-1200x1200-1.png\",\"contentUrl\":\"https:\\\/\\\/www.delscookingtwist.com\\\/wp-content\\\/uploads\\\/2021\\\/04\\\/Del_sCookingTwist-1200x1200-1.png\",\"width\":1200,\"height\":1200,\"caption\":\"Del's cooking twist\"},\"image\":{\"@id\":\"https:\\\/\\\/www.delscookingtwist.com\\\/fr\\\/#\\\/schema\\\/logo\\\/image\\\/\"},\"sameAs\":[\"https:\\\/\\\/www.facebook.com\\\/pages\\\/Dels-cooking-twist\\\/158928514282620\",\"https:\\\/\\\/x.com\\\/delstwist\",\"https:\\\/\\\/instagram.com\\\/delscookingtwist\",\"https:\\\/\\\/www.linkedin.com\\\/company\\\/15256060\\\/\",\"https:\\\/\\\/www.pinterest.com\\\/delstwist\\\/\",\"https:\\\/\\\/www.youtube.com\\\/channel\\\/UCX4VXKZduK2vq8vYIe4IxwQ\"]},{\"@type\":\"Person\",\"@id\":\"https:\\\/\\\/www.delscookingtwist.com\\\/fr\\\/#\\\/schema\\\/person\\\/3e4febf518c8a60ed3c5ada91c175c91\",\"name\":\"Delphine Fortin\",\"image\":{\"@type\":\"ImageObject\",\"inLanguage\":\"fr-FR\",\"@id\":\"https:\\\/\\\/secure.gravatar.com\\\/avatar\\\/5f92ca31747492f2cc54e3357d21beb304e04824c6ba020a3c6e892130f111ee?s=96&d=mm&r=g\",\"url\":\"https:\\\/\\\/secure.gravatar.com\\\/avatar\\\/5f92ca31747492f2cc54e3357d21beb304e04824c6ba020a3c6e892130f111ee?s=96&d=mm&r=g\",\"contentUrl\":\"https:\\\/\\\/secure.gravatar.com\\\/avatar\\\/5f92ca31747492f2cc54e3357d21beb304e04824c6ba020a3c6e892130f111ee?s=96&d=mm&r=g\",\"caption\":\"Delphine Fortin\"},\"description\":\"Hi! I'm a French girl living in Sweden. I have loved cooking, baking and creating new recipes ever since I was young. I love my treats sweet or salty, depending on my mood, but they have to be delicious with a possibly \\\"twist\\\", my personal touch actually. That's why I finally came to the point that I somehow had to share my recipes with you and try out to teach you this little cooking twist which is mine. Whatever the recipe, there is two things you have to think about when you're cooking: use the true ingredients (no sweeteners or light products, never ever) and think fresh (no frozen ingredients). Here is the best way to eat healthy! I also love travelling and try to get inspiration from other cultures, that's why I want to tips you about the best places to eat in Paris, Stockholm, or every other places I tried and loved! Hope you will like my recipes (but fore sure you will) and give me back 'your' personal twist then!\",\"sameAs\":[\"https:\\\/\\\/www.delscookingtwist.com\\\/about-me\\\/\"],\"url\":\"https:\\\/\\\/www.delscookingtwist.com\\\/fr\\\/author\\\/del\\\/\"}]}<\/script>\n<!-- \/ Yoast SEO Premium plugin. -->","yoast_head_json":{"title":"Salade de past\u00e8que, feta et menthe - Del&#039;s cooking twist","description":"La salade de past\u00e8que, feta et menthe est \u00e0 la fois color\u00e9e, rafra\u00eechissante et ultra simple \u00e0 pr\u00e9parer. C'est une salade id\u00e9ale pour l'\u00e9t\u00e9.","robots":{"index":"index","follow":"follow","max-snippet":"max-snippet:-1","max-image-preview":"max-image-preview:large","max-video-preview":"max-video-preview:-1"},"canonical":"https:\/\/www.delscookingtwist.com\/fr\/salade-de-pasteque-feta-et-menthe\/","og_locale":"fr_FR","og_type":"article","og_title":"Salade de past\u00e8que, feta et menthe","og_description":"La salade de past\u00e8que, feta et menthe est \u00e0 la fois color\u00e9e, rafra\u00eechissante et ultra simple \u00e0 pr\u00e9parer. C'est une salade id\u00e9ale pour l'\u00e9t\u00e9.","og_url":"https:\/\/www.delscookingtwist.com\/fr\/salade-de-pasteque-feta-et-menthe\/","og_site_name":"Del&#039;s cooking twist","article_publisher":"https:\/\/www.facebook.com\/pages\/Dels-cooking-twist\/158928514282620","article_published_time":"2022-06-22T17:22:41+00:00","article_modified_time":"2024-08-12T18:01:33+00:00","og_image":[{"width":1200,"height":1800,"url":"https:\/\/www.delscookingtwist.com\/wp-content\/uploads\/2022\/06\/Watermelon-Salad-with-Feta-and-Mint_4.jpg","type":"image\/jpeg"}],"author":"Delphine Fortin","twitter_card":"summary_large_image","twitter_creator":"@delstwist","twitter_site":"@delstwist","twitter_misc":{"\u00c9crit par":"Delphine Fortin","Dur\u00e9e de lecture estim\u00e9e":"5 minutes"},"schema":{"@context":"https:\/\/schema.org","@graph":[{"@type":"Article","@id":"https:\/\/www.delscookingtwist.com\/fr\/salade-de-pasteque-feta-et-menthe\/#article","isPartOf":{"@id":"https:\/\/www.delscookingtwist.com\/fr\/salade-de-pasteque-feta-et-menthe\/"},"author":{"name":"Delphine Fortin","@id":"https:\/\/www.delscookingtwist.com\/fr\/#\/schema\/person\/3e4febf518c8a60ed3c5ada91c175c91"},"headline":"Salade de past\u00e8que, feta et menthe","datePublished":"2022-06-22T17:22:41+00:00","dateModified":"2024-08-12T18:01:33+00:00","mainEntityOfPage":{"@id":"https:\/\/www.delscookingtwist.com\/fr\/salade-de-pasteque-feta-et-menthe\/"},"wordCount":714,"commentCount":10,"publisher":{"@id":"https:\/\/www.delscookingtwist.com\/fr\/#organization"},"image":{"@id":"https:\/\/www.delscookingtwist.com\/fr\/salade-de-pasteque-feta-et-menthe\/#primaryimage"},"thumbnailUrl":"https:\/\/www.delscookingtwist.com\/wp-content\/uploads\/2022\/06\/Watermelon-Salad-with-Feta-and-Mint_4.jpg","keywords":["summer salad"],"articleSection":["Accompagnements","Ap\u00e9ritifs","Salades &amp; bowls"],"inLanguage":"fr-FR","potentialAction":[{"@type":"CommentAction","name":"Comment","target":["https:\/\/www.delscookingtwist.com\/fr\/salade-de-pasteque-feta-et-menthe\/#respond"]}]},{"@type":"WebPage","@id":"https:\/\/www.delscookingtwist.com\/fr\/salade-de-pasteque-feta-et-menthe\/","url":"https:\/\/www.delscookingtwist.com\/fr\/salade-de-pasteque-feta-et-menthe\/","name":"Salade de past\u00e8que, feta et menthe - Del&#039;s cooking twist","isPartOf":{"@id":"https:\/\/www.delscookingtwist.com\/fr\/#website"},"primaryImageOfPage":{"@id":"https:\/\/www.delscookingtwist.com\/fr\/salade-de-pasteque-feta-et-menthe\/#primaryimage"},"image":{"@id":"https:\/\/www.delscookingtwist.com\/fr\/salade-de-pasteque-feta-et-menthe\/#primaryimage"},"thumbnailUrl":"https:\/\/www.delscookingtwist.com\/wp-content\/uploads\/2022\/06\/Watermelon-Salad-with-Feta-and-Mint_4.jpg","datePublished":"2022-06-22T17:22:41+00:00","dateModified":"2024-08-12T18:01:33+00:00","description":"La salade de past\u00e8que, feta et menthe est \u00e0 la fois color\u00e9e, rafra\u00eechissante et ultra simple \u00e0 pr\u00e9parer. C'est une salade id\u00e9ale pour l'\u00e9t\u00e9.","breadcrumb":{"@id":"https:\/\/www.delscookingtwist.com\/fr\/salade-de-pasteque-feta-et-menthe\/#breadcrumb"},"inLanguage":"fr-FR","potentialAction":[{"@type":"ReadAction","target":["https:\/\/www.delscookingtwist.com\/fr\/salade-de-pasteque-feta-et-menthe\/"]}]},{"@type":"ImageObject","inLanguage":"fr-FR","@id":"https:\/\/www.delscookingtwist.com\/fr\/salade-de-pasteque-feta-et-menthe\/#primaryimage","url":"https:\/\/www.delscookingtwist.com\/wp-content\/uploads\/2022\/06\/Watermelon-Salad-with-Feta-and-Mint_4.jpg","contentUrl":"https:\/\/www.delscookingtwist.com\/wp-content\/uploads\/2022\/06\/Watermelon-Salad-with-Feta-and-Mint_4.jpg","width":1200,"height":1800,"caption":"La salade de past\u00e8que, feta et menthe est \u00e0 la fois color\u00e9e, rafra\u00eechissante et ultra simple \u00e0 pr\u00e9parer. Pr\u00eate en quelques minutes, c'est une salade id\u00e9ale pour l'\u00e9t\u00e9."},{"@type":"BreadcrumbList","@id":"https:\/\/www.delscookingtwist.com\/fr\/salade-de-pasteque-feta-et-menthe\/#breadcrumb","itemListElement":[{"@type":"ListItem","position":1,"name":"Accueil","item":"https:\/\/www.delscookingtwist.com\/fr\/"},{"@type":"ListItem","position":2,"name":"Recipes","item":"https:\/\/www.delscookingtwist.com\/recipe-index\/"},{"@type":"ListItem","position":3,"name":"Accompagnements","item":"https:\/\/www.delscookingtwist.com\/fr\/categorie\/recettes\/accompagnements\/"},{"@type":"ListItem","position":4,"name":"Salade de past\u00e8que, feta et menthe"}]},{"@type":"WebSite","@id":"https:\/\/www.delscookingtwist.com\/fr\/#website","url":"https:\/\/www.delscookingtwist.com\/fr\/","name":"Del&#039;s cooking twist","description":"Plant-based | Wholesome | Organic","publisher":{"@id":"https:\/\/www.delscookingtwist.com\/fr\/#organization"},"potentialAction":[{"@type":"SearchAction","target":{"@type":"EntryPoint","urlTemplate":"https:\/\/www.delscookingtwist.com\/fr\/?s={search_term_string}"},"query-input":{"@type":"PropertyValueSpecification","valueRequired":true,"valueName":"search_term_string"}}],"inLanguage":"fr-FR"},{"@type":"Organization","@id":"https:\/\/www.delscookingtwist.com\/fr\/#organization","name":"Del's cooking twist","url":"https:\/\/www.delscookingtwist.com\/fr\/","logo":{"@type":"ImageObject","inLanguage":"fr-FR","@id":"https:\/\/www.delscookingtwist.com\/fr\/#\/schema\/logo\/image\/","url":"https:\/\/www.delscookingtwist.com\/wp-content\/uploads\/2021\/04\/Del_sCookingTwist-1200x1200-1.png","contentUrl":"https:\/\/www.delscookingtwist.com\/wp-content\/uploads\/2021\/04\/Del_sCookingTwist-1200x1200-1.png","width":1200,"height":1200,"caption":"Del's cooking twist"},"image":{"@id":"https:\/\/www.delscookingtwist.com\/fr\/#\/schema\/logo\/image\/"},"sameAs":["https:\/\/www.facebook.com\/pages\/Dels-cooking-twist\/158928514282620","https:\/\/x.com\/delstwist","https:\/\/instagram.com\/delscookingtwist","https:\/\/www.linkedin.com\/company\/15256060\/","https:\/\/www.pinterest.com\/delstwist\/","https:\/\/www.youtube.com\/channel\/UCX4VXKZduK2vq8vYIe4IxwQ"]},{"@type":"Person","@id":"https:\/\/www.delscookingtwist.com\/fr\/#\/schema\/person\/3e4febf518c8a60ed3c5ada91c175c91","name":"Delphine Fortin","image":{"@type":"ImageObject","inLanguage":"fr-FR","@id":"https:\/\/secure.gravatar.com\/avatar\/5f92ca31747492f2cc54e3357d21beb304e04824c6ba020a3c6e892130f111ee?s=96&d=mm&r=g","url":"https:\/\/secure.gravatar.com\/avatar\/5f92ca31747492f2cc54e3357d21beb304e04824c6ba020a3c6e892130f111ee?s=96&d=mm&r=g","contentUrl":"https:\/\/secure.gravatar.com\/avatar\/5f92ca31747492f2cc54e3357d21beb304e04824c6ba020a3c6e892130f111ee?s=96&d=mm&r=g","caption":"Delphine Fortin"},"description":"Hi! I'm a French girl living in Sweden. I have loved cooking, baking and creating new recipes ever since I was young. I love my treats sweet or salty, depending on my mood, but they have to be delicious with a possibly \"twist\", my personal touch actually. That's why I finally came to the point that I somehow had to share my recipes with you and try out to teach you this little cooking twist which is mine. Whatever the recipe, there is two things you have to think about when you're cooking: use the true ingredients (no sweeteners or light products, never ever) and think fresh (no frozen ingredients). Here is the best way to eat healthy! I also love travelling and try to get inspiration from other cultures, that's why I want to tips you about the best places to eat in Paris, Stockholm, or every other places I tried and loved! Hope you will like my recipes (but fore sure you will) and give me back 'your' personal twist then!","sameAs":["https:\/\/www.delscookingtwist.com\/about-me\/"],"url":"https:\/\/www.delscookingtwist.com\/fr\/author\/del\/"}]}},"_links":{"self":[{"href":"https:\/\/www.delscookingtwist.com\/fr\/wp-json\/wp\/v2\/posts\/46434","targetHints":{"allow":["GET"]}}],"collection":[{"href":"https:\/\/www.delscookingtwist.com\/fr\/wp-json\/wp\/v2\/posts"}],"about":[{"href":"https:\/\/www.delscookingtwist.com\/fr\/wp-json\/wp\/v2\/types\/post"}],"author":[{"embeddable":true,"href":"https:\/\/www.delscookingtwist.com\/fr\/wp-json\/wp\/v2\/users\/1"}],"replies":[{"embeddable":true,"href":"https:\/\/www.delscookingtwist.com\/fr\/wp-json\/wp\/v2\/comments?post=46434"}],"version-history":[{"count":0,"href":"https:\/\/www.delscookingtwist.com\/fr\/wp-json\/wp\/v2\/posts\/46434\/revisions"}],"wp:featuredmedia":[{"embeddable":true,"href":"https:\/\/www.delscookingtwist.com\/fr\/wp-json\/wp\/v2\/media\/46446"}],"wp:attachment":[{"href":"https:\/\/www.delscookingtwist.com\/fr\/wp-json\/wp\/v2\/media?parent=46434"}],"wp:term":[{"taxonomy":"category","embeddable":true,"href":"https:\/\/www.delscookingtwist.com\/fr\/wp-json\/wp\/v2\/categories?post=46434"},{"taxonomy":"post_tag","embeddable":true,"href":"https:\/\/www.delscookingtwist.com\/fr\/wp-json\/wp\/v2\/tags?post=46434"},{"taxonomy":"del_style","embeddable":true,"href":"https:\/\/www.delscookingtwist.com\/fr\/wp-json\/wp\/v2\/del_style?post=46434"},{"taxonomy":"del_diet","embeddable":true,"href":"https:\/\/www.delscookingtwist.com\/fr\/wp-json\/wp\/v2\/del_diet?post=46434"},{"taxonomy":"del_seasonal","embeddable":true,"href":"https:\/\/www.delscookingtwist.com\/fr\/wp-json\/wp\/v2\/del_seasonal?post=46434"},{"taxonomy":"del_occasion","embeddable":true,"href":"https:\/\/www.delscookingtwist.com\/fr\/wp-json\/wp\/v2\/del_occasion?post=46434"},{"taxonomy":"del_ingredient","embeddable":true,"href":"https:\/\/www.delscookingtwist.com\/fr\/wp-json\/wp\/v2\/del_ingredient?post=46434"}],"curies":[{"name":"wp","href":"https:\/\/api.w.org\/{rel}","templated":true}]}}