{"id":29481,"date":"2017-08-08T05:01:29","date_gmt":"2017-08-08T12:01:29","guid":{"rendered":"http:\/\/www.delscookingtwist.com\/2017\/08\/08\/salade-jar-de-quinoa-abricots-secs-feta-avec-une-vinaigrette-au-curry\/"},"modified":"2022-07-07T11:32:37","modified_gmt":"2022-07-07T18:32:37","slug":"salade-jar-de-quinoa-abricots-secs-feta-avec-une-vinaigrette-au-curry","status":"publish","type":"post","link":"https:\/\/www.delscookingtwist.com\/fr\/salade-jar-de-quinoa-abricots-secs-feta-avec-une-vinaigrette-au-curry\/","title":{"rendered":"Salad Jar de quinoa, abricots et feta"},"content":{"rendered":"<p><em>D\u00e9couvrez ou red\u00e9couvrez le concept de <strong>salade en bocal<\/strong> avec cette salad jar de quinoa, abricots et feta. Parfaite pour un pique-nique ou un d\u00e9jeuner \u00e0 emporter au bureau cette salade jar \u00e0 pr\u00e9parer \u00e0 l\u2019avance est fun, color\u00e9e, et riche en saveurs sucr\u00e9es-sal\u00e9es, avec une pointe de curry. On adore !<\/em><\/p>\n<p><img decoding=\"async\" class=\"alignnone size-full wp-image-46677\" src=\"https:\/\/www.delscookingtwist.com\/wp-content\/uploads\/2022\/07\/Curried-Apricot-Quinoa-Salad-Jar_3.jpg\" alt=\"D\u00e9couvrez ou red\u00e9couvrez le concept de salade en bocal avec cette salad jar de quinoa, abricots et feta.\" width=\"1200\" height=\"1800\" srcset=\"https:\/\/www.delscookingtwist.com\/wp-content\/uploads\/2022\/07\/Curried-Apricot-Quinoa-Salad-Jar_3.jpg 1200w, https:\/\/www.delscookingtwist.com\/wp-content\/uploads\/2022\/07\/Curried-Apricot-Quinoa-Salad-Jar_3-200x300.jpg 200w, https:\/\/www.delscookingtwist.com\/wp-content\/uploads\/2022\/07\/Curried-Apricot-Quinoa-Salad-Jar_3-683x1024.jpg 683w, https:\/\/www.delscookingtwist.com\/wp-content\/uploads\/2022\/07\/Curried-Apricot-Quinoa-Salad-Jar_3-768x1152.jpg 768w, https:\/\/www.delscookingtwist.com\/wp-content\/uploads\/2022\/07\/Curried-Apricot-Quinoa-Salad-Jar_3-1024x1536.jpg 1024w\" sizes=\"(max-width: 770px) calc(100vw - 40px), 730px\" \/><\/p>\n<p>Selon que vous soyez adepte des d\u00e9jeuners \u00e0 emporter au bureau ou bien que vous pr\u00e9voyez un pique-nique estival, la salad jar trouvera sa place. Cette id\u00e9e ing\u00e9nieuse consiste \u00e0 disposer les ingr\u00e9dients en plusieurs couches dans un bocal, de telle sorte qu&#8217;ils gardent bien leur fra\u00eecheur jusqu&#8217;au moment de servir (finis les tupperwares o\u00f9 les salades ont perdu leur saveur entre le temps de pr\u00e9paration et le temps de les manger). Pour servir, il suffit ensuite d&#8217;inverser le bocal dans une assiette creuse, de bien m\u00e9langer tous les ingr\u00e9dients ensemble, et le tour est jou\u00e9.<\/p>\n<p><img decoding=\"async\" class=\"alignnone size-full wp-image-46689\" src=\"https:\/\/www.delscookingtwist.com\/wp-content\/uploads\/2022\/07\/Curried-Apricot-Quinoa-Salad-Jar_9.jpg\" alt=\"D\u00e9couvrez ou red\u00e9couvrez le concept de salade en bocal avec cette salad jar de quinoa, abricots et feta.\" width=\"1200\" height=\"1800\" srcset=\"https:\/\/www.delscookingtwist.com\/wp-content\/uploads\/2022\/07\/Curried-Apricot-Quinoa-Salad-Jar_9.jpg 1200w, https:\/\/www.delscookingtwist.com\/wp-content\/uploads\/2022\/07\/Curried-Apricot-Quinoa-Salad-Jar_9-200x300.jpg 200w, https:\/\/www.delscookingtwist.com\/wp-content\/uploads\/2022\/07\/Curried-Apricot-Quinoa-Salad-Jar_9-683x1024.jpg 683w, https:\/\/www.delscookingtwist.com\/wp-content\/uploads\/2022\/07\/Curried-Apricot-Quinoa-Salad-Jar_9-768x1152.jpg 768w, https:\/\/www.delscookingtwist.com\/wp-content\/uploads\/2022\/07\/Curried-Apricot-Quinoa-Salad-Jar_9-1024x1536.jpg 1024w\" sizes=\"(max-width: 770px) calc(100vw - 40px), 730px\" \/><\/p>\n<p>Tandis que le concept d&#8217;\u00e9tagement des ingr\u00e9dients reste le m\u00eame, il existe d&#8217;infinies variations autour de la salad jar (ou mason jar salad comme on l&#8217;appelle aussi). La version que je vous propose aujourd&#8217;hui associe des saveurs sucr\u00e9es-sal\u00e9es (abricots et feta) autour d&#8217;une base de quinoa agr\u00e9ment\u00e9e de pousses d&#8217;\u00e9pinards et d&#8217;une vinaigrette citronn\u00e9e au curry. Le tout constitue un repas sain, complet et gourmand tout \u00e0 la fois.<\/p>\n<h2>Ce qu&#8217;on aime dans le concept de salad jar :<\/h2>\n<ul>\n<li>Une salade parfaite \u00e0 emporter&#8230; &#x2714;<\/li>\n<li>&#8230; que l&#8217;on peut pr\u00e9parer \u00e0 l&#8217;avance &#x2714;<\/li>\n<li>100% v\u00e9g\u00e9tarien &#x2714;<\/li>\n<li>Une id\u00e9e saine et nutritive &#x2714;<\/li>\n<li>Le tout sans gluten\u00a0 &#x2714;<\/li>\n<li>Des saveurs fra\u00eeches et estivales &#x2714;<\/li>\n<\/ul>\n<p><img decoding=\"async\" class=\"alignnone size-full wp-image-46679\" src=\"https:\/\/www.delscookingtwist.com\/wp-content\/uploads\/2022\/07\/Curried-Apricot-Quinoa-Salad-Jar_4.jpg\" alt=\"D\u00e9couvrez ou red\u00e9couvrez le concept de salade en bocal avec cette salad jar de quinoa, abricots et feta.\" width=\"1200\" height=\"1800\" srcset=\"https:\/\/www.delscookingtwist.com\/wp-content\/uploads\/2022\/07\/Curried-Apricot-Quinoa-Salad-Jar_4.jpg 1200w, https:\/\/www.delscookingtwist.com\/wp-content\/uploads\/2022\/07\/Curried-Apricot-Quinoa-Salad-Jar_4-200x300.jpg 200w, https:\/\/www.delscookingtwist.com\/wp-content\/uploads\/2022\/07\/Curried-Apricot-Quinoa-Salad-Jar_4-683x1024.jpg 683w, https:\/\/www.delscookingtwist.com\/wp-content\/uploads\/2022\/07\/Curried-Apricot-Quinoa-Salad-Jar_4-768x1152.jpg 768w, https:\/\/www.delscookingtwist.com\/wp-content\/uploads\/2022\/07\/Curried-Apricot-Quinoa-Salad-Jar_4-1024x1536.jpg 1024w\" sizes=\"(max-width: 770px) calc(100vw - 40px), 730px\" \/><\/p>\n<h2>Quels ingr\u00e9dients pour cette salad jar de quinoa?<\/h2>\n<ul>\n<li><strong>Quinoa.<\/strong> \u00c0 la fois v\u00e9g\u00e9tarien, sain et riche en prot\u00e9ines, le quinoa est un ingr\u00e9dient essentiel dans cette salad jar de quinoa. Il est par ailleurs possible de le cuire \u00e0 l&#8217;avance.<\/li>\n<li><strong>Abricots secs.<\/strong> C&#8217;est la petite note sucr\u00e9e de la salade, qui apporte des saveurs estivales et rappellent tout \u00e0 la fois le tagine marocain. Si vous n&#8217;avez pas d&#8217;abricots secs sous la main, vous pouvez les remplacer par des figues s\u00e9ch\u00e9es, des raisins ou encore des cranberries.<\/li>\n<li><strong>Feta.<\/strong> Ce fromage fonctionne tr\u00e8s bien dans une salad jar. \u00c0 d\u00e9faut, vous pouvez le remplacer par du ch\u00e8vre frais.<\/li>\n<li><strong>Amandes effil\u00e9es.<\/strong> C&#8217;est la petite touche croustillante de la salade, on adore !<\/li>\n<li><strong>Pousses d&#8217;\u00e9pinards.<\/strong> Eh oui, il faut bien aussi la petite touche de vert \u00e0 la salade ! Vous verrez, une fois assaisonn\u00e9es avec la vinaigrette et le quinoa, c&#8217;est tout simplement d\u00e9licieux !<\/li>\n<\/ul>\n<p><img decoding=\"async\" class=\"alignnone size-full wp-image-46691\" src=\"https:\/\/www.delscookingtwist.com\/wp-content\/uploads\/2022\/07\/Curried-Apricot-Quinoa-Salad-Jar_Ingredients.jpg\" alt=\"D\u00e9couvrez ou red\u00e9couvrez le concept de salade en bocal avec cette salad jar de quinoa, abricots et feta.\" width=\"1200\" height=\"1800\" srcset=\"https:\/\/www.delscookingtwist.com\/wp-content\/uploads\/2022\/07\/Curried-Apricot-Quinoa-Salad-Jar_Ingredients.jpg 1200w, https:\/\/www.delscookingtwist.com\/wp-content\/uploads\/2022\/07\/Curried-Apricot-Quinoa-Salad-Jar_Ingredients-200x300.jpg 200w, https:\/\/www.delscookingtwist.com\/wp-content\/uploads\/2022\/07\/Curried-Apricot-Quinoa-Salad-Jar_Ingredients-683x1024.jpg 683w, https:\/\/www.delscookingtwist.com\/wp-content\/uploads\/2022\/07\/Curried-Apricot-Quinoa-Salad-Jar_Ingredients-768x1152.jpg 768w, https:\/\/www.delscookingtwist.com\/wp-content\/uploads\/2022\/07\/Curried-Apricot-Quinoa-Salad-Jar_Ingredients-1024x1536.jpg 1024w\" sizes=\"(max-width: 770px) calc(100vw - 40px), 730px\" \/><\/p>\n<h2>Une vinaigrette au citron et au curry<\/h2>\n<p>La vinaigrette au citron et au curry apporte une petite pointe l\u00e9g\u00e8rement \u00e9pic\u00e9e et citronn\u00e9e \u00e0 la salade, tout en \u00e9quilibrant les saveurs sucr\u00e9es et sal\u00e9es d\u00e9j\u00e0 pr\u00e9sentes. Pour la r\u00e9aliser, rien de plus simple : il suffit d&#8217;\u00e9mulsifier les ingr\u00e9dients dans un bol ou dans un bocal.<\/p>\n<div id='gallery-1' class='gallery galleryid-29481 gallery-columns-2 gallery-size-large'><figure class='gallery-item'>\n\t\t\t<div class='gallery-icon portrait'>\n\t\t\t\t<img decoding=\"async\" width=\"683\" height=\"1024\" src=\"https:\/\/www.delscookingtwist.com\/wp-content\/uploads\/2022\/07\/Curried-Apricot-Quinoa-Salad-Jar_Lemon-Curry-Dressing-683x1024.jpg\" class=\"attachment-large size-large\" alt=\"D\u00e9couvrez ou red\u00e9couvrez le concept de salade en bocal avec cette salad jar de quinoa, abricots et feta.\" srcset=\"https:\/\/www.delscookingtwist.com\/wp-content\/uploads\/2022\/07\/Curried-Apricot-Quinoa-Salad-Jar_Lemon-Curry-Dressing-683x1024.jpg 683w, https:\/\/www.delscookingtwist.com\/wp-content\/uploads\/2022\/07\/Curried-Apricot-Quinoa-Salad-Jar_Lemon-Curry-Dressing-200x300.jpg 200w, https:\/\/www.delscookingtwist.com\/wp-content\/uploads\/2022\/07\/Curried-Apricot-Quinoa-Salad-Jar_Lemon-Curry-Dressing-768x1152.jpg 768w, https:\/\/www.delscookingtwist.com\/wp-content\/uploads\/2022\/07\/Curried-Apricot-Quinoa-Salad-Jar_Lemon-Curry-Dressing-1024x1536.jpg 1024w, https:\/\/www.delscookingtwist.com\/wp-content\/uploads\/2022\/07\/Curried-Apricot-Quinoa-Salad-Jar_Lemon-Curry-Dressing.jpg 1200w\" sizes=\"(max-width: 723px) calc(100vw - 40px), 683px\" \/>\n\t\t\t<\/div><\/figure><figure class='gallery-item'>\n\t\t\t<div class='gallery-icon portrait'>\n\t\t\t\t<img decoding=\"async\" width=\"683\" height=\"1024\" src=\"https:\/\/www.delscookingtwist.com\/wp-content\/uploads\/2022\/07\/Curried-Apricot-Quinoa-Salad-Jar_Process-Shot-683x1024.jpg\" class=\"attachment-large size-large\" alt=\"D\u00e9couvrez ou red\u00e9couvrez le concept de salade en bocal avec cette salad jar de quinoa, abricots et feta.\" srcset=\"https:\/\/www.delscookingtwist.com\/wp-content\/uploads\/2022\/07\/Curried-Apricot-Quinoa-Salad-Jar_Process-Shot-683x1024.jpg 683w, https:\/\/www.delscookingtwist.com\/wp-content\/uploads\/2022\/07\/Curried-Apricot-Quinoa-Salad-Jar_Process-Shot-200x300.jpg 200w, https:\/\/www.delscookingtwist.com\/wp-content\/uploads\/2022\/07\/Curried-Apricot-Quinoa-Salad-Jar_Process-Shot-768x1152.jpg 768w, https:\/\/www.delscookingtwist.com\/wp-content\/uploads\/2022\/07\/Curried-Apricot-Quinoa-Salad-Jar_Process-Shot-1024x1536.jpg 1024w, https:\/\/www.delscookingtwist.com\/wp-content\/uploads\/2022\/07\/Curried-Apricot-Quinoa-Salad-Jar_Process-Shot.jpg 1200w\" sizes=\"(max-width: 723px) calc(100vw - 40px), 683px\" \/>\n\t\t\t<\/div><\/figure>\n\t\t<\/div>\n\n<h2>Comment assembler une salad jar ?<\/h2>\n<p>C&#8217;est simple, lorsqu&#8217;il s&#8217;agit de salad jar (ou salade en bocal), l&#8217;essentiel \u00e0 respecter ce sont les diff\u00e9rentes couches d&#8217;ingr\u00e9dients. C&#8217;est la cl\u00e9 pour s&#8217;assurer que chaque ingr\u00e9dient reste frais et intact, notamment pour la derni\u00e8re couche, qui est toujours celle de la salade. Voici un petit r\u00e9capitulatif pour assembler votre salade en bocal :<\/p>\n<ol>\n<li>Pr\u00e9parez\/coupez tous vos ingr\u00e9dients.<\/li>\n<li>Versez la vinaigrette dans le fond du bocal.*<\/li>\n<li>Ajoutez le quinoa.*<\/li>\n<li>Disposez les autres couches d&#8217;ingr\u00e9dients&#8230;<\/li>\n<li>&#8230; en finissant toujours par la salade.<\/li>\n<li>Fermez le bocal et conservez au r\u00e9frig\u00e9rateur jusqu&#8217;au moment de servir.<\/li>\n<\/ol>\n<p>* Dans la version que je vous propose aujourd&#8217;hui, les \u00e9tapes 2 et 3 sont combin\u00e9es en une seule \u00e9tape, car les abricots ne risquent pas de vieillir au contact du quinoa (\u00e0 l&#8217;inverse de la plupart des salad jars qui proposent des l\u00e9gumes qui fl\u00e9trissent plus vite).<\/p>\n<div id='gallery-2' class='gallery galleryid-29481 gallery-columns-2 gallery-size-large'><figure class='gallery-item'>\n\t\t\t<div class='gallery-icon portrait'>\n\t\t\t\t<img decoding=\"async\" width=\"683\" height=\"1024\" src=\"https:\/\/www.delscookingtwist.com\/wp-content\/uploads\/2022\/07\/Curried-Apricot-Quinoa-Salad-Jar_8-683x1024.jpg\" class=\"attachment-large size-large\" alt=\"D\u00e9couvrez ou red\u00e9couvrez le concept de salade en bocal avec cette salad jar de quinoa, abricots et feta.\" srcset=\"https:\/\/www.delscookingtwist.com\/wp-content\/uploads\/2022\/07\/Curried-Apricot-Quinoa-Salad-Jar_8-683x1024.jpg 683w, https:\/\/www.delscookingtwist.com\/wp-content\/uploads\/2022\/07\/Curried-Apricot-Quinoa-Salad-Jar_8-200x300.jpg 200w, https:\/\/www.delscookingtwist.com\/wp-content\/uploads\/2022\/07\/Curried-Apricot-Quinoa-Salad-Jar_8-768x1152.jpg 768w, https:\/\/www.delscookingtwist.com\/wp-content\/uploads\/2022\/07\/Curried-Apricot-Quinoa-Salad-Jar_8-1024x1536.jpg 1024w, https:\/\/www.delscookingtwist.com\/wp-content\/uploads\/2022\/07\/Curried-Apricot-Quinoa-Salad-Jar_8.jpg 1200w\" sizes=\"(max-width: 723px) calc(100vw - 40px), 683px\" \/>\n\t\t\t<\/div><\/figure><figure class='gallery-item'>\n\t\t\t<div class='gallery-icon portrait'>\n\t\t\t\t<img decoding=\"async\" width=\"683\" height=\"1024\" src=\"https:\/\/www.delscookingtwist.com\/wp-content\/uploads\/2022\/07\/Curried-Apricot-Quinoa-Salad-Jar_2-683x1024.jpg\" class=\"attachment-large size-large\" alt=\"D\u00e9couvrez ou red\u00e9couvrez le concept de salade en bocal avec cette salad jar de quinoa, abricots et feta.\" srcset=\"https:\/\/www.delscookingtwist.com\/wp-content\/uploads\/2022\/07\/Curried-Apricot-Quinoa-Salad-Jar_2-683x1024.jpg 683w, https:\/\/www.delscookingtwist.com\/wp-content\/uploads\/2022\/07\/Curried-Apricot-Quinoa-Salad-Jar_2-200x300.jpg 200w, https:\/\/www.delscookingtwist.com\/wp-content\/uploads\/2022\/07\/Curried-Apricot-Quinoa-Salad-Jar_2-768x1152.jpg 768w, https:\/\/www.delscookingtwist.com\/wp-content\/uploads\/2022\/07\/Curried-Apricot-Quinoa-Salad-Jar_2-1024x1536.jpg 1024w, https:\/\/www.delscookingtwist.com\/wp-content\/uploads\/2022\/07\/Curried-Apricot-Quinoa-Salad-Jar_2.jpg 1200w\" sizes=\"(max-width: 723px) calc(100vw - 40px), 683px\" \/>\n\t\t\t<\/div><\/figure>\n\t\t<\/div>\n\n<h2>Quelle taille de bocal utiliser ?<\/h2>\n<p>Pour r\u00e9aliser un salad jar, je trouve que la taillle id\u00e9ale est de 750 ml. J&#8217;ai ici utilis\u00e9 un <a href=\"https:\/\/www.leparfait.fr\/terrines-le-parfait-familia-wiss\">bocal Le Parfait de 750 ml<\/a> avec un couvercle herm\u00e9tique qui se visse. R\u00e9sultat impeccable.<\/p>\n<h2>Comment servir une salad jar ?<\/h2>\n<p>Bien qu&#8217;il soit tentant de manger la salade directement dans son bocal, cela n&#8217;est pas l&#8217;id\u00e9al si l&#8217;on veut que les ingr\u00e9dients soient tous bien assaisonn\u00e9s. Pour cette raison, je recommande plut\u00f4t d&#8217;inverser le bocal dans une assiette creuse et de m\u00e9langer pour bien r\u00e9partir la vinaigrette. Et voil\u00e0, une salade toute fra\u00eeche, savoureuse et bien entendu d\u00e9licieuse !<\/p>\n<p><img decoding=\"async\" class=\"alignnone size-full wp-image-46683\" src=\"https:\/\/www.delscookingtwist.com\/wp-content\/uploads\/2022\/07\/Curried-Apricot-Quinoa-Salad-Jar_6.jpg\" alt=\"D\u00e9couvrez ou red\u00e9couvrez le concept de salade en bocal avec cette salad jar de quinoa, abricots et feta.\" width=\"1200\" height=\"1800\" srcset=\"https:\/\/www.delscookingtwist.com\/wp-content\/uploads\/2022\/07\/Curried-Apricot-Quinoa-Salad-Jar_6.jpg 1200w, https:\/\/www.delscookingtwist.com\/wp-content\/uploads\/2022\/07\/Curried-Apricot-Quinoa-Salad-Jar_6-200x300.jpg 200w, https:\/\/www.delscookingtwist.com\/wp-content\/uploads\/2022\/07\/Curried-Apricot-Quinoa-Salad-Jar_6-683x1024.jpg 683w, https:\/\/www.delscookingtwist.com\/wp-content\/uploads\/2022\/07\/Curried-Apricot-Quinoa-Salad-Jar_6-768x1152.jpg 768w, https:\/\/www.delscookingtwist.com\/wp-content\/uploads\/2022\/07\/Curried-Apricot-Quinoa-Salad-Jar_6-1024x1536.jpg 1024w\" sizes=\"(max-width: 770px) calc(100vw - 40px), 730px\" \/><\/p>\n<h2>Combien de temps conserver une salad jar ?<\/h2>\n<p>Lorsque votre salade en bocal est pr\u00eate, ajouter un couvercle bien herm\u00e9tique et conservez-la au r\u00e9frig\u00e9rateur pendant 4 \u00e0 5 jours.<\/p>\n<h2>Autres recettes de salades estivales :<\/h2>\n<ul>\n<li><a href=\"https:\/\/www.delscookingtwist.com\/fr\/salade-de-couscous-mediterraneenne-aux-pois-chiches\/\">Salade de couscous m\u00e9diterran\u00e9enne aux pois chiches<\/a><\/li>\n<li><a href=\"https:\/\/www.delscookingtwist.com\/vegan-thai-peanut-quinoa-salad-gluten-free\/\">Salade Thai au quinoa et sauce aux cacahu\u00e8tes<\/a><\/li>\n<li><a href=\"https:\/\/www.delscookingtwist.com\/fr\/salade-de-quinoa-fraises-feta-et-sa-sauce-balsamique\">Salade de quinoa aux fraises et \u00e0 la feta<\/a><\/li>\n<li><a href=\"https:\/\/www.delscookingtwist.com\/fr\/salade-de-fraises-burrata-et-pesto-de-menthe\/\">Salade de fraises, burrata et pesto de menthe<\/a><\/li>\n<li><a href=\"https:\/\/www.delscookingtwist.com\/fr\/salade-de-quinoa-concombre-et-feta-et-sa-vinaigrette-au-citron-et-a-laneth\/\">Salade de quinoa, concombre et feta \u00e0 l&#8217;aneth<\/a><\/li>\n<\/ul>\n<p><img decoding=\"async\" class=\"alignnone size-full wp-image-46685\" src=\"https:\/\/www.delscookingtwist.com\/wp-content\/uploads\/2022\/07\/Curried-Apricot-Quinoa-Salad-Jar_7.jpg\" alt=\"D\u00e9couvrez ou red\u00e9couvrez le concept de salade en bocal avec cette salad jar de quinoa, abricots et feta.\" width=\"1200\" height=\"800\" srcset=\"https:\/\/www.delscookingtwist.com\/wp-content\/uploads\/2022\/07\/Curried-Apricot-Quinoa-Salad-Jar_7.jpg 1200w, https:\/\/www.delscookingtwist.com\/wp-content\/uploads\/2022\/07\/Curried-Apricot-Quinoa-Salad-Jar_7-300x200.jpg 300w, https:\/\/www.delscookingtwist.com\/wp-content\/uploads\/2022\/07\/Curried-Apricot-Quinoa-Salad-Jar_7-1024x683.jpg 1024w, https:\/\/www.delscookingtwist.com\/wp-content\/uploads\/2022\/07\/Curried-Apricot-Quinoa-Salad-Jar_7-768x512.jpg 768w\" sizes=\"(max-width: 770px) calc(100vw - 40px), 730px\" \/><\/p>\n<svg aria-hidden=\"true\" style=\"position: absolute;width: 0;height: 0;overflow: hidden\" xmlns=\"http:\/\/www.w3.org\/2000\/svg\">\n<defs>\n<symbol viewbox=\"9 9 46 42\" id=\"wpt-star-full\">\n<path d=\"m46.3 52-14.4-9.5-14.4 9.4L22 35.3 8.7 24.5l17.1-.9 6.2-16 6 16 17.2 1-13.4 10.7z\" \/>\n<\/symbol>\n<\/defs>\n<\/svg>\n<a class=\"button tasty-recipes-print-button tasty-recipes-no-print tasty-recipes-print-above-card\" href=\"https:\/\/www.delscookingtwist.com\/fr\/salade-jar-de-quinoa-abricots-secs-feta-avec-une-vinaigrette-au-curry\/print\/22655\/\">Print<\/a><span class=\"tasty-recipes-jump-target\" id=\"tasty-recipes-22655-jump-target\" style=\"display:block;padding-top:2px;margin-top:-2px;\"><\/span><div id=\"tasty-recipes-22655\" data-tr-id=\"22655\" class=\"tasty-recipes tasty-recipes-22655 tasty-recipes-display tasty-recipes-has-image\">\n\r\n\r\n<div id=\"jump-to-recipe\" class=\"del-tasty-wrap notop nobot\">\r\n    <div class=\"del-tasty-header\">\r\n        <h2 class=\"tasty-recipes-title\">Salad Jar de quinoa, abricots et feta<\/h2>\r\n        <div class=\"del-tasty-meta\">\r\n            <ul>\r\n                                <li class=\"rating\"><div class=\"rating-a\"><span class=\"ratingicons\"><svg aria-hidden=\"true\" style=\"position: absolute;width: 0;height: 0;overflow: hidden\" xmlns=\"http:\/\/www.w3.org\/2000\/svg\">\n<defs>\n<symbol viewbox=\"9 9 46 42\" id=\"wpt-star-full\">\n<path d=\"m46.3 52-14.4-9.5-14.4 9.4L22 35.3 8.7 24.5l17.1-.9 6.2-16 6 16 17.2 1-13.4 10.7z\" \/>\n<\/symbol>\n<\/defs>\n<\/svg>\n<span class=\"tasty-recipes-ratings-buttons tasty-recipes-no-ratings-buttons\"\tdata-tr-default-rating=\"5\"\t>\t\t<span class=\"tasty-recipes-rating\" data-tr-checked=\"1\">\t\t<i class=\"checked\" data-rating=\"5\">\t\t\t<span class=\"tasty-recipes-rating-solid\" data-tr-clip=\"100\">\t\t\t\t<svg class=\"tasty-recipes-svg\" width=\"18\" height=\"17\"><use href=\"#wpt-star-full\" \/><\/svg>\t\t\t<\/span>\t\t\t<span class=\"tasty-recipes-screen-reader\">\t\t\t\t5 Stars\t\t\t<\/span>\t\t<\/i>\t<\/span>\t\t<span class=\"tasty-recipes-rating\" >\t\t<i class=\"checked\" data-rating=\"4\">\t\t\t<span class=\"tasty-recipes-rating-solid\" data-tr-clip=\"100\">\t\t\t\t<svg class=\"tasty-recipes-svg\" width=\"18\" height=\"17\"><use href=\"#wpt-star-full\" \/><\/svg>\t\t\t<\/span>\t\t\t<span class=\"tasty-recipes-screen-reader\">\t\t\t\t4 Stars\t\t\t<\/span>\t\t<\/i>\t<\/span>\t\t<span class=\"tasty-recipes-rating\" >\t\t<i class=\"checked\" data-rating=\"3\">\t\t\t<span class=\"tasty-recipes-rating-solid\" data-tr-clip=\"100\">\t\t\t\t<svg class=\"tasty-recipes-svg\" width=\"18\" height=\"17\"><use href=\"#wpt-star-full\" \/><\/svg>\t\t\t<\/span>\t\t\t<span class=\"tasty-recipes-screen-reader\">\t\t\t\t3 Stars\t\t\t<\/span>\t\t<\/i>\t<\/span>\t\t<span class=\"tasty-recipes-rating\" >\t\t<i class=\"checked\" data-rating=\"2\">\t\t\t<span class=\"tasty-recipes-rating-solid\" data-tr-clip=\"100\">\t\t\t\t<svg class=\"tasty-recipes-svg\" width=\"18\" height=\"17\"><use href=\"#wpt-star-full\" \/><\/svg>\t\t\t<\/span>\t\t\t<span class=\"tasty-recipes-screen-reader\">\t\t\t\t2 Stars\t\t\t<\/span>\t\t<\/i>\t<\/span>\t\t<span class=\"tasty-recipes-rating\" >\t\t<i class=\"checked\" data-rating=\"1\">\t\t\t<span class=\"tasty-recipes-rating-solid\" data-tr-clip=\"100\">\t\t\t\t<svg class=\"tasty-recipes-svg\" width=\"18\" height=\"17\"><use href=\"#wpt-star-full\" \/><\/svg>\t\t\t<\/span>\t\t\t<span class=\"tasty-recipes-screen-reader\">\t\t\t\t1 Star\t\t\t<\/span>\t\t<\/i>\t<\/span><\/span><\/span><span class=\"ratinglabel\"><span class=\"rating-label\"><span class=\"average\">5<\/span> from <span class=\"count\">1<\/span> review<\/span><\/span><\/div><\/li>\r\n                                                <li class=\"review\"><a href=\"#respond\">Laisser un commentaire<\/a><\/li>\r\n                            <\/ul>\r\n        <\/div>\r\n    <\/div>\r\n    <div class=\"del-tasty-cols\">\r\n                <div class=\"del-tasty-imagecol\">\r\n                        <div class=\"tasty-recipes-image\">\r\n                <img decoding=\"async\" width=\"320\" height=\"320\" src=\"https:\/\/www.delscookingtwist.com\/wp-content\/uploads\/2022\/07\/Curried-Apricot-Quinoa-Salad-Jar_4-320x320.jpg\" class=\"attachment-thumbnail size-thumbnail\" alt=\"D\u00e9couvrez ou red\u00e9couvrez le concept de salade en bocal avec cette salad jar de quinoa, abricots et feta.\" data-pin-nopin=\"true\" srcset=\"https:\/\/www.delscookingtwist.com\/wp-content\/uploads\/2022\/07\/Curried-Apricot-Quinoa-Salad-Jar_4-320x320.jpg 320w, https:\/\/www.delscookingtwist.com\/wp-content\/uploads\/2022\/07\/Curried-Apricot-Quinoa-Salad-Jar_4-24x24.jpg 24w, https:\/\/www.delscookingtwist.com\/wp-content\/uploads\/2022\/07\/Curried-Apricot-Quinoa-Salad-Jar_4-48x48.jpg 48w, https:\/\/www.delscookingtwist.com\/wp-content\/uploads\/2022\/07\/Curried-Apricot-Quinoa-Salad-Jar_4-96x96.jpg 96w, https:\/\/www.delscookingtwist.com\/wp-content\/uploads\/2022\/07\/Curried-Apricot-Quinoa-Salad-Jar_4-150x150.jpg 150w, https:\/\/www.delscookingtwist.com\/wp-content\/uploads\/2022\/07\/Curried-Apricot-Quinoa-Salad-Jar_4-300x300.jpg 300w, https:\/\/www.delscookingtwist.com\/wp-content\/uploads\/2022\/07\/Curried-Apricot-Quinoa-Salad-Jar_4-225x225.jpg 225w\" sizes=\"(max-width: 360px) calc(100vw - 40px), 320px\" \/>            <\/div>\r\n                                    \r\n            <div class=\"tasty-recipes-buttons\">\r\n                                <div class=\"tasty-recipes-button-wrap\">\r\n                    \n<a class=\"btn btn-pink button tasty-recipes-print-button tasty-recipes-no-print\" href=\"https:\/\/www.delscookingtwist.com\/fr\/salade-jar-de-quinoa-abricots-secs-feta-avec-une-vinaigrette-au-curry\/print\/22655\/\" target=\"_blank\">\n\t\t\t<svg viewBox=\"0 0 24 24\" class=\"svg-print\" aria-hidden=\"true\"><use href=\"#tasty-recipes-icon-print\"><\/use><\/svg>\n\t\tPrint<\/a>\n                <\/div>\r\n                                            <\/div>\r\n                    <\/div>  \r\n                <div class=\"del-tasty-textcol\">\r\n                        <div class=\"tasty-recipes-details\">\r\n                <ul>\r\n                                            <li class=\"author\"><strong class=\"tasty-recipes-label\">Author:<\/strong> <span><span class=\"tasty-recipes-author-name\">Delphine Fortin<\/span><\/span><\/li>\r\n                                            <li class=\"prep-time\"><strong class=\"tasty-recipes-label\">Prep Time:<\/strong> <span><span class=\"tasty-recipes-prep-time\">10 mins<\/span><\/span><\/li>\r\n                                            <li class=\"cook-time\"><strong class=\"tasty-recipes-label\">Cook Time:<\/strong> <span><span class=\"tasty-recipes-cook-time\">15 mins<\/span><\/span><\/li>\r\n                                            <li class=\"total-time\"><strong class=\"tasty-recipes-label\">Total Time:<\/strong> <span><span class=\"tasty-recipes-total-time\">25 minutes<\/span><\/span><\/li>\r\n                                            <li class=\"yield\"><strong class=\"tasty-recipes-label\">Yield:<\/strong> <span><span class=\"tasty-recipes-yield\"><span data-amount=\"2\">2<\/span> bocaux de 750 ml <span class=\"tasty-recipes-yield-scale\"><span data-amount=\"1\">1<\/span>x<\/span><\/span><\/span><\/li>\r\n                                            <li class=\"category\"><strong class=\"tasty-recipes-label\">Category:<\/strong> <span><span class=\"tasty-recipes-category\">Salade<\/span><\/span><\/li>\r\n                                            <li class=\"cuisine\"><strong class=\"tasty-recipes-label\">Cuisine:<\/strong> <span><span class=\"tasty-recipes-cuisine\">Cuisine saine<\/span><\/span><\/li>\r\n                                            <li class=\"diet\"><strong class=\"tasty-recipes-label\">Diet:<\/strong> <span><span class=\"tasty-recipes-diet\">Vegetarian<\/span><\/span><\/li>\r\n                                    <\/ul>\r\n            <\/div>\r\n                        \r\n\r\n                        <div class=\"tasty-recipes-description notop nobot\">\r\n                <p><em>D\u00e9couvrez ou red\u00e9couvrez le concept de <strong>salade en bocal<\/strong> avec cette salad jar de quinoa, abricots et feta. Parfaite pour un pique-nique ou un d\u00e9jeuner \u00e0 emporter au bureau cette salade jar \u00e0 pr\u00e9parer \u00e0 l\u2019avance est fun, color\u00e9e, et riche en saveurs sucr\u00e9es-sal\u00e9es, avec une pointe de curry.<\/em><\/p>\n            <\/div>\r\n                        \r\n        <\/div>\r\n    <\/div>\r\n\r\n    <div class=\"contentbox contentbox-lightpink savethisrecipe notop nobot\" data-title=\"Salad Jar de quinoa, abricots et feta\" data-url=\"https:\/\/www.delscookingtwist.com\/fr\/salade-jar-de-quinoa-abricots-secs-feta-avec-une-vinaigrette-au-curry\/\">\r\n    <h3 data-toc-skip>Envoyez-moi cette recette par mail<\/h3>\r\n    <p>En bonus, de l&#8217;inspiration en cuisine chaque semaine.<\/p>\n    \r\n    <div class=\"customckform customckform-horz saveform\">\r\n        <script async data-uid=\"92b1c51bfa\" src=\"https:\/\/delscookingtwist.ck.page\/92b1c51bfa\/index.js\"><\/script>        \r\n    <\/div>    \r\n<\/div>    \r\n            <div class=\"tasty-recipes-ingredients\">\r\n            <div class=\"tasty-recipes-ingredients-header\">\r\n                <div class=\"tasty-recipes-ingredients-clipboard-container\">\r\n                    <h3>Ingr&eacute;dients<\/h3>\r\n                                    <\/div>\r\n                <div class=\"tasty-recipes-units-scale-container\"><span class=\"tasty-recipes-scale-container\">\n\t\t\t\t\t\t<span class=\"tasty-recipes-scale-label\">Scale<\/span>\n\t\t\t\t\t\t<button class=\"tasty-recipes-scale-button tasty-recipes-scale-button-active\" data-amount=\"1\" type=\"button\">1x<\/button><button class=\"tasty-recipes-scale-button\" data-amount=\"2\" type=\"button\">2x<\/button><button class=\"tasty-recipes-scale-button\" data-amount=\"3\" type=\"button\">3x<\/button>\n\t\t\t\t\t<\/span>\n\t\t\t\t\t<\/span><\/div>            <\/div>\r\n            <div class=\"tasty-recipes-ingredients-body\">\r\n                <h4>Pour la salade de quinoa :<\/h4>\n<ul>\n<li data-tr-ingredient-checkbox=\"\"><span class=\"tr-ingredient-checkbox-container\"><input type=\"checkbox\" name=\"ingredient_checkbox_69f0dd8cb1c91\" id=\"ingredient_checkbox_69f0dd8cb1c91\" aria-label=\"180g de quinoa\"><label for=\"ingredient_checkbox_69f0dd8cb1c91\"><\/label><\/span><span data-amount=\"180\" data-unit=\"g\">180g<\/span> de quinoa<\/li>\n<li data-tr-ingredient-checkbox=\"\"><span class=\"tr-ingredient-checkbox-container\"><input type=\"checkbox\" name=\"ingredient_checkbox_69f0dd8cb1ca3\" id=\"ingredient_checkbox_69f0dd8cb1ca3\" aria-label=\"\u00bd oignon rouge, \u00e9minc\u00e9\"><label for=\"ingredient_checkbox_69f0dd8cb1ca3\"><\/label><\/span><span data-amount=\"0.5\">\u00bd<\/span> oignon rouge, \u00e9minc\u00e9<\/li>\n<li data-tr-ingredient-checkbox=\"\"><span class=\"tr-ingredient-checkbox-container\"><input type=\"checkbox\" name=\"ingredient_checkbox_69f0dd8cb1cb0\" id=\"ingredient_checkbox_69f0dd8cb1cb0\" aria-label=\"150g d&#8217;abricots secs, coup\u00e9s en d\u00e9s\"><label for=\"ingredient_checkbox_69f0dd8cb1cb0\"><\/label><\/span><span data-amount=\"150\" data-unit=\"g\">150g<\/span> d&#8217;abricots secs, coup\u00e9s en d\u00e9s<\/li>\n<li data-tr-ingredient-checkbox=\"\"><span class=\"tr-ingredient-checkbox-container\"><input type=\"checkbox\" name=\"ingredient_checkbox_69f0dd8cb1cd6\" id=\"ingredient_checkbox_69f0dd8cb1cd6\" aria-label=\"150g de feta, emiett\u00e9e\"><label for=\"ingredient_checkbox_69f0dd8cb1cd6\"><\/label><\/span><span data-amount=\"150\" data-unit=\"g\">150g<\/span> de feta, emiett\u00e9e<\/li>\n<li data-tr-ingredient-checkbox=\"\"><span class=\"tr-ingredient-checkbox-container\"><input type=\"checkbox\" name=\"ingredient_checkbox_69f0dd8cb1cf5\" id=\"ingredient_checkbox_69f0dd8cb1cf5\" aria-label=\"75g d&#8217;amande effil\u00e9es\"><label for=\"ingredient_checkbox_69f0dd8cb1cf5\"><\/label><\/span><span data-amount=\"75\" data-unit=\"g\">75g<\/span> d&#8217;amande effil\u00e9es<\/li>\n<li data-tr-ingredient-checkbox=\"\"><span class=\"tr-ingredient-checkbox-container\"><input type=\"checkbox\" name=\"ingredient_checkbox_69f0dd8cb1d14\" id=\"ingredient_checkbox_69f0dd8cb1d14\" aria-label=\"150g de pousses d&#8217;\u00e9pinards\"><label for=\"ingredient_checkbox_69f0dd8cb1d14\"><\/label><\/span><span data-amount=\"150\" data-unit=\"g\"><span data-amount=\"150\" data-unit=\"g\">150g<\/span> de pousses d&#8217;\u00e9pinards<\/span><\/li>\n<\/ul>\n<h4>Pour la vinaigrette au curry :<\/h4>\n<ul>\n<li data-tr-ingredient-checkbox=\"\"><span class=\"tr-ingredient-checkbox-container\"><input type=\"checkbox\" name=\"ingredient_checkbox_69f0dd8cb1d31\" id=\"ingredient_checkbox_69f0dd8cb1d31\" aria-label=\"80 ml d&#8217;huile d&#8217;olive\"><label for=\"ingredient_checkbox_69f0dd8cb1d31\"><\/label><\/span><span data-amount=\"80\"><span data-amount=\"80\">80<\/span><\/span> ml d&#8217;huile d&#8217;olive<\/li>\n<li data-tr-ingredient-checkbox=\"\"><span class=\"tr-ingredient-checkbox-container\"><input type=\"checkbox\" name=\"ingredient_checkbox_69f0dd8cb1d4c\" id=\"ingredient_checkbox_69f0dd8cb1d4c\" aria-label=\"3 cuil. \u00e0 soupe de vinaigre de cidre\"><label for=\"ingredient_checkbox_69f0dd8cb1d4c\"><\/label><\/span><span data-amount=\"3\" data-unit=\"tablespoon\"><span data-amount=\"3\">3<\/span> cuil. \u00e0 soupe de vinaigre de cidre<\/span><\/li>\n<li data-tr-ingredient-checkbox=\"\"><span class=\"tr-ingredient-checkbox-container\"><input type=\"checkbox\" name=\"ingredient_checkbox_69f0dd8cb1d59\" id=\"ingredient_checkbox_69f0dd8cb1d59\" aria-label=\"1 cuil. \u00e0 soupe de jus de citron\"><label for=\"ingredient_checkbox_69f0dd8cb1d59\"><\/label><\/span><span data-amount=\"1\">1<\/span> cuil. \u00e0 soupe de jus de citron<\/li>\n<li data-tr-ingredient-checkbox=\"\"><span class=\"tr-ingredient-checkbox-container\"><input type=\"checkbox\" name=\"ingredient_checkbox_69f0dd8cb1d65\" id=\"ingredient_checkbox_69f0dd8cb1d65\" aria-label=\"2 cuil. \u00e0 caf\u00e9 de moutarde de Dijon\"><label for=\"ingredient_checkbox_69f0dd8cb1d65\"><\/label><\/span><span data-amount=\"2\">2<\/span> cuil. \u00e0 caf\u00e9 de moutarde de Dijon<\/li>\n<li data-tr-ingredient-checkbox=\"\"><span class=\"tr-ingredient-checkbox-container\"><input type=\"checkbox\" name=\"ingredient_checkbox_69f0dd8cb1d71\" id=\"ingredient_checkbox_69f0dd8cb1d71\" aria-label=\"\u00bd cuil. \u00e0 caf\u00e9 de curry\"><label for=\"ingredient_checkbox_69f0dd8cb1d71\"><\/label><\/span><span data-amount=\"0.5\">\u00bd<\/span> cuil. \u00e0 caf\u00e9 de curry<\/li>\n<li data-tr-ingredient-checkbox=\"\"><span class=\"tr-ingredient-checkbox-container\"><input type=\"checkbox\" name=\"ingredient_checkbox_69f0dd8cb1d7c\" id=\"ingredient_checkbox_69f0dd8cb1d7c\" aria-label=\"Sel et poivre du moulin\"><label for=\"ingredient_checkbox_69f0dd8cb1d7c\"><\/label><\/span>Sel et poivre du moulin<\/li>\n<\/ul>\n<p><!--INSIDE_INGREDIENTS--><\/p>\n            <\/div>\r\n            <div class=\"tasty-recipes-cook-mode\">\n\t<div class=\"tasty-recipes-cook-mode__container\">\n\t\t<label class=\"tasty-recipes-cook-mode__switch\">\n\t\t\t<input type=\"checkbox\" id=\"tasty_recipes_69f0dd8cb3505_cookmode\">\n\t\t\t<span class=\"tasty-recipes-cook-mode__switch-slider tasty-recipes-cook-mode__switch-round\"\n\t\t\t\tdata-tasty-recipes-customization=\"button-color.background button-text-color.color\"><\/span>\n\t\t<\/label>\n\t\t<label for=\"tasty_recipes_69f0dd8cb3505_cookmode\">\n\t\t\t<span class=\"tasty-recipes-cook-mode__label\">Cook Mode<\/span>\n\t\t\t<span class=\"tasty-recipes-cook-mode__helper\">\n\t\t\t\tPrevent your screen from going dark\t\t\t<\/span>\n\t\t<\/label>\n\t<\/div>\n<\/div>\n        <\/div>\r\n    \r\n            <div class=\"tasty-recipes-instructions\">\r\n            <div class=\"tasty-recipes-instructions-header\">\r\n                <h3>Instructions<\/h3>\r\n                            <\/div>\r\n            <div class=\"tasty-recipes-instructions-body\">\r\n                <ol class=\"is-style-circles\">\n<li id=\"instruction-step-1\"><strong>Pour la vinaigrette<\/strong>, fouetter tous les ingr\u00e9dients ensemble dans un bol. Go\u00fbter et ajuster l&#8217;assaisonnement de sel et de poivre au besoin.<\/li>\n<li id=\"instruction-step-2\">Verser le quinoa dans une casserole, ajouter le double de volume d&#8217;eau et porter \u00e0 \u00e9bullition. R\u00e9duire le feu au minimum, couvrir, et laisser mijoter 15 minutes. Retirer du feu et m\u00e9langer rapidement le quinoa \u00e0 la fourchette. Couvrir de nouveau, hors du feu, et laisser reposer encore 15 minutes. Laisser ensuite le quinoa refroidir compl\u00e8tement.<\/li>\n<li id=\"instruction-step-3\"><strong>Pour la salade de quinoa<\/strong>, transf\u00e9rer le quinoa refroidi dans un grand saladier. Ajouter les abricots, les oignons rouges, puis verser la vinaigrette par-dessus. Bien m\u00e9langer.<\/li>\n<li id=\"instruction-step-4\"><strong>Pour assembler les bocaux<\/strong>, r\u00e9partir la salade de quinoa dans chaque bocal jusqu&#8217;au tiers environ. Ajouter une couche de feta, une couche d&#8217;amandes effil\u00e9es, et compl\u00e9ter avec les pousses d&#8217;\u00e9pinards frais jusqu&#8217;en haut. Refermer avec le couvercle et conserver au frais jusqu&#8217;au moment de servir.<\/li>\n<li id=\"instruction-step-5\"><strong>Au moment de servir<\/strong>, inverser le contenu du bocal dans une grande assiette creuse et m\u00e9langer la salade de telle sorte que la vinaigrette soit bien r\u00e9partie. Et voil\u00e0, c&#8217;est pr\u00eat !<\/li>\n<\/ol>\n            <\/div>\r\n        <\/div>\r\n    \r\n    \r\n    \r\n            <div class=\"tasty-recipes-notes notop nobot\">\r\n            <h3>Notes<\/h3>\r\n            <div class=\"tasty-recipes-notes-body\">\r\n                <p>\u00c0 noter que la plupart des salad jars recommandent de commencer par une couche de vinaigrette au fond du bocal. Dans la mesure o\u00f9 le quinoa est ici m\u00e9lang\u00e9 avec des abricots secs et des oignons rouges (plut\u00f4t que des l\u00e9gumes fragiles comme le concombre par exemple), il n&#8217;y a aucun risque \u00e0 le m\u00e9langer avec le quinoa d\u00e8s le d\u00e9but.<\/p>\n            <\/div>\r\n        <\/div>\r\n    \r\n    \r\n    \r\n    \r\n    \r\n    <\/div>\r\n\r\n\r\n\r\n<div class=\"postcats\">\r\n\t<a href=\"https:\/\/www.delscookingtwist.com\/fr\/categorie\/recettes\/accompagnements\/\">Accompagnements<\/a>, <a href=\"https:\/\/www.delscookingtwist.com\/fr\/saison\/automne\/\">Automne<\/a>, <a href=\"https:\/\/www.delscookingtwist.com\/fr\/style-fr\/facile-et-rapide\/\">Facile et rapide<\/a>, <a href=\"https:\/\/www.delscookingtwist.com\/fr\/style-fr\/familial\/\">Familial<\/a>, <a href=\"https:\/\/www.delscookingtwist.com\/fr\/ingredient-fr\/fromage\/\">Fromage<\/a>, <a href=\"https:\/\/www.delscookingtwist.com\/fr\/saison\/printemps\/\">Printemps<\/a>, <a href=\"https:\/\/www.delscookingtwist.com\/fr\/ingredient-fr\/le-quinoa\/\">Quinoa<\/a>, <a href=\"https:\/\/www.delscookingtwist.com\/fr\/regime\/recettes-saines\/\">Recettes saines<\/a>, <a href=\"https:\/\/www.delscookingtwist.com\/fr\/categorie\/recettes\/plats\/salades-bowls\/\">Salades &amp; bowls<\/a>, <a href=\"https:\/\/www.delscookingtwist.com\/fr\/regime\/sans-gluten\/\">Sans gluten<\/a>, <a href=\"https:\/\/www.delscookingtwist.com\/fr\/regime\/vegetarien\/\">V\u00e9g\u00e9tarien<\/a>, <a href=\"https:\/\/www.delscookingtwist.com\/fr\/saison\/ete\/\">\u00c9t\u00e9<\/a><\/div>\r\n\r\n<div class=\"contentbox contentbox-lightpink notop nobot\">\r\n        <h2>Avez-vous r\u00e9alis\u00e9 cette recette ?<\/h2>\r\n        <p>Enfin, si vous r\u00e9alisez cette Salad Jar de quinoa, abricots et feta, merci de me laisser un petit commentaire et\/ou de noter la recette. Et bien s\u00fbr, n\u2019oubliez pas de me taguer sur <a href=\"https:\/\/instagram.com\/delscookingtwist\/\" target=\"_blank\">Instagram<\/a>, j\u2019adore voir vos r\u00e9alisations. Bon app\u00e9tit !<\/p>\n<\/div>\r\n\r\n<\/div>\n<p><img decoding=\"async\" class=\"alignnone size-full wp-image-46673\" src=\"https:\/\/www.delscookingtwist.com\/wp-content\/uploads\/2022\/07\/Curried-Apricot-Quinoa-Salad-Jar_1.jpg\" alt=\"D\u00e9couvrez ou red\u00e9couvrez le concept de salade en bocal avec cette salad jar de quinoa, abricots et feta.\" width=\"1200\" height=\"1800\" srcset=\"https:\/\/www.delscookingtwist.com\/wp-content\/uploads\/2022\/07\/Curried-Apricot-Quinoa-Salad-Jar_1.jpg 1200w, https:\/\/www.delscookingtwist.com\/wp-content\/uploads\/2022\/07\/Curried-Apricot-Quinoa-Salad-Jar_1-200x300.jpg 200w, https:\/\/www.delscookingtwist.com\/wp-content\/uploads\/2022\/07\/Curried-Apricot-Quinoa-Salad-Jar_1-683x1024.jpg 683w, https:\/\/www.delscookingtwist.com\/wp-content\/uploads\/2022\/07\/Curried-Apricot-Quinoa-Salad-Jar_1-768x1152.jpg 768w, https:\/\/www.delscookingtwist.com\/wp-content\/uploads\/2022\/07\/Curried-Apricot-Quinoa-Salad-Jar_1-1024x1536.jpg 1024w\" sizes=\"(max-width: 770px) calc(100vw - 40px), 730px\" \/><\/p>\n","protected":false},"excerpt":{"rendered":"<p>D\u00e9couvrez ou red\u00e9couvrez le concept de salade en bocal avec cette salad jar de quinoa, abricots et feta. Parfaite pour un pique-nique ou un d\u00e9jeuner \u00e0 emporter au bureau cette salade jar \u00e0 pr\u00e9parer \u00e0 l\u2019avance est fun, color\u00e9e, et riche en saveurs sucr\u00e9es-sal\u00e9es, avec une pointe de curry. On adore ! Selon que vous [&hellip;]<\/p>\n","protected":false},"author":1,"featured_media":46679,"comment_status":"open","ping_status":"open","sticky":false,"template":"","format":"standard","meta":{"_acf_changed":false,"_monsterinsights_skip_tracking":false,"_monsterinsights_sitenote_active":false,"_monsterinsights_sitenote_note":"","_monsterinsights_sitenote_category":0,"footnotes":""},"categories":[41396,41400],"tags":[],"del_style":[41357,41355],"del_diet":[41360,41359,41364],"del_seasonal":[41365,41367,41366],"del_occasion":[],"del_ingredient":[41380,41392],"class_list":["post-29481","post","type-post","status-publish","format-standard","has-post-thumbnail","hentry","category-accompagnements","category-salades-bowls","del_style-facile-et-rapide","del_style-familial","del_diet-recettes-saines","del_diet-sans-gluten","del_diet-vegetarien","del_seasonal-automne","del_seasonal-ete","del_seasonal-printemps","del_ingredient-fromage","del_ingredient-le-quinoa"],"acf":[],"yoast_head":"<!-- This site is optimized with the Yoast SEO Premium plugin v27.4 (Yoast SEO v27.4) - https:\/\/yoast.com\/product\/yoast-seo-premium-wordpress\/ -->\n<title>Salad Jar de quinoa, abricots et feta - Del&#039;s cooking twist<\/title>\n<meta name=\"description\" content=\"D\u00e9couvrez ou red\u00e9couvrez le concept de salade en bocal avec cette salad jar de quinoa, abricots et feta, avec une pointe de curry.\" \/>\n<meta name=\"robots\" content=\"index, follow, max-snippet:-1, max-image-preview:large, max-video-preview:-1\" \/>\n<link rel=\"canonical\" href=\"https:\/\/www.delscookingtwist.com\/fr\/salade-jar-de-quinoa-abricots-secs-feta-avec-une-vinaigrette-au-curry\/\" \/>\n<meta property=\"og:locale\" content=\"fr_FR\" \/>\n<meta property=\"og:type\" content=\"article\" \/>\n<meta property=\"og:title\" content=\"Salad Jar de quinoa, abricots et feta\" \/>\n<meta property=\"og:description\" content=\"D\u00e9couvrez ou red\u00e9couvrez le concept de salade en bocal avec cette salad jar de quinoa, abricots et feta, avec une pointe de curry.\" \/>\n<meta property=\"og:url\" content=\"https:\/\/www.delscookingtwist.com\/fr\/salade-jar-de-quinoa-abricots-secs-feta-avec-une-vinaigrette-au-curry\/\" \/>\n<meta property=\"og:site_name\" content=\"Del&#039;s cooking twist\" \/>\n<meta property=\"article:publisher\" content=\"https:\/\/www.facebook.com\/pages\/Dels-cooking-twist\/158928514282620\" \/>\n<meta property=\"article:published_time\" content=\"2017-08-08T12:01:29+00:00\" \/>\n<meta property=\"article:modified_time\" content=\"2022-07-07T18:32:37+00:00\" \/>\n<meta property=\"og:image\" content=\"https:\/\/www.delscookingtwist.com\/wp-content\/uploads\/2022\/07\/Curried-Apricot-Quinoa-Salad-Jar_7.jpg\" \/>\n\t<meta property=\"og:image:width\" content=\"1200\" \/>\n\t<meta property=\"og:image:height\" content=\"800\" \/>\n\t<meta property=\"og:image:type\" content=\"image\/jpeg\" \/>\n<meta name=\"author\" content=\"Delphine Fortin\" \/>\n<meta name=\"twitter:card\" content=\"summary_large_image\" \/>\n<meta name=\"twitter:creator\" content=\"@delstwist\" \/>\n<meta name=\"twitter:site\" content=\"@delstwist\" \/>\n<meta name=\"twitter:label1\" content=\"\u00c9crit par\" \/>\n\t<meta name=\"twitter:data1\" content=\"Delphine Fortin\" \/>\n\t<meta name=\"twitter:label2\" content=\"Dur\u00e9e de lecture estim\u00e9e\" \/>\n\t<meta name=\"twitter:data2\" content=\"6 minutes\" \/>\n<script type=\"application\/ld+json\" class=\"yoast-schema-graph\">{\"@context\":\"https:\\\/\\\/schema.org\",\"@graph\":[{\"@type\":\"Article\",\"@id\":\"https:\\\/\\\/www.delscookingtwist.com\\\/fr\\\/salade-jar-de-quinoa-abricots-secs-feta-avec-une-vinaigrette-au-curry\\\/#article\",\"isPartOf\":{\"@id\":\"https:\\\/\\\/www.delscookingtwist.com\\\/fr\\\/salade-jar-de-quinoa-abricots-secs-feta-avec-une-vinaigrette-au-curry\\\/\"},\"author\":{\"name\":\"Delphine Fortin\",\"@id\":\"https:\\\/\\\/www.delscookingtwist.com\\\/fr\\\/#\\\/schema\\\/person\\\/3e4febf518c8a60ed3c5ada91c175c91\"},\"headline\":\"Salad Jar de quinoa, abricots et feta\",\"datePublished\":\"2017-08-08T12:01:29+00:00\",\"dateModified\":\"2022-07-07T18:32:37+00:00\",\"mainEntityOfPage\":{\"@id\":\"https:\\\/\\\/www.delscookingtwist.com\\\/fr\\\/salade-jar-de-quinoa-abricots-secs-feta-avec-une-vinaigrette-au-curry\\\/\"},\"wordCount\":902,\"commentCount\":2,\"publisher\":{\"@id\":\"https:\\\/\\\/www.delscookingtwist.com\\\/fr\\\/#organization\"},\"image\":{\"@id\":\"https:\\\/\\\/www.delscookingtwist.com\\\/fr\\\/salade-jar-de-quinoa-abricots-secs-feta-avec-une-vinaigrette-au-curry\\\/#primaryimage\"},\"thumbnailUrl\":\"https:\\\/\\\/www.delscookingtwist.com\\\/wp-content\\\/uploads\\\/2022\\\/07\\\/Curried-Apricot-Quinoa-Salad-Jar_4.jpg\",\"articleSection\":[\"Accompagnements\",\"Salades &amp; bowls\"],\"inLanguage\":\"fr-FR\",\"potentialAction\":[{\"@type\":\"CommentAction\",\"name\":\"Comment\",\"target\":[\"https:\\\/\\\/www.delscookingtwist.com\\\/fr\\\/salade-jar-de-quinoa-abricots-secs-feta-avec-une-vinaigrette-au-curry\\\/#respond\"]}]},{\"@type\":\"WebPage\",\"@id\":\"https:\\\/\\\/www.delscookingtwist.com\\\/fr\\\/salade-jar-de-quinoa-abricots-secs-feta-avec-une-vinaigrette-au-curry\\\/\",\"url\":\"https:\\\/\\\/www.delscookingtwist.com\\\/fr\\\/salade-jar-de-quinoa-abricots-secs-feta-avec-une-vinaigrette-au-curry\\\/\",\"name\":\"Salad Jar de quinoa, abricots et feta - Del&#039;s cooking twist\",\"isPartOf\":{\"@id\":\"https:\\\/\\\/www.delscookingtwist.com\\\/fr\\\/#website\"},\"primaryImageOfPage\":{\"@id\":\"https:\\\/\\\/www.delscookingtwist.com\\\/fr\\\/salade-jar-de-quinoa-abricots-secs-feta-avec-une-vinaigrette-au-curry\\\/#primaryimage\"},\"image\":{\"@id\":\"https:\\\/\\\/www.delscookingtwist.com\\\/fr\\\/salade-jar-de-quinoa-abricots-secs-feta-avec-une-vinaigrette-au-curry\\\/#primaryimage\"},\"thumbnailUrl\":\"https:\\\/\\\/www.delscookingtwist.com\\\/wp-content\\\/uploads\\\/2022\\\/07\\\/Curried-Apricot-Quinoa-Salad-Jar_4.jpg\",\"datePublished\":\"2017-08-08T12:01:29+00:00\",\"dateModified\":\"2022-07-07T18:32:37+00:00\",\"description\":\"D\u00e9couvrez ou red\u00e9couvrez le concept de salade en bocal avec cette salad jar de quinoa, abricots et feta, avec une pointe de curry.\",\"breadcrumb\":{\"@id\":\"https:\\\/\\\/www.delscookingtwist.com\\\/fr\\\/salade-jar-de-quinoa-abricots-secs-feta-avec-une-vinaigrette-au-curry\\\/#breadcrumb\"},\"inLanguage\":\"fr-FR\",\"potentialAction\":[{\"@type\":\"ReadAction\",\"target\":[\"https:\\\/\\\/www.delscookingtwist.com\\\/fr\\\/salade-jar-de-quinoa-abricots-secs-feta-avec-une-vinaigrette-au-curry\\\/\"]}]},{\"@type\":\"ImageObject\",\"inLanguage\":\"fr-FR\",\"@id\":\"https:\\\/\\\/www.delscookingtwist.com\\\/fr\\\/salade-jar-de-quinoa-abricots-secs-feta-avec-une-vinaigrette-au-curry\\\/#primaryimage\",\"url\":\"https:\\\/\\\/www.delscookingtwist.com\\\/wp-content\\\/uploads\\\/2022\\\/07\\\/Curried-Apricot-Quinoa-Salad-Jar_4.jpg\",\"contentUrl\":\"https:\\\/\\\/www.delscookingtwist.com\\\/wp-content\\\/uploads\\\/2022\\\/07\\\/Curried-Apricot-Quinoa-Salad-Jar_4.jpg\",\"width\":1200,\"height\":1800,\"caption\":\"D\u00e9couvrez ou red\u00e9couvrez le concept de salade en bocal avec cette salad jar de quinoa, abricots et feta.\"},{\"@type\":\"BreadcrumbList\",\"@id\":\"https:\\\/\\\/www.delscookingtwist.com\\\/fr\\\/salade-jar-de-quinoa-abricots-secs-feta-avec-une-vinaigrette-au-curry\\\/#breadcrumb\",\"itemListElement\":[{\"@type\":\"ListItem\",\"position\":1,\"name\":\"Accueil\",\"item\":\"https:\\\/\\\/www.delscookingtwist.com\\\/fr\\\/\"},{\"@type\":\"ListItem\",\"position\":2,\"name\":\"Recipes\",\"item\":\"https:\\\/\\\/www.delscookingtwist.com\\\/recipe-index\\\/\"},{\"@type\":\"ListItem\",\"position\":3,\"name\":\"Plats\",\"item\":\"https:\\\/\\\/www.delscookingtwist.com\\\/fr\\\/categorie\\\/recettes\\\/plats\\\/\"},{\"@type\":\"ListItem\",\"position\":4,\"name\":\"Salades &amp; bowls\",\"item\":\"https:\\\/\\\/www.delscookingtwist.com\\\/fr\\\/categorie\\\/recettes\\\/plats\\\/salades-bowls\\\/\"},{\"@type\":\"ListItem\",\"position\":5,\"name\":\"Salad Jar de quinoa, abricots et feta\"}]},{\"@type\":\"WebSite\",\"@id\":\"https:\\\/\\\/www.delscookingtwist.com\\\/fr\\\/#website\",\"url\":\"https:\\\/\\\/www.delscookingtwist.com\\\/fr\\\/\",\"name\":\"Del&#039;s cooking twist\",\"description\":\"Plant-based | Wholesome | Organic\",\"publisher\":{\"@id\":\"https:\\\/\\\/www.delscookingtwist.com\\\/fr\\\/#organization\"},\"potentialAction\":[{\"@type\":\"SearchAction\",\"target\":{\"@type\":\"EntryPoint\",\"urlTemplate\":\"https:\\\/\\\/www.delscookingtwist.com\\\/fr\\\/?s={search_term_string}\"},\"query-input\":{\"@type\":\"PropertyValueSpecification\",\"valueRequired\":true,\"valueName\":\"search_term_string\"}}],\"inLanguage\":\"fr-FR\"},{\"@type\":\"Organization\",\"@id\":\"https:\\\/\\\/www.delscookingtwist.com\\\/fr\\\/#organization\",\"name\":\"Del's cooking twist\",\"url\":\"https:\\\/\\\/www.delscookingtwist.com\\\/fr\\\/\",\"logo\":{\"@type\":\"ImageObject\",\"inLanguage\":\"fr-FR\",\"@id\":\"https:\\\/\\\/www.delscookingtwist.com\\\/fr\\\/#\\\/schema\\\/logo\\\/image\\\/\",\"url\":\"https:\\\/\\\/www.delscookingtwist.com\\\/wp-content\\\/uploads\\\/2021\\\/04\\\/Del_sCookingTwist-1200x1200-1.png\",\"contentUrl\":\"https:\\\/\\\/www.delscookingtwist.com\\\/wp-content\\\/uploads\\\/2021\\\/04\\\/Del_sCookingTwist-1200x1200-1.png\",\"width\":1200,\"height\":1200,\"caption\":\"Del's cooking twist\"},\"image\":{\"@id\":\"https:\\\/\\\/www.delscookingtwist.com\\\/fr\\\/#\\\/schema\\\/logo\\\/image\\\/\"},\"sameAs\":[\"https:\\\/\\\/www.facebook.com\\\/pages\\\/Dels-cooking-twist\\\/158928514282620\",\"https:\\\/\\\/x.com\\\/delstwist\",\"https:\\\/\\\/instagram.com\\\/delscookingtwist\",\"https:\\\/\\\/www.linkedin.com\\\/company\\\/15256060\\\/\",\"https:\\\/\\\/www.pinterest.com\\\/delstwist\\\/\",\"https:\\\/\\\/www.youtube.com\\\/channel\\\/UCX4VXKZduK2vq8vYIe4IxwQ\"]},{\"@type\":\"Person\",\"@id\":\"https:\\\/\\\/www.delscookingtwist.com\\\/fr\\\/#\\\/schema\\\/person\\\/3e4febf518c8a60ed3c5ada91c175c91\",\"name\":\"Delphine Fortin\",\"image\":{\"@type\":\"ImageObject\",\"inLanguage\":\"fr-FR\",\"@id\":\"https:\\\/\\\/secure.gravatar.com\\\/avatar\\\/5f92ca31747492f2cc54e3357d21beb304e04824c6ba020a3c6e892130f111ee?s=96&d=mm&r=g\",\"url\":\"https:\\\/\\\/secure.gravatar.com\\\/avatar\\\/5f92ca31747492f2cc54e3357d21beb304e04824c6ba020a3c6e892130f111ee?s=96&d=mm&r=g\",\"contentUrl\":\"https:\\\/\\\/secure.gravatar.com\\\/avatar\\\/5f92ca31747492f2cc54e3357d21beb304e04824c6ba020a3c6e892130f111ee?s=96&d=mm&r=g\",\"caption\":\"Delphine Fortin\"},\"description\":\"Hi! I'm a French girl living in Sweden. I have loved cooking, baking and creating new recipes ever since I was young. I love my treats sweet or salty, depending on my mood, but they have to be delicious with a possibly \\\"twist\\\", my personal touch actually. That's why I finally came to the point that I somehow had to share my recipes with you and try out to teach you this little cooking twist which is mine. Whatever the recipe, there is two things you have to think about when you're cooking: use the true ingredients (no sweeteners or light products, never ever) and think fresh (no frozen ingredients). Here is the best way to eat healthy! I also love travelling and try to get inspiration from other cultures, that's why I want to tips you about the best places to eat in Paris, Stockholm, or every other places I tried and loved! Hope you will like my recipes (but fore sure you will) and give me back 'your' personal twist then!\",\"sameAs\":[\"https:\\\/\\\/www.delscookingtwist.com\\\/about-me\\\/\"],\"url\":\"https:\\\/\\\/www.delscookingtwist.com\\\/fr\\\/author\\\/del\\\/\"}]}<\/script>\n<!-- \/ Yoast SEO Premium plugin. -->","yoast_head_json":{"title":"Salad Jar de quinoa, abricots et feta - Del&#039;s cooking twist","description":"D\u00e9couvrez ou red\u00e9couvrez le concept de salade en bocal avec cette salad jar de quinoa, abricots et feta, avec une pointe de curry.","robots":{"index":"index","follow":"follow","max-snippet":"max-snippet:-1","max-image-preview":"max-image-preview:large","max-video-preview":"max-video-preview:-1"},"canonical":"https:\/\/www.delscookingtwist.com\/fr\/salade-jar-de-quinoa-abricots-secs-feta-avec-une-vinaigrette-au-curry\/","og_locale":"fr_FR","og_type":"article","og_title":"Salad Jar de quinoa, abricots et feta","og_description":"D\u00e9couvrez ou red\u00e9couvrez le concept de salade en bocal avec cette salad jar de quinoa, abricots et feta, avec une pointe de curry.","og_url":"https:\/\/www.delscookingtwist.com\/fr\/salade-jar-de-quinoa-abricots-secs-feta-avec-une-vinaigrette-au-curry\/","og_site_name":"Del&#039;s cooking twist","article_publisher":"https:\/\/www.facebook.com\/pages\/Dels-cooking-twist\/158928514282620","article_published_time":"2017-08-08T12:01:29+00:00","article_modified_time":"2022-07-07T18:32:37+00:00","og_image":[{"width":1200,"height":800,"url":"https:\/\/www.delscookingtwist.com\/wp-content\/uploads\/2022\/07\/Curried-Apricot-Quinoa-Salad-Jar_7.jpg","type":"image\/jpeg"}],"author":"Delphine Fortin","twitter_card":"summary_large_image","twitter_creator":"@delstwist","twitter_site":"@delstwist","twitter_misc":{"\u00c9crit par":"Delphine Fortin","Dur\u00e9e de lecture estim\u00e9e":"6 minutes"},"schema":{"@context":"https:\/\/schema.org","@graph":[{"@type":"Article","@id":"https:\/\/www.delscookingtwist.com\/fr\/salade-jar-de-quinoa-abricots-secs-feta-avec-une-vinaigrette-au-curry\/#article","isPartOf":{"@id":"https:\/\/www.delscookingtwist.com\/fr\/salade-jar-de-quinoa-abricots-secs-feta-avec-une-vinaigrette-au-curry\/"},"author":{"name":"Delphine Fortin","@id":"https:\/\/www.delscookingtwist.com\/fr\/#\/schema\/person\/3e4febf518c8a60ed3c5ada91c175c91"},"headline":"Salad Jar de quinoa, abricots et feta","datePublished":"2017-08-08T12:01:29+00:00","dateModified":"2022-07-07T18:32:37+00:00","mainEntityOfPage":{"@id":"https:\/\/www.delscookingtwist.com\/fr\/salade-jar-de-quinoa-abricots-secs-feta-avec-une-vinaigrette-au-curry\/"},"wordCount":902,"commentCount":2,"publisher":{"@id":"https:\/\/www.delscookingtwist.com\/fr\/#organization"},"image":{"@id":"https:\/\/www.delscookingtwist.com\/fr\/salade-jar-de-quinoa-abricots-secs-feta-avec-une-vinaigrette-au-curry\/#primaryimage"},"thumbnailUrl":"https:\/\/www.delscookingtwist.com\/wp-content\/uploads\/2022\/07\/Curried-Apricot-Quinoa-Salad-Jar_4.jpg","articleSection":["Accompagnements","Salades &amp; bowls"],"inLanguage":"fr-FR","potentialAction":[{"@type":"CommentAction","name":"Comment","target":["https:\/\/www.delscookingtwist.com\/fr\/salade-jar-de-quinoa-abricots-secs-feta-avec-une-vinaigrette-au-curry\/#respond"]}]},{"@type":"WebPage","@id":"https:\/\/www.delscookingtwist.com\/fr\/salade-jar-de-quinoa-abricots-secs-feta-avec-une-vinaigrette-au-curry\/","url":"https:\/\/www.delscookingtwist.com\/fr\/salade-jar-de-quinoa-abricots-secs-feta-avec-une-vinaigrette-au-curry\/","name":"Salad Jar de quinoa, abricots et feta - Del&#039;s cooking twist","isPartOf":{"@id":"https:\/\/www.delscookingtwist.com\/fr\/#website"},"primaryImageOfPage":{"@id":"https:\/\/www.delscookingtwist.com\/fr\/salade-jar-de-quinoa-abricots-secs-feta-avec-une-vinaigrette-au-curry\/#primaryimage"},"image":{"@id":"https:\/\/www.delscookingtwist.com\/fr\/salade-jar-de-quinoa-abricots-secs-feta-avec-une-vinaigrette-au-curry\/#primaryimage"},"thumbnailUrl":"https:\/\/www.delscookingtwist.com\/wp-content\/uploads\/2022\/07\/Curried-Apricot-Quinoa-Salad-Jar_4.jpg","datePublished":"2017-08-08T12:01:29+00:00","dateModified":"2022-07-07T18:32:37+00:00","description":"D\u00e9couvrez ou red\u00e9couvrez le concept de salade en bocal avec cette salad jar de quinoa, abricots et feta, avec une pointe de curry.","breadcrumb":{"@id":"https:\/\/www.delscookingtwist.com\/fr\/salade-jar-de-quinoa-abricots-secs-feta-avec-une-vinaigrette-au-curry\/#breadcrumb"},"inLanguage":"fr-FR","potentialAction":[{"@type":"ReadAction","target":["https:\/\/www.delscookingtwist.com\/fr\/salade-jar-de-quinoa-abricots-secs-feta-avec-une-vinaigrette-au-curry\/"]}]},{"@type":"ImageObject","inLanguage":"fr-FR","@id":"https:\/\/www.delscookingtwist.com\/fr\/salade-jar-de-quinoa-abricots-secs-feta-avec-une-vinaigrette-au-curry\/#primaryimage","url":"https:\/\/www.delscookingtwist.com\/wp-content\/uploads\/2022\/07\/Curried-Apricot-Quinoa-Salad-Jar_4.jpg","contentUrl":"https:\/\/www.delscookingtwist.com\/wp-content\/uploads\/2022\/07\/Curried-Apricot-Quinoa-Salad-Jar_4.jpg","width":1200,"height":1800,"caption":"D\u00e9couvrez ou red\u00e9couvrez le concept de salade en bocal avec cette salad jar de quinoa, abricots et feta."},{"@type":"BreadcrumbList","@id":"https:\/\/www.delscookingtwist.com\/fr\/salade-jar-de-quinoa-abricots-secs-feta-avec-une-vinaigrette-au-curry\/#breadcrumb","itemListElement":[{"@type":"ListItem","position":1,"name":"Accueil","item":"https:\/\/www.delscookingtwist.com\/fr\/"},{"@type":"ListItem","position":2,"name":"Recipes","item":"https:\/\/www.delscookingtwist.com\/recipe-index\/"},{"@type":"ListItem","position":3,"name":"Plats","item":"https:\/\/www.delscookingtwist.com\/fr\/categorie\/recettes\/plats\/"},{"@type":"ListItem","position":4,"name":"Salades &amp; bowls","item":"https:\/\/www.delscookingtwist.com\/fr\/categorie\/recettes\/plats\/salades-bowls\/"},{"@type":"ListItem","position":5,"name":"Salad Jar de quinoa, abricots et feta"}]},{"@type":"WebSite","@id":"https:\/\/www.delscookingtwist.com\/fr\/#website","url":"https:\/\/www.delscookingtwist.com\/fr\/","name":"Del&#039;s cooking twist","description":"Plant-based | Wholesome | Organic","publisher":{"@id":"https:\/\/www.delscookingtwist.com\/fr\/#organization"},"potentialAction":[{"@type":"SearchAction","target":{"@type":"EntryPoint","urlTemplate":"https:\/\/www.delscookingtwist.com\/fr\/?s={search_term_string}"},"query-input":{"@type":"PropertyValueSpecification","valueRequired":true,"valueName":"search_term_string"}}],"inLanguage":"fr-FR"},{"@type":"Organization","@id":"https:\/\/www.delscookingtwist.com\/fr\/#organization","name":"Del's cooking twist","url":"https:\/\/www.delscookingtwist.com\/fr\/","logo":{"@type":"ImageObject","inLanguage":"fr-FR","@id":"https:\/\/www.delscookingtwist.com\/fr\/#\/schema\/logo\/image\/","url":"https:\/\/www.delscookingtwist.com\/wp-content\/uploads\/2021\/04\/Del_sCookingTwist-1200x1200-1.png","contentUrl":"https:\/\/www.delscookingtwist.com\/wp-content\/uploads\/2021\/04\/Del_sCookingTwist-1200x1200-1.png","width":1200,"height":1200,"caption":"Del's cooking twist"},"image":{"@id":"https:\/\/www.delscookingtwist.com\/fr\/#\/schema\/logo\/image\/"},"sameAs":["https:\/\/www.facebook.com\/pages\/Dels-cooking-twist\/158928514282620","https:\/\/x.com\/delstwist","https:\/\/instagram.com\/delscookingtwist","https:\/\/www.linkedin.com\/company\/15256060\/","https:\/\/www.pinterest.com\/delstwist\/","https:\/\/www.youtube.com\/channel\/UCX4VXKZduK2vq8vYIe4IxwQ"]},{"@type":"Person","@id":"https:\/\/www.delscookingtwist.com\/fr\/#\/schema\/person\/3e4febf518c8a60ed3c5ada91c175c91","name":"Delphine Fortin","image":{"@type":"ImageObject","inLanguage":"fr-FR","@id":"https:\/\/secure.gravatar.com\/avatar\/5f92ca31747492f2cc54e3357d21beb304e04824c6ba020a3c6e892130f111ee?s=96&d=mm&r=g","url":"https:\/\/secure.gravatar.com\/avatar\/5f92ca31747492f2cc54e3357d21beb304e04824c6ba020a3c6e892130f111ee?s=96&d=mm&r=g","contentUrl":"https:\/\/secure.gravatar.com\/avatar\/5f92ca31747492f2cc54e3357d21beb304e04824c6ba020a3c6e892130f111ee?s=96&d=mm&r=g","caption":"Delphine Fortin"},"description":"Hi! I'm a French girl living in Sweden. I have loved cooking, baking and creating new recipes ever since I was young. I love my treats sweet or salty, depending on my mood, but they have to be delicious with a possibly \"twist\", my personal touch actually. That's why I finally came to the point that I somehow had to share my recipes with you and try out to teach you this little cooking twist which is mine. Whatever the recipe, there is two things you have to think about when you're cooking: use the true ingredients (no sweeteners or light products, never ever) and think fresh (no frozen ingredients). Here is the best way to eat healthy! I also love travelling and try to get inspiration from other cultures, that's why I want to tips you about the best places to eat in Paris, Stockholm, or every other places I tried and loved! Hope you will like my recipes (but fore sure you will) and give me back 'your' personal twist then!","sameAs":["https:\/\/www.delscookingtwist.com\/about-me\/"],"url":"https:\/\/www.delscookingtwist.com\/fr\/author\/del\/"}]}},"_links":{"self":[{"href":"https:\/\/www.delscookingtwist.com\/fr\/wp-json\/wp\/v2\/posts\/29481","targetHints":{"allow":["GET"]}}],"collection":[{"href":"https:\/\/www.delscookingtwist.com\/fr\/wp-json\/wp\/v2\/posts"}],"about":[{"href":"https:\/\/www.delscookingtwist.com\/fr\/wp-json\/wp\/v2\/types\/post"}],"author":[{"embeddable":true,"href":"https:\/\/www.delscookingtwist.com\/fr\/wp-json\/wp\/v2\/users\/1"}],"replies":[{"embeddable":true,"href":"https:\/\/www.delscookingtwist.com\/fr\/wp-json\/wp\/v2\/comments?post=29481"}],"version-history":[{"count":0,"href":"https:\/\/www.delscookingtwist.com\/fr\/wp-json\/wp\/v2\/posts\/29481\/revisions"}],"wp:featuredmedia":[{"embeddable":true,"href":"https:\/\/www.delscookingtwist.com\/fr\/wp-json\/wp\/v2\/media\/46679"}],"wp:attachment":[{"href":"https:\/\/www.delscookingtwist.com\/fr\/wp-json\/wp\/v2\/media?parent=29481"}],"wp:term":[{"taxonomy":"category","embeddable":true,"href":"https:\/\/www.delscookingtwist.com\/fr\/wp-json\/wp\/v2\/categories?post=29481"},{"taxonomy":"post_tag","embeddable":true,"href":"https:\/\/www.delscookingtwist.com\/fr\/wp-json\/wp\/v2\/tags?post=29481"},{"taxonomy":"del_style","embeddable":true,"href":"https:\/\/www.delscookingtwist.com\/fr\/wp-json\/wp\/v2\/del_style?post=29481"},{"taxonomy":"del_diet","embeddable":true,"href":"https:\/\/www.delscookingtwist.com\/fr\/wp-json\/wp\/v2\/del_diet?post=29481"},{"taxonomy":"del_seasonal","embeddable":true,"href":"https:\/\/www.delscookingtwist.com\/fr\/wp-json\/wp\/v2\/del_seasonal?post=29481"},{"taxonomy":"del_occasion","embeddable":true,"href":"https:\/\/www.delscookingtwist.com\/fr\/wp-json\/wp\/v2\/del_occasion?post=29481"},{"taxonomy":"del_ingredient","embeddable":true,"href":"https:\/\/www.delscookingtwist.com\/fr\/wp-json\/wp\/v2\/del_ingredient?post=29481"}],"curies":[{"name":"wp","href":"https:\/\/api.w.org\/{rel}","templated":true}]}}