{"id":29345,"date":"2016-12-17T16:54:02","date_gmt":"2016-12-18T00:54:02","guid":{"rendered":"http:\/\/www.delscookingtwist.com\/2016\/12\/17\/pain-depices-etoile-au-foie-gras-et-confit-de-poires-a-la-vanille\/"},"modified":"2021-05-21T20:59:35","modified_gmt":"2021-05-22T03:59:35","slug":"pain-depices-etoile-au-foie-gras-et-confit-de-poires-a-la-vanille","status":"publish","type":"post","link":"https:\/\/www.delscookingtwist.com\/fr\/pain-depices-etoile-au-foie-gras-et-confit-de-poires-a-la-vanille\/","title":{"rendered":"Pain d&#8217;\u00e9pices \u00e9toil\u00e9 au foie gras et confit de poires \u00e0 la vanille"},"content":{"rendered":"<p style=\"text-align: justify;\"><em>\u00c0 tous mes amis vegan et v\u00e9g\u00e9tariens, tenez-vous \u00e0 l&#8217;\u00e9cart quelques instants et pardonnez-moi ma recette du jour. Pour tous les autres, ouvrons les festivit\u00e9s de No\u00ebl avec des toasts de pain d&#8217;\u00e9pices \u00e9toil\u00e9s au foie gras et confit de poires \u00e0 la vanille.<\/em><\/p>\n<p style=\"text-align: justify;\"><img decoding=\"async\" class=\"aligncenter size-full wp-image-26481\" src=\"https:\/\/www.delscookingtwist.com\/wp-content\/uploads\/2016\/12\/Star-Shaped-Gingerbread-with-Foie-Gras-and-Pear-Confit_0796.jpg\" alt=\"Star-Shaped Gingerbread with Foie Gras and Pear Confit\" width=\"1600\" height=\"2177\" srcset=\"https:\/\/www.delscookingtwist.com\/wp-content\/uploads\/2016\/12\/Star-Shaped-Gingerbread-with-Foie-Gras-and-Pear-Confit_0796.jpg 1200w, https:\/\/www.delscookingtwist.com\/wp-content\/uploads\/2016\/12\/Star-Shaped-Gingerbread-with-Foie-Gras-and-Pear-Confit_0796-220x300.jpg 220w, https:\/\/www.delscookingtwist.com\/wp-content\/uploads\/2016\/12\/Star-Shaped-Gingerbread-with-Foie-Gras-and-Pear-Confit_0796-768x1045.jpg 768w, https:\/\/www.delscookingtwist.com\/wp-content\/uploads\/2016\/12\/Star-Shaped-Gingerbread-with-Foie-Gras-and-Pear-Confit_0796-753x1024.jpg 753w\" sizes=\"(max-width: 770px) calc(100vw - 40px), 730px\" \/><\/p>\n<p style=\"text-align: justify;\">En France, le repas de No\u00ebl, c&#8217;est quelque chose de s\u00e9rieux, et d\u00e8s le 24 d\u00e9cembre on met les petits plats dans les grands pour pr\u00e9parer le d\u00eener du r\u00e9veillon de No\u00ebl. Le lendemain, les festivit\u00e9s se poursuivent autour du traditionnel repas de No\u00ebl qui peut durer des heures voire la journ\u00e9e enti\u00e8re. Dans ma famille, on commence g\u00e9n\u00e9ralement autour de midi autour de bouch\u00e9es ap\u00e9ritives, le temps que les invit\u00e9s se mettent dans l&#8217;ambiance et commencent \u00e0 bavarder ensemble, puis on encha\u00eene avec une ribambelle de plats qui arrivent de mani\u00e8re tr\u00e8s orchestr\u00e9e les uns apr\u00e8s les autres. Pas de pr\u00e9cipitation, on est l\u00e0 pour prendre son temps, appr\u00e9cier des mets fins et de qualit\u00e9, et aussi pour socialiser. \u00c0 la fin arrive le dessert, et ce n&#8217;est parfois qu&#8217;une simple pause de quelques heures avant de remettre le couvert pour un buffet frugal en fin de soir\u00e9e (il ne faudrait pas mourir de faim pendant la nuit!).<\/p>\n<p style=\"text-align: justify;\">Les f\u00eates de fin d&#8217;ann\u00e9e ont aussi pour caract\u00e9ristque de voir appara\u00eetre au menu quelques plats typiques et festifs, comme le foie gras qui reste un met d\u00e9licat de la cuisine fran\u00e7aise, m\u00eame s&#8217;il est aussi tr\u00e8s controvers\u00e9 par les d\u00e9fenseurs des animaux. Je comprends et respecte ce point de vue, et \u00e0 d\u00e9faut d&#8217;\u00eatre v\u00e9g\u00e9tarienne moi m\u00eame, je r\u00e9serve le foie gras pour des occasions tr\u00e8s sp\u00e9ciales et rares.<\/p>\n<p style=\"text-align: justify;\"><img decoding=\"async\" class=\"aligncenter size-full wp-image-26485\" src=\"https:\/\/www.delscookingtwist.com\/wp-content\/uploads\/2016\/12\/Star-Shaped-Gingerbread-with-Foie-Gras-and-Pear-Confit_0783.jpg\" alt=\"Star-Shaped Gingerbread with Foie Gras and Pear Confit\" width=\"1600\" height=\"2099\" srcset=\"https:\/\/www.delscookingtwist.com\/wp-content\/uploads\/2016\/12\/Star-Shaped-Gingerbread-with-Foie-Gras-and-Pear-Confit_0783.jpg 1200w, https:\/\/www.delscookingtwist.com\/wp-content\/uploads\/2016\/12\/Star-Shaped-Gingerbread-with-Foie-Gras-and-Pear-Confit_0783-229x300.jpg 229w, https:\/\/www.delscookingtwist.com\/wp-content\/uploads\/2016\/12\/Star-Shaped-Gingerbread-with-Foie-Gras-and-Pear-Confit_0783-768x1008.jpg 768w, https:\/\/www.delscookingtwist.com\/wp-content\/uploads\/2016\/12\/Star-Shaped-Gingerbread-with-Foie-Gras-and-Pear-Confit_0783-781x1024.jpg 781w\" sizes=\"(max-width: 770px) calc(100vw - 40px), 730px\" \/><\/p>\n<p style=\"text-align: justify;\">J&#8217;aime l&#8217;associer avec quelque chose de doux\/sucr\u00e9 et ajouter quelques cristaux de sel pour jouer sur le contraste des saveurs. Il existe de tr\u00e8s nombreuses fa<em>\u00e7<\/em>ons de pr\u00e9senter et servir le foie gras, comme par exemple en le servant sur une tranche de brioche, accompagn\u00e9 d&#8217;une confiture de figues ou d&#8217;oignons confits, ou bien encore avec un peu de vinaigre balsamique.<\/p>\n<p style=\"text-align: justify;\">Aujourd&#8217;hui c&#8217;est une version diff\u00e9rente que je vous pr\u00e9sente ici, tout en jouant sur ces saveurs sucr\u00e9es-sal\u00e9es. Le foie gras se mariant parfaitement avec les \u00e9pices, j&#8217;ai simplement r\u00e9alis\u00e9 un pain d&#8217;\u00e9pices que j&#8217;ai ensuite d\u00e9coup\u00e9 en forme d&#8217;\u00e9toiles \u00e0 l&#8217;aide d&#8217;un emporte-pi\u00e8ces. Cela permet de jouer sur la pr\u00e9sentation du plat que je trouve d\u00e8s lors plus festif. Une petite astuce si vous ne savez pas quoi faire des miettes de pain d&#8217;\u00e9pices restantes : utilisez-les pour r\u00e9aliser un tiramisu de No\u00ebl ou comme base pour un cheesecake. Superposez ensuite une tranche de foie gras sur vos \u00e9toiles de pain d&#8217;\u00e9pices, et finissez par le\u00a0confit de poires \u00e0 la vanille. Pour la touche finale, ajoutez un tour de poivre\u00a0du moulin.<\/p>\n<p style=\"text-align: justify;\"><img decoding=\"async\" class=\"aligncenter size-full wp-image-26482\" src=\"https:\/\/www.delscookingtwist.com\/wp-content\/uploads\/2016\/12\/Star-Shaped-Gingerbread-with-Foie-Gras-and-Pear-Confit_0765.jpg\" alt=\"Star-Shaped Gingerbread with Foie Gras and Pear Confit\" width=\"1600\" height=\"2099\" srcset=\"https:\/\/www.delscookingtwist.com\/wp-content\/uploads\/2016\/12\/Star-Shaped-Gingerbread-with-Foie-Gras-and-Pear-Confit_0765.jpg 1200w, https:\/\/www.delscookingtwist.com\/wp-content\/uploads\/2016\/12\/Star-Shaped-Gingerbread-with-Foie-Gras-and-Pear-Confit_0765-229x300.jpg 229w, https:\/\/www.delscookingtwist.com\/wp-content\/uploads\/2016\/12\/Star-Shaped-Gingerbread-with-Foie-Gras-and-Pear-Confit_0765-768x1008.jpg 768w, https:\/\/www.delscookingtwist.com\/wp-content\/uploads\/2016\/12\/Star-Shaped-Gingerbread-with-Foie-Gras-and-Pear-Confit_0765-781x1024.jpg 781w\" sizes=\"(max-width: 770px) calc(100vw - 40px), 730px\" \/><\/p>\n<p style=\"text-align: justify;\">Le confit de poires \u00e0 la vanille consiste en des fruits (en l&#8217;occurrence ici des poires)\u00a0que l&#8217;on laisse mac\u00e9rer dans du sucre, si bien qu&#8217;au final on obtient un met tr\u00e8s doux que l&#8217;on sert en tr\u00e8s petite quantit\u00e9 seulement, souvent pour accompagner un plat sal\u00e9 pour casser les saveurs. On pourrait aussi imaginer ici le servir avec un fromage fort, comme du bleu par exemple. L&#8217;ensemble se r\u00e9sume en\u00a0une v\u00e9ritable explosion de saveurs qui joue sur tous les tableaux. Servez votre foie gras avec un vin blanc doux tel que du Montbazillac par exemple, ou bien un vin blanc sec si vous pr\u00e9f\u00e9rez.<\/p>\n<p style=\"text-align: justify;\"><img decoding=\"async\" class=\"aligncenter size-full wp-image-26483\" src=\"https:\/\/www.delscookingtwist.com\/wp-content\/uploads\/2016\/12\/Star-Shaped-Gingerbread-with-Foie-Gras-and-Pear-Confit_0771c.jpg\" alt=\"Star-Shaped Gingerbread with Foie Gras and Pear Confit\" width=\"1600\" height=\"1080\" srcset=\"https:\/\/www.delscookingtwist.com\/wp-content\/uploads\/2016\/12\/Star-Shaped-Gingerbread-with-Foie-Gras-and-Pear-Confit_0771c.jpg 1200w, https:\/\/www.delscookingtwist.com\/wp-content\/uploads\/2016\/12\/Star-Shaped-Gingerbread-with-Foie-Gras-and-Pear-Confit_0771c-300x203.jpg 300w, https:\/\/www.delscookingtwist.com\/wp-content\/uploads\/2016\/12\/Star-Shaped-Gingerbread-with-Foie-Gras-and-Pear-Confit_0771c-768x518.jpg 768w, https:\/\/www.delscookingtwist.com\/wp-content\/uploads\/2016\/12\/Star-Shaped-Gingerbread-with-Foie-Gras-and-Pear-Confit_0771c-1024x691.jpg 1024w\" sizes=\"(max-width: 770px) calc(100vw - 40px), 730px\" \/><\/p>\n<svg aria-hidden=\"true\" style=\"position: absolute;width: 0;height: 0;overflow: hidden\" xmlns=\"http:\/\/www.w3.org\/2000\/svg\">\n<defs>\n<symbol viewbox=\"9 9 46 42\" id=\"wpt-star-full\">\n<path d=\"m46.3 52-14.4-9.5-14.4 9.4L22 35.3 8.7 24.5l17.1-.9 6.2-16 6 16 17.2 1-13.4 10.7z\" \/>\n<\/symbol>\n<\/defs>\n<\/svg>\n<a class=\"button tasty-recipes-print-button tasty-recipes-no-print tasty-recipes-print-above-card\" href=\"https:\/\/www.delscookingtwist.com\/fr\/pain-depices-etoile-au-foie-gras-et-confit-de-poires-a-la-vanille\/print\/22350\/\">Print<\/a><span class=\"tasty-recipes-jump-target\" id=\"tasty-recipes-22350-jump-target\" style=\"display:block;padding-top:2px;margin-top:-2px;\"><\/span><div id=\"tasty-recipes-22350\" data-tr-id=\"22350\" class=\"tasty-recipes tasty-recipes-22350 tasty-recipes-display tasty-recipes-has-image\">\n\r\n\r\n<div id=\"jump-to-recipe\" class=\"del-tasty-wrap notop nobot\">\r\n    <div class=\"del-tasty-header\">\r\n        <h2 class=\"tasty-recipes-title\">Pain d&#8217;\u00e9pices \u00e9toil\u00e9 au foie gras et confit de poires \u00e0 la vanille<\/h2>\r\n        <div class=\"del-tasty-meta\">\r\n            <ul>\r\n                                <li class=\"rating\"><div class=\"rating-a\"><span class=\"ratingicons\"><svg aria-hidden=\"true\" style=\"position: absolute;width: 0;height: 0;overflow: hidden\" xmlns=\"http:\/\/www.w3.org\/2000\/svg\">\n<defs>\n<symbol viewbox=\"9 9 46 42\" id=\"wpt-star-full\">\n<path d=\"m46.3 52-14.4-9.5-14.4 9.4L22 35.3 8.7 24.5l17.1-.9 6.2-16 6 16 17.2 1-13.4 10.7z\" \/>\n<\/symbol>\n<\/defs>\n<\/svg>\n<span class=\"tasty-recipes-ratings-buttons tasty-recipes-no-ratings-buttons\"\tdata-tr-default-rating=\"5\"\t>\t\t<span class=\"tasty-recipes-rating\" data-tr-checked=\"1\">\t\t<i class=\"checked\" data-rating=\"5\">\t\t\t<span class=\"tasty-recipes-rating-solid\" data-tr-clip=\"100\">\t\t\t\t<svg class=\"tasty-recipes-svg\" width=\"18\" height=\"17\"><use href=\"#wpt-star-full\" \/><\/svg>\t\t\t<\/span>\t\t\t<span class=\"tasty-recipes-screen-reader\">\t\t\t\t5 Stars\t\t\t<\/span>\t\t<\/i>\t<\/span>\t\t<span class=\"tasty-recipes-rating\" >\t\t<i class=\"checked\" data-rating=\"4\">\t\t\t<span class=\"tasty-recipes-rating-solid\" data-tr-clip=\"100\">\t\t\t\t<svg class=\"tasty-recipes-svg\" width=\"18\" height=\"17\"><use href=\"#wpt-star-full\" \/><\/svg>\t\t\t<\/span>\t\t\t<span class=\"tasty-recipes-screen-reader\">\t\t\t\t4 Stars\t\t\t<\/span>\t\t<\/i>\t<\/span>\t\t<span class=\"tasty-recipes-rating\" >\t\t<i class=\"checked\" data-rating=\"3\">\t\t\t<span class=\"tasty-recipes-rating-solid\" data-tr-clip=\"100\">\t\t\t\t<svg class=\"tasty-recipes-svg\" width=\"18\" height=\"17\"><use href=\"#wpt-star-full\" \/><\/svg>\t\t\t<\/span>\t\t\t<span class=\"tasty-recipes-screen-reader\">\t\t\t\t3 Stars\t\t\t<\/span>\t\t<\/i>\t<\/span>\t\t<span class=\"tasty-recipes-rating\" >\t\t<i class=\"checked\" data-rating=\"2\">\t\t\t<span class=\"tasty-recipes-rating-solid\" data-tr-clip=\"100\">\t\t\t\t<svg class=\"tasty-recipes-svg\" width=\"18\" height=\"17\"><use href=\"#wpt-star-full\" \/><\/svg>\t\t\t<\/span>\t\t\t<span class=\"tasty-recipes-screen-reader\">\t\t\t\t2 Stars\t\t\t<\/span>\t\t<\/i>\t<\/span>\t\t<span class=\"tasty-recipes-rating\" >\t\t<i class=\"checked\" data-rating=\"1\">\t\t\t<span class=\"tasty-recipes-rating-solid\" data-tr-clip=\"100\">\t\t\t\t<svg class=\"tasty-recipes-svg\" width=\"18\" height=\"17\"><use href=\"#wpt-star-full\" \/><\/svg>\t\t\t<\/span>\t\t\t<span class=\"tasty-recipes-screen-reader\">\t\t\t\t1 Star\t\t\t<\/span>\t\t<\/i>\t<\/span><\/span><\/span><span class=\"ratinglabel\"><span class=\"rating-label\"><span class=\"average\">5<\/span> from <span class=\"count\">1<\/span> review<\/span><\/span><\/div><\/li>\r\n                                                <li class=\"review\"><a href=\"#respond\">Laisser un commentaire<\/a><\/li>\r\n                            <\/ul>\r\n        <\/div>\r\n    <\/div>\r\n    <div class=\"del-tasty-cols\">\r\n                <div class=\"del-tasty-imagecol\">\r\n                        <div class=\"tasty-recipes-image\">\r\n                <img decoding=\"async\" width=\"300\" height=\"150\" src=\"https:\/\/www.delscookingtwist.com\/wp-content\/uploads\/2016\/12\/Star-Shaped-Gingerbread-with-Foie-Gras-and-Pear-Confit_0771c-300x150.jpg\" class=\"attachment-thumbnail size-thumbnail\" alt=\"Star-Shaped Gingerbread with Foie Gras and Pear Confit\" data-pin-nopin=\"true\" \/>            <\/div>\r\n                                    \r\n            <div class=\"tasty-recipes-buttons\">\r\n                                <div class=\"tasty-recipes-button-wrap\">\r\n                    \n<a class=\"btn btn-pink button tasty-recipes-print-button tasty-recipes-no-print\" href=\"https:\/\/www.delscookingtwist.com\/fr\/pain-depices-etoile-au-foie-gras-et-confit-de-poires-a-la-vanille\/print\/22350\/\" target=\"_blank\">\n\t\t\t<svg viewBox=\"0 0 24 24\" class=\"svg-print\" aria-hidden=\"true\"><use href=\"#tasty-recipes-icon-print\"><\/use><\/svg>\n\t\tPrint<\/a>\n                <\/div>\r\n                                            <\/div>\r\n                    <\/div>  \r\n                <div class=\"del-tasty-textcol\">\r\n                        <div class=\"tasty-recipes-details\">\r\n                <ul>\r\n                                            <li class=\"author\"><strong class=\"tasty-recipes-label\">Author:<\/strong> <span><span class=\"tasty-recipes-author-name\">Delphine Fortin<\/span><\/span><\/li>\r\n                                            <li class=\"prep-time\"><strong class=\"tasty-recipes-label\">Prep Time:<\/strong> <span><span class=\"tasty-recipes-prep-time\">1 hour<\/span><\/span><\/li>\r\n                                            <li class=\"cook-time\"><strong class=\"tasty-recipes-label\">Cook Time:<\/strong> <span><span class=\"tasty-recipes-cook-time\">1 hour 30 mins<\/span><\/span><\/li>\r\n                                            <li class=\"total-time\"><strong class=\"tasty-recipes-label\">Total Time:<\/strong> <span><span class=\"tasty-recipes-total-time\">2 hours 30 mins<\/span><\/span><\/li>\r\n                                            <li class=\"yield\"><strong class=\"tasty-recipes-label\">Yield:<\/strong> <span><span class=\"tasty-recipes-yield\"><span data-amount=\"8\">8<\/span>-<span data-amount=\"10\">10<\/span> toasts <span class=\"tasty-recipes-yield-scale\"><span data-amount=\"1\">1<\/span>x<\/span><\/span><\/span><\/li>\r\n                                            <li class=\"category\"><strong class=\"tasty-recipes-label\">Category:<\/strong> <span><span class=\"tasty-recipes-category\">Plats sal\u00e9s<\/span><\/span><\/li>\r\n                                            <li class=\"cuisine\"><strong class=\"tasty-recipes-label\">Cuisine:<\/strong> <span><span class=\"tasty-recipes-cuisine\">Recettes fran\u00e7aises<\/span><\/span><\/li>\r\n                                    <\/ul>\r\n            <\/div>\r\n                        \r\n\r\n                        <div class=\"tasty-recipes-description notop nobot\">\r\n                <p>\u00c0 tous mes amis vegan et v\u00e9g\u00e9tariens, tenez-vous \u00e0 l&#8217;\u00e9cart quelques instants et pardonnez-moi ma recette du jour. Pour tous les autres, ouvrons les festivit\u00e9s de No\u00ebl avec des toasts de pain d&#8217;\u00e9pices \u00e9toil\u00e9s au foie gras et confit de poires \u00e0 la vanille.<\/p>\n            <\/div>\r\n                        \r\n        <\/div>\r\n    <\/div>\r\n\r\n    <div class=\"contentbox contentbox-lightpink savethisrecipe notop nobot\" data-title=\"Pain d&#8217;\u00e9pices \u00e9toil\u00e9 au foie gras et confit de poires \u00e0 la vanille\" data-url=\"https:\/\/www.delscookingtwist.com\/fr\/pain-depices-etoile-au-foie-gras-et-confit-de-poires-a-la-vanille\/\">\r\n    <h3 data-toc-skip>Envoyez-moi cette recette par mail<\/h3>\r\n    <p>En bonus, de l&#8217;inspiration en cuisine chaque semaine.<\/p>\n    \r\n    <div class=\"customckform customckform-horz saveform\">\r\n        <script async data-uid=\"92b1c51bfa\" src=\"https:\/\/delscookingtwist.ck.page\/92b1c51bfa\/index.js\"><\/script>        \r\n    <\/div>    \r\n<\/div>    \r\n            <div class=\"tasty-recipes-ingredients\">\r\n            <div class=\"tasty-recipes-ingredients-header\">\r\n                <div class=\"tasty-recipes-ingredients-clipboard-container\">\r\n                    <h3>Ingr&eacute;dients<\/h3>\r\n                                    <\/div>\r\n                <div class=\"tasty-recipes-units-scale-container\"><span class=\"tasty-recipes-scale-container\">\n\t\t\t\t\t\t<span class=\"tasty-recipes-scale-label\">Scale<\/span>\n\t\t\t\t\t\t<button class=\"tasty-recipes-scale-button tasty-recipes-scale-button-active\" data-amount=\"1\" type=\"button\">1x<\/button><button class=\"tasty-recipes-scale-button\" data-amount=\"2\" type=\"button\">2x<\/button><button class=\"tasty-recipes-scale-button\" data-amount=\"3\" type=\"button\">3x<\/button>\n\t\t\t\t\t<\/span>\n\t\t\t\t\t<\/span><\/div>            <\/div>\r\n            <div class=\"tasty-recipes-ingredients-body\">\r\n                <h4>Pour le pain d&#8217;\u00e9pices :<\/h4>\n<ul>\n<li data-tr-ingredient-checkbox=\"\"><span class=\"tr-ingredient-checkbox-container\"><input type=\"checkbox\" name=\"ingredient_checkbox_69f13180b97bc\" id=\"ingredient_checkbox_69f13180b97bc\" aria-label=\"210g de miel\"><label for=\"ingredient_checkbox_69f13180b97bc\"><\/label><\/span><span data-amount=\"210\" data-unit=\"g\">210g<\/span> de miel<\/li>\n<li data-tr-ingredient-checkbox=\"\"><span class=\"tr-ingredient-checkbox-container\"><input type=\"checkbox\" name=\"ingredient_checkbox_69f13180b97c7\" id=\"ingredient_checkbox_69f13180b97c7\" aria-label=\"110g de farine de seigle\"><label for=\"ingredient_checkbox_69f13180b97c7\"><\/label><\/span><span data-amount=\"110\" data-unit=\"g\">110g<\/span> de farine de seigle<\/li>\n<li data-tr-ingredient-checkbox=\"\"><span class=\"tr-ingredient-checkbox-container\"><input type=\"checkbox\" name=\"ingredient_checkbox_69f13180b97cf\" id=\"ingredient_checkbox_69f13180b97cf\" aria-label=\"110g de farine T45\"><label for=\"ingredient_checkbox_69f13180b97cf\"><\/label><\/span><span data-amount=\"110\" data-unit=\"g\">110g<\/span> de farine T45<\/li>\n<li data-tr-ingredient-checkbox=\"\"><span class=\"tr-ingredient-checkbox-container\"><input type=\"checkbox\" name=\"ingredient_checkbox_69f13180b97d5\" id=\"ingredient_checkbox_69f13180b97d5\" aria-label=\"110g de lait froid\"><label for=\"ingredient_checkbox_69f13180b97d5\"><\/label><\/span><span data-amount=\"110\" data-unit=\"g\">110g<\/span> de lait froid<\/li>\n<li data-tr-ingredient-checkbox=\"\"><span class=\"tr-ingredient-checkbox-container\"><input type=\"checkbox\" name=\"ingredient_checkbox_69f13180b97dc\" id=\"ingredient_checkbox_69f13180b97dc\" aria-label=\"40g de sucre semoule\"><label for=\"ingredient_checkbox_69f13180b97dc\"><\/label><\/span><span data-amount=\"40\" data-unit=\"g\">40g<\/span> de sucre semoule<\/li>\n<li data-tr-ingredient-checkbox=\"\"><span class=\"tr-ingredient-checkbox-container\"><input type=\"checkbox\" name=\"ingredient_checkbox_69f13180b97e2\" id=\"ingredient_checkbox_69f13180b97e2\" aria-label=\"1 pinc\u00e9e de sel fin\"><label for=\"ingredient_checkbox_69f13180b97e2\"><\/label><\/span><span data-amount=\"1\">1<\/span> pinc\u00e9e de sel fin<\/li>\n<li data-tr-ingredient-checkbox=\"\"><span class=\"tr-ingredient-checkbox-container\"><input type=\"checkbox\" name=\"ingredient_checkbox_69f13180b97e9\" id=\"ingredient_checkbox_69f13180b97e9\" aria-label=\"12g de levure chimique\"><label for=\"ingredient_checkbox_69f13180b97e9\"><\/label><\/span><span data-amount=\"12\" data-unit=\"g\">12g<\/span> de levure chimique<\/li>\n<li data-tr-ingredient-checkbox=\"\"><span class=\"tr-ingredient-checkbox-container\"><input type=\"checkbox\" name=\"ingredient_checkbox_69f13180b97f0\" id=\"ingredient_checkbox_69f13180b97f0\" aria-label=\"2 gros \u0153ufs\"><label for=\"ingredient_checkbox_69f13180b97f0\"><\/label><\/span><span data-amount=\"2\">2<\/span> gros \u0153ufs<\/li>\n<li data-tr-ingredient-checkbox=\"\"><span class=\"tr-ingredient-checkbox-container\"><input type=\"checkbox\" name=\"ingredient_checkbox_69f13180b97f6\" id=\"ingredient_checkbox_69f13180b97f6\" aria-label=\"75g de beurre fondu\"><label for=\"ingredient_checkbox_69f13180b97f6\"><\/label><\/span><span data-amount=\"75\" data-unit=\"g\">75g<\/span> de beurre fondu<\/li>\n<li data-tr-ingredient-checkbox=\"\"><span class=\"tr-ingredient-checkbox-container\"><input type=\"checkbox\" name=\"ingredient_checkbox_69f13180b97fd\" id=\"ingredient_checkbox_69f13180b97fd\" aria-label=\"1 cuil. \u00e0 caf\u00e9 de zestes de citron\"><label for=\"ingredient_checkbox_69f13180b97fd\"><\/label><\/span><span data-amount=\"1\">1<\/span> cuil. \u00e0 caf\u00e9 de zestes de citron<\/li>\n<li data-tr-ingredient-checkbox=\"\"><span class=\"tr-ingredient-checkbox-container\"><input type=\"checkbox\" name=\"ingredient_checkbox_69f13180b9804\" id=\"ingredient_checkbox_69f13180b9804\" aria-label=\"1 cuil. \u00e0 caf\u00e9 de zestes d&#8217;orange\"><label for=\"ingredient_checkbox_69f13180b9804\"><\/label><\/span><span data-amount=\"1\">1<\/span> cuil. \u00e0 caf\u00e9 de zestes d&#8217;orange<\/li>\n<li data-tr-ingredient-checkbox=\"\"><span class=\"tr-ingredient-checkbox-container\"><input type=\"checkbox\" name=\"ingredient_checkbox_69f13180b9819\" id=\"ingredient_checkbox_69f13180b9819\" aria-label=\"1 cuil. \u00e0 caf\u00e9 de m\u00e9lange 4 \u00e9pices\"><label for=\"ingredient_checkbox_69f13180b9819\"><\/label><\/span><span data-amount=\"1\">1<\/span> cuil. \u00e0 caf\u00e9 de m\u00e9lange 4 \u00e9pices<\/li>\n<li data-tr-ingredient-checkbox=\"\"><span class=\"tr-ingredient-checkbox-container\"><input type=\"checkbox\" name=\"ingredient_checkbox_69f13180b981f\" id=\"ingredient_checkbox_69f13180b981f\" aria-label=\"1 cuil. \u00e0 caf\u00e9 de cannelle\"><label for=\"ingredient_checkbox_69f13180b981f\"><\/label><\/span><span data-amount=\"1\">1<\/span> cuil. \u00e0 caf\u00e9 de cannelle<\/li>\n<\/ul>\n<h4>Pour le confit poires-vanille :<\/h4>\n<ul>\n<li data-tr-ingredient-checkbox=\"\"><span class=\"tr-ingredient-checkbox-container\"><input type=\"checkbox\" name=\"ingredient_checkbox_69f13180b9826\" id=\"ingredient_checkbox_69f13180b9826\" aria-label=\"4 grosses poires Williams, \u00e9pluch\u00e9es et coup\u00e9es en petits d\u00e9s\"><label for=\"ingredient_checkbox_69f13180b9826\"><\/label><\/span><span data-amount=\"4\">4<\/span> grosses poires Williams, \u00e9pluch\u00e9es et coup\u00e9es en petits d\u00e9s<\/li>\n<li data-tr-ingredient-checkbox=\"\"><span class=\"tr-ingredient-checkbox-container\"><input type=\"checkbox\" name=\"ingredient_checkbox_69f13180b982d\" id=\"ingredient_checkbox_69f13180b982d\" aria-label=\"400 g de sucre semoule\"><label for=\"ingredient_checkbox_69f13180b982d\"><\/label><\/span><span data-amount=\"400\" data-unit=\"g\">400 g<\/span> de sucre semoule<\/li>\n<li data-tr-ingredient-checkbox=\"\"><span class=\"tr-ingredient-checkbox-container\"><input type=\"checkbox\" name=\"ingredient_checkbox_69f13180b9834\" id=\"ingredient_checkbox_69f13180b9834\" aria-label=\"1 gousse de vanille\"><label for=\"ingredient_checkbox_69f13180b9834\"><\/label><\/span><span data-amount=\"1\">1<\/span> gousse de vanille<\/li>\n<li data-tr-ingredient-checkbox=\"\"><span class=\"tr-ingredient-checkbox-container\"><input type=\"checkbox\" name=\"ingredient_checkbox_69f13180b983b\" id=\"ingredient_checkbox_69f13180b983b\" aria-label=\"1 morceau d\u2019\u00e9corce de citron\"><label for=\"ingredient_checkbox_69f13180b983b\"><\/label><\/span><span data-amount=\"1\">1<\/span> morceau d\u2019\u00e9corce de citron<\/li>\n<\/ul>\n<h4>Pour le foie gras<\/h4>\n<ul>\n<li data-tr-ingredient-checkbox=\"\"><span class=\"tr-ingredient-checkbox-container\"><input type=\"checkbox\" name=\"ingredient_checkbox_69f13180b9842\" id=\"ingredient_checkbox_69f13180b9842\" aria-label=\"1 belle pi\u00e8ce de foie gras de canard\"><label for=\"ingredient_checkbox_69f13180b9842\"><\/label><\/span><span data-amount=\"1\">1<\/span> belle pi\u00e8ce de foie gras de canard<\/li>\n<\/ul>\n<p><!--INSIDE_INGREDIENTS--><\/p>\n            <\/div>\r\n            <div class=\"tasty-recipes-cook-mode\">\n\t<div class=\"tasty-recipes-cook-mode__container\">\n\t\t<label class=\"tasty-recipes-cook-mode__switch\">\n\t\t\t<input type=\"checkbox\" id=\"tasty_recipes_69f13180ba70b_cookmode\">\n\t\t\t<span class=\"tasty-recipes-cook-mode__switch-slider tasty-recipes-cook-mode__switch-round\"\n\t\t\t\tdata-tasty-recipes-customization=\"button-color.background button-text-color.color\"><\/span>\n\t\t<\/label>\n\t\t<label for=\"tasty_recipes_69f13180ba70b_cookmode\">\n\t\t\t<span class=\"tasty-recipes-cook-mode__label\">Cook Mode<\/span>\n\t\t\t<span class=\"tasty-recipes-cook-mode__helper\">\n\t\t\t\tPrevent your screen from going dark\t\t\t<\/span>\n\t\t<\/label>\n\t<\/div>\n<\/div>\n        <\/div>\r\n    \r\n            <div class=\"tasty-recipes-instructions\">\r\n            <div class=\"tasty-recipes-instructions-header\">\r\n                <h3>Instructions<\/h3>\r\n                            <\/div>\r\n            <div class=\"tasty-recipes-instructions-body\">\r\n                <ol class=\"is-style-circles\">\n<li id=\"instruction-step-1\">Pr\u00e9chauffer le four \u00e0 150\u00b0C. Beurrer et fariner un moule \u00e0 cake.<\/li>\n<li id=\"instruction-step-2\">Pour le pain d&#8217;\u00e9pices: verser le miel dans un saladier. Ajouter la farine de seigle en m\u00e9langeant \u00e0 l&#8217;aide d&#8217;un batteur \u00e9lectrique \u00e0 faible vitesse pour \u00e9viter les projections. Incorporer ensuite un \u00e0 un la farine T45, le lait froid, le sucre semoule, le sel, la levure, les oeufs et le beurre fondu en m\u00e9langeant apr\u00e8s chaque addition. Ajouter les \u00e9pices et bien m\u00e9langer.<\/li>\n<li id=\"instruction-step-3\">Verser la p\u00e2te dans le moule \u00e0 cake et enfourner pendant 50 minutes. D\u00e9mouler lorsque le pain d&#8217;\u00e9pices est encore ti\u00e8de, le transf\u00e9rer sur une grille et laisser refroidir compl\u00e8tement.<\/li>\n<li id=\"instruction-step-4\">Pour le confit poires-vanille : \u00e9plucher et couper les poires en petits d\u00e9s. Placer dans un grand saladier, couvrir avec le sucre, ajouter la gousse de vanille gratt\u00e9e avec la gousse elle-m\u00eame et laisser reposer au moins 3 heures.<\/li>\n<li id=\"instruction-step-5\">Transvaser dans une casserole, ajouter l\u2019\u00e9corce de citron et porter \u00e0 \u00e9bullition, sur feu doux, en \u00e9cumant de temps en temps. Baisser le feu et poursuivre la cuisson en \u00e9cumant r\u00e9guli\u00e8rement, pendant 35 minutes. (Placer une goutte de confit sur une assiette, s\u2019il est cuit, il va se figer instantan\u00e9ment).<\/li>\n<li id=\"instruction-step-6\">Retirer la gousse de vanille et placez le confit dans des pots.<\/li>\n<li id=\"instruction-step-7\">D\u00e9couper le pain d&#8217;\u00e9pices en 8 \u00e0 10 tranches de m\u00eame taille, puis \u00e0 l&#8217;aide d&#8217;un emporte pi\u00e8ce en forme d&#8217;\u00e9toiles, d\u00e9couper une \u00e9toile sur chaque tranche.*<\/li>\n<li id=\"instruction-step-8\">Servir deux \u00e9toiles de pain d&#8217;\u00e9pices superpos\u00e9es, r\u00e9hauss\u00e9es d&#8217;une tranche de foie gras et du confit de poires par dessus. Ajouter un tour de poivre du moulin pour la touche finale.<\/li>\n<\/ol>\n            <\/div>\r\n        <\/div>\r\n    \r\n    \r\n    \r\n            <div class=\"tasty-recipes-notes notop nobot\">\r\n            <h3>Notes<\/h3>\r\n            <div class=\"tasty-recipes-notes-body\">\r\n                <p>* Pour \u00e9viter de gaspiller le reste de pain d&#8217;\u00e9pices, pr\u00e9parez un bon tiramisu ou cheesecake en verrine en utilisant les miettes de pain d&#8217;\u00e9pices pour le fond !<\/p>\n            <\/div>\r\n        <\/div>\r\n    \r\n    \r\n    \r\n    \r\n    \r\n    <\/div>\r\n\r\n\r\n\r\n<div class=\"postcats\">\r\n\t<a href=\"https:\/\/www.delscookingtwist.com\/fr\/categorie\/recettes\/aperitifs\/aperitifs-festifs\/\">Ap\u00e9ritifs festifs<\/a>, <a href=\"https:\/\/www.delscookingtwist.com\/fr\/saison\/hiver\/\">Hiver<\/a>, <a href=\"https:\/\/www.delscookingtwist.com\/fr\/occasion-fr\/noel\/\">No\u00ebl<\/a>, <a href=\"https:\/\/www.delscookingtwist.com\/fr\/regime\/pescetarien\/\">Pesc\u00e9tarien<\/a>, <a href=\"https:\/\/www.delscookingtwist.com\/fr\/ingredient-fr\/poires\/\">Poires<\/a>, <a href=\"https:\/\/www.delscookingtwist.com\/fr\/occasion-fr\/saint-valentin\/\">Saint Valentin<\/a><\/div>\r\n\r\n<div class=\"contentbox contentbox-lightpink notop nobot\">\r\n        <h2>Avez-vous r\u00e9alis\u00e9 cette recette ?<\/h2>\r\n        <p>Enfin, si vous r\u00e9alisez cette Pain d&#8217;\u00e9pices \u00e9toil\u00e9 au foie gras et confit de poires \u00e0 la vanille, merci de me laisser un petit commentaire et\/ou de noter la recette. Et bien s\u00fbr, n\u2019oubliez pas de me taguer sur <a href=\"https:\/\/instagram.com\/delscookingtwist\/\" target=\"_blank\">Instagram<\/a>, j\u2019adore voir vos r\u00e9alisations. Bon app\u00e9tit !<\/p>\n<\/div>\r\n\r\n<\/div>\n<p style=\"text-align: justify;\"><img decoding=\"async\" class=\"aligncenter size-full wp-image-26484\" src=\"https:\/\/www.delscookingtwist.com\/wp-content\/uploads\/2016\/12\/Star-Shaped-Gingerbread-with-Foie-Gras-and-Pear-Confit_0789.jpg\" alt=\"Star-Shaped Gingerbread with Foie Gras and Pear Confit\" width=\"1600\" height=\"2261\" srcset=\"https:\/\/www.delscookingtwist.com\/wp-content\/uploads\/2016\/12\/Star-Shaped-Gingerbread-with-Foie-Gras-and-Pear-Confit_0789.jpg 1200w, https:\/\/www.delscookingtwist.com\/wp-content\/uploads\/2016\/12\/Star-Shaped-Gingerbread-with-Foie-Gras-and-Pear-Confit_0789-212x300.jpg 212w, https:\/\/www.delscookingtwist.com\/wp-content\/uploads\/2016\/12\/Star-Shaped-Gingerbread-with-Foie-Gras-and-Pear-Confit_0789-768x1085.jpg 768w, https:\/\/www.delscookingtwist.com\/wp-content\/uploads\/2016\/12\/Star-Shaped-Gingerbread-with-Foie-Gras-and-Pear-Confit_0789-725x1024.jpg 725w\" sizes=\"(max-width: 770px) calc(100vw - 40px), 730px\" \/><\/p>\n<p style=\"text-align: justify;\"><img decoding=\"async\" class=\"aligncenter size-full wp-image-26487\" src=\"https:\/\/www.delscookingtwist.com\/wp-content\/uploads\/2016\/12\/Pain-d-epices-au-foie-gras-et-confit-de-poires_Pinterest.jpg\" alt=\"Pain d'\u00e9pices \u00e9toil\u00e9 au foie gras et confit de poires \u00e0 la vanille\" width=\"1151\" height=\"3400\" srcset=\"https:\/\/www.delscookingtwist.com\/wp-content\/uploads\/2016\/12\/Pain-d-epices-au-foie-gras-et-confit-de-poires_Pinterest.jpg 677w, https:\/\/www.delscookingtwist.com\/wp-content\/uploads\/2016\/12\/Pain-d-epices-au-foie-gras-et-confit-de-poires_Pinterest-102x300.jpg 102w, https:\/\/www.delscookingtwist.com\/wp-content\/uploads\/2016\/12\/Pain-d-epices-au-foie-gras-et-confit-de-poires_Pinterest-768x2269.jpg 768w, https:\/\/www.delscookingtwist.com\/wp-content\/uploads\/2016\/12\/Pain-d-epices-au-foie-gras-et-confit-de-poires_Pinterest-347x1024.jpg 347w\" sizes=\"(max-width: 770px) calc(100vw - 40px), 730px\" \/><\/p>\n","protected":false},"excerpt":{"rendered":"<p>\u00c0 tous mes amis vegan et v\u00e9g\u00e9tariens, tenez-vous \u00e0 l&#8217;\u00e9cart quelques instants et pardonnez-moi ma recette du jour. Pour tous les autres, ouvrons les festivit\u00e9s de No\u00ebl avec des toasts de pain d&#8217;\u00e9pices \u00e9toil\u00e9s au foie gras et confit de poires \u00e0 la vanille. En France, le repas de No\u00ebl, c&#8217;est quelque chose de s\u00e9rieux, [&hellip;]<\/p>\n","protected":false},"author":1,"featured_media":26485,"comment_status":"open","ping_status":"open","sticky":false,"template":"","format":"standard","meta":{"_acf_changed":false,"_monsterinsights_skip_tracking":false,"_monsterinsights_sitenote_active":false,"_monsterinsights_sitenote_note":"","_monsterinsights_sitenote_category":0,"footnotes":""},"categories":[41339],"tags":[],"del_style":[],"del_diet":[41362],"del_seasonal":[41368],"del_occasion":[41371,41375],"del_ingredient":[41390],"class_list":["post-29345","post","type-post","status-publish","format-standard","has-post-thumbnail","hentry","category-aperitifs-festifs","del_diet-pescetarien","del_seasonal-hiver","del_occasion-noel","del_occasion-saint-valentin","del_ingredient-poires"],"acf":[],"yoast_head":"<!-- This site is optimized with the Yoast SEO Premium plugin v27.4 (Yoast SEO v27.4) - https:\/\/yoast.com\/product\/yoast-seo-premium-wordpress\/ -->\n<title>Pain d&#039;\u00e9pices \u00e9toil\u00e9 au foie gras et confit de poires \u00e0 la vanille - Del&#039;s cooking twist<\/title>\n<meta name=\"description\" content=\"\u00c0 tous mes amis vegan et v\u00e9g\u00e9tariens, tenez-vous \u00e0 l&#039;\u00e9cart quelques instants et pardonnez-moi ma recette du jour. Pour tous les autres, ouvrons les festivit\u00e9s de No\u00ebl avec des toasts de pain d&#039;\u00e9pices \u00e9toil\u00e9s au foie gras et confit de poires \u00e0 la vanille.\" \/>\n<meta name=\"robots\" content=\"index, follow, max-snippet:-1, max-image-preview:large, max-video-preview:-1\" \/>\n<link rel=\"canonical\" href=\"https:\/\/www.delscookingtwist.com\/fr\/pain-depices-etoile-au-foie-gras-et-confit-de-poires-a-la-vanille\/\" \/>\n<meta property=\"og:locale\" content=\"fr_FR\" \/>\n<meta property=\"og:type\" content=\"article\" \/>\n<meta property=\"og:title\" content=\"Pain d&#039;\u00e9pices \u00e9toil\u00e9 au foie gras et confit de poires \u00e0 la vanille\" \/>\n<meta property=\"og:description\" content=\"\u00c0 tous mes amis vegan et v\u00e9g\u00e9tariens, tenez-vous \u00e0 l&#039;\u00e9cart quelques instants et pardonnez-moi ma recette du jour. Pour tous les autres, ouvrons les festivit\u00e9s de No\u00ebl avec des toasts de pain d&#039;\u00e9pices \u00e9toil\u00e9s au foie gras et confit de poires \u00e0 la vanille.\" \/>\n<meta property=\"og:url\" content=\"https:\/\/www.delscookingtwist.com\/fr\/pain-depices-etoile-au-foie-gras-et-confit-de-poires-a-la-vanille\/\" \/>\n<meta property=\"og:site_name\" content=\"Del&#039;s cooking twist\" \/>\n<meta property=\"article:publisher\" content=\"https:\/\/www.facebook.com\/pages\/Dels-cooking-twist\/158928514282620\" \/>\n<meta property=\"article:published_time\" content=\"2016-12-18T00:54:02+00:00\" \/>\n<meta property=\"article:modified_time\" content=\"2021-05-22T03:59:35+00:00\" \/>\n<meta property=\"og:image\" content=\"https:\/\/www.delscookingtwist.com\/wp-content\/uploads\/2016\/12\/Star-Shaped-Gingerbread-with-Foie-Gras-and-Pear-Confit_0783.jpg\" \/>\n\t<meta property=\"og:image:width\" content=\"1200\" \/>\n\t<meta property=\"og:image:height\" content=\"1574\" \/>\n\t<meta property=\"og:image:type\" content=\"image\/jpeg\" \/>\n<meta name=\"author\" content=\"Delphine Fortin\" \/>\n<meta name=\"twitter:card\" content=\"summary_large_image\" \/>\n<meta name=\"twitter:creator\" content=\"@delstwist\" \/>\n<meta name=\"twitter:site\" content=\"@delstwist\" \/>\n<meta name=\"twitter:label1\" content=\"\u00c9crit par\" \/>\n\t<meta name=\"twitter:data1\" content=\"Delphine Fortin\" \/>\n\t<meta name=\"twitter:label2\" content=\"Dur\u00e9e de lecture estim\u00e9e\" \/>\n\t<meta name=\"twitter:data2\" content=\"3 minutes\" \/>\n<script type=\"application\/ld+json\" class=\"yoast-schema-graph\">{\"@context\":\"https:\\\/\\\/schema.org\",\"@graph\":[{\"@type\":\"Article\",\"@id\":\"https:\\\/\\\/www.delscookingtwist.com\\\/fr\\\/pain-depices-etoile-au-foie-gras-et-confit-de-poires-a-la-vanille\\\/#article\",\"isPartOf\":{\"@id\":\"https:\\\/\\\/www.delscookingtwist.com\\\/fr\\\/pain-depices-etoile-au-foie-gras-et-confit-de-poires-a-la-vanille\\\/\"},\"author\":{\"name\":\"Delphine Fortin\",\"@id\":\"https:\\\/\\\/www.delscookingtwist.com\\\/fr\\\/#\\\/schema\\\/person\\\/3e4febf518c8a60ed3c5ada91c175c91\"},\"headline\":\"Pain d&#8217;\u00e9pices \u00e9toil\u00e9 au foie gras et confit de poires \u00e0 la vanille\",\"datePublished\":\"2016-12-18T00:54:02+00:00\",\"dateModified\":\"2021-05-22T03:59:35+00:00\",\"mainEntityOfPage\":{\"@id\":\"https:\\\/\\\/www.delscookingtwist.com\\\/fr\\\/pain-depices-etoile-au-foie-gras-et-confit-de-poires-a-la-vanille\\\/\"},\"wordCount\":663,\"commentCount\":2,\"publisher\":{\"@id\":\"https:\\\/\\\/www.delscookingtwist.com\\\/fr\\\/#organization\"},\"image\":{\"@id\":\"https:\\\/\\\/www.delscookingtwist.com\\\/fr\\\/pain-depices-etoile-au-foie-gras-et-confit-de-poires-a-la-vanille\\\/#primaryimage\"},\"thumbnailUrl\":\"https:\\\/\\\/www.delscookingtwist.com\\\/wp-content\\\/uploads\\\/2016\\\/12\\\/Star-Shaped-Gingerbread-with-Foie-Gras-and-Pear-Confit_0783.jpg\",\"articleSection\":[\"Ap\u00e9ritifs festifs\"],\"inLanguage\":\"fr-FR\",\"potentialAction\":[{\"@type\":\"CommentAction\",\"name\":\"Comment\",\"target\":[\"https:\\\/\\\/www.delscookingtwist.com\\\/fr\\\/pain-depices-etoile-au-foie-gras-et-confit-de-poires-a-la-vanille\\\/#respond\"]}]},{\"@type\":\"WebPage\",\"@id\":\"https:\\\/\\\/www.delscookingtwist.com\\\/fr\\\/pain-depices-etoile-au-foie-gras-et-confit-de-poires-a-la-vanille\\\/\",\"url\":\"https:\\\/\\\/www.delscookingtwist.com\\\/fr\\\/pain-depices-etoile-au-foie-gras-et-confit-de-poires-a-la-vanille\\\/\",\"name\":\"Pain d'\u00e9pices \u00e9toil\u00e9 au foie gras et confit de poires \u00e0 la vanille - Del&#039;s cooking twist\",\"isPartOf\":{\"@id\":\"https:\\\/\\\/www.delscookingtwist.com\\\/fr\\\/#website\"},\"primaryImageOfPage\":{\"@id\":\"https:\\\/\\\/www.delscookingtwist.com\\\/fr\\\/pain-depices-etoile-au-foie-gras-et-confit-de-poires-a-la-vanille\\\/#primaryimage\"},\"image\":{\"@id\":\"https:\\\/\\\/www.delscookingtwist.com\\\/fr\\\/pain-depices-etoile-au-foie-gras-et-confit-de-poires-a-la-vanille\\\/#primaryimage\"},\"thumbnailUrl\":\"https:\\\/\\\/www.delscookingtwist.com\\\/wp-content\\\/uploads\\\/2016\\\/12\\\/Star-Shaped-Gingerbread-with-Foie-Gras-and-Pear-Confit_0783.jpg\",\"datePublished\":\"2016-12-18T00:54:02+00:00\",\"dateModified\":\"2021-05-22T03:59:35+00:00\",\"description\":\"\u00c0 tous mes amis vegan et v\u00e9g\u00e9tariens, tenez-vous \u00e0 l'\u00e9cart quelques instants et pardonnez-moi ma recette du jour. Pour tous les autres, ouvrons les festivit\u00e9s de No\u00ebl avec des toasts de pain d'\u00e9pices \u00e9toil\u00e9s au foie gras et confit de poires \u00e0 la vanille.\",\"breadcrumb\":{\"@id\":\"https:\\\/\\\/www.delscookingtwist.com\\\/fr\\\/pain-depices-etoile-au-foie-gras-et-confit-de-poires-a-la-vanille\\\/#breadcrumb\"},\"inLanguage\":\"fr-FR\",\"potentialAction\":[{\"@type\":\"ReadAction\",\"target\":[\"https:\\\/\\\/www.delscookingtwist.com\\\/fr\\\/pain-depices-etoile-au-foie-gras-et-confit-de-poires-a-la-vanille\\\/\"]}]},{\"@type\":\"ImageObject\",\"inLanguage\":\"fr-FR\",\"@id\":\"https:\\\/\\\/www.delscookingtwist.com\\\/fr\\\/pain-depices-etoile-au-foie-gras-et-confit-de-poires-a-la-vanille\\\/#primaryimage\",\"url\":\"https:\\\/\\\/www.delscookingtwist.com\\\/wp-content\\\/uploads\\\/2016\\\/12\\\/Star-Shaped-Gingerbread-with-Foie-Gras-and-Pear-Confit_0783.jpg\",\"contentUrl\":\"https:\\\/\\\/www.delscookingtwist.com\\\/wp-content\\\/uploads\\\/2016\\\/12\\\/Star-Shaped-Gingerbread-with-Foie-Gras-and-Pear-Confit_0783.jpg\",\"width\":1200,\"height\":1574},{\"@type\":\"BreadcrumbList\",\"@id\":\"https:\\\/\\\/www.delscookingtwist.com\\\/fr\\\/pain-depices-etoile-au-foie-gras-et-confit-de-poires-a-la-vanille\\\/#breadcrumb\",\"itemListElement\":[{\"@type\":\"ListItem\",\"position\":1,\"name\":\"Accueil\",\"item\":\"https:\\\/\\\/www.delscookingtwist.com\\\/fr\\\/\"},{\"@type\":\"ListItem\",\"position\":2,\"name\":\"Recipes\",\"item\":\"https:\\\/\\\/www.delscookingtwist.com\\\/recipe-index\\\/\"},{\"@type\":\"ListItem\",\"position\":3,\"name\":\"Ap\u00e9ritifs\",\"item\":\"https:\\\/\\\/www.delscookingtwist.com\\\/fr\\\/categorie\\\/recettes\\\/aperitifs\\\/\"},{\"@type\":\"ListItem\",\"position\":4,\"name\":\"Ap\u00e9ritifs festifs\",\"item\":\"https:\\\/\\\/www.delscookingtwist.com\\\/fr\\\/categorie\\\/recettes\\\/aperitifs\\\/aperitifs-festifs\\\/\"},{\"@type\":\"ListItem\",\"position\":5,\"name\":\"Pain d&#8217;\u00e9pices \u00e9toil\u00e9 au foie gras et confit de poires \u00e0 la vanille\"}]},{\"@type\":\"WebSite\",\"@id\":\"https:\\\/\\\/www.delscookingtwist.com\\\/fr\\\/#website\",\"url\":\"https:\\\/\\\/www.delscookingtwist.com\\\/fr\\\/\",\"name\":\"Del&#039;s cooking twist\",\"description\":\"Plant-based | Wholesome | Organic\",\"publisher\":{\"@id\":\"https:\\\/\\\/www.delscookingtwist.com\\\/fr\\\/#organization\"},\"potentialAction\":[{\"@type\":\"SearchAction\",\"target\":{\"@type\":\"EntryPoint\",\"urlTemplate\":\"https:\\\/\\\/www.delscookingtwist.com\\\/fr\\\/?s={search_term_string}\"},\"query-input\":{\"@type\":\"PropertyValueSpecification\",\"valueRequired\":true,\"valueName\":\"search_term_string\"}}],\"inLanguage\":\"fr-FR\"},{\"@type\":\"Organization\",\"@id\":\"https:\\\/\\\/www.delscookingtwist.com\\\/fr\\\/#organization\",\"name\":\"Del's cooking twist\",\"url\":\"https:\\\/\\\/www.delscookingtwist.com\\\/fr\\\/\",\"logo\":{\"@type\":\"ImageObject\",\"inLanguage\":\"fr-FR\",\"@id\":\"https:\\\/\\\/www.delscookingtwist.com\\\/fr\\\/#\\\/schema\\\/logo\\\/image\\\/\",\"url\":\"https:\\\/\\\/www.delscookingtwist.com\\\/wp-content\\\/uploads\\\/2021\\\/04\\\/Del_sCookingTwist-1200x1200-1.png\",\"contentUrl\":\"https:\\\/\\\/www.delscookingtwist.com\\\/wp-content\\\/uploads\\\/2021\\\/04\\\/Del_sCookingTwist-1200x1200-1.png\",\"width\":1200,\"height\":1200,\"caption\":\"Del's cooking twist\"},\"image\":{\"@id\":\"https:\\\/\\\/www.delscookingtwist.com\\\/fr\\\/#\\\/schema\\\/logo\\\/image\\\/\"},\"sameAs\":[\"https:\\\/\\\/www.facebook.com\\\/pages\\\/Dels-cooking-twist\\\/158928514282620\",\"https:\\\/\\\/x.com\\\/delstwist\",\"https:\\\/\\\/instagram.com\\\/delscookingtwist\",\"https:\\\/\\\/www.linkedin.com\\\/company\\\/15256060\\\/\",\"https:\\\/\\\/www.pinterest.com\\\/delstwist\\\/\",\"https:\\\/\\\/www.youtube.com\\\/channel\\\/UCX4VXKZduK2vq8vYIe4IxwQ\"]},{\"@type\":\"Person\",\"@id\":\"https:\\\/\\\/www.delscookingtwist.com\\\/fr\\\/#\\\/schema\\\/person\\\/3e4febf518c8a60ed3c5ada91c175c91\",\"name\":\"Delphine Fortin\",\"image\":{\"@type\":\"ImageObject\",\"inLanguage\":\"fr-FR\",\"@id\":\"https:\\\/\\\/secure.gravatar.com\\\/avatar\\\/5f92ca31747492f2cc54e3357d21beb304e04824c6ba020a3c6e892130f111ee?s=96&d=mm&r=g\",\"url\":\"https:\\\/\\\/secure.gravatar.com\\\/avatar\\\/5f92ca31747492f2cc54e3357d21beb304e04824c6ba020a3c6e892130f111ee?s=96&d=mm&r=g\",\"contentUrl\":\"https:\\\/\\\/secure.gravatar.com\\\/avatar\\\/5f92ca31747492f2cc54e3357d21beb304e04824c6ba020a3c6e892130f111ee?s=96&d=mm&r=g\",\"caption\":\"Delphine Fortin\"},\"description\":\"Hi! I'm a French girl living in Sweden. I have loved cooking, baking and creating new recipes ever since I was young. I love my treats sweet or salty, depending on my mood, but they have to be delicious with a possibly \\\"twist\\\", my personal touch actually. That's why I finally came to the point that I somehow had to share my recipes with you and try out to teach you this little cooking twist which is mine. Whatever the recipe, there is two things you have to think about when you're cooking: use the true ingredients (no sweeteners or light products, never ever) and think fresh (no frozen ingredients). Here is the best way to eat healthy! I also love travelling and try to get inspiration from other cultures, that's why I want to tips you about the best places to eat in Paris, Stockholm, or every other places I tried and loved! Hope you will like my recipes (but fore sure you will) and give me back 'your' personal twist then!\",\"sameAs\":[\"https:\\\/\\\/www.delscookingtwist.com\\\/about-me\\\/\"],\"url\":\"https:\\\/\\\/www.delscookingtwist.com\\\/fr\\\/author\\\/del\\\/\"}]}<\/script>\n<!-- \/ Yoast SEO Premium plugin. -->","yoast_head_json":{"title":"Pain d'\u00e9pices \u00e9toil\u00e9 au foie gras et confit de poires \u00e0 la vanille - Del&#039;s cooking twist","description":"\u00c0 tous mes amis vegan et v\u00e9g\u00e9tariens, tenez-vous \u00e0 l'\u00e9cart quelques instants et pardonnez-moi ma recette du jour. Pour tous les autres, ouvrons les festivit\u00e9s de No\u00ebl avec des toasts de pain d'\u00e9pices \u00e9toil\u00e9s au foie gras et confit de poires \u00e0 la vanille.","robots":{"index":"index","follow":"follow","max-snippet":"max-snippet:-1","max-image-preview":"max-image-preview:large","max-video-preview":"max-video-preview:-1"},"canonical":"https:\/\/www.delscookingtwist.com\/fr\/pain-depices-etoile-au-foie-gras-et-confit-de-poires-a-la-vanille\/","og_locale":"fr_FR","og_type":"article","og_title":"Pain d'\u00e9pices \u00e9toil\u00e9 au foie gras et confit de poires \u00e0 la vanille","og_description":"\u00c0 tous mes amis vegan et v\u00e9g\u00e9tariens, tenez-vous \u00e0 l'\u00e9cart quelques instants et pardonnez-moi ma recette du jour. Pour tous les autres, ouvrons les festivit\u00e9s de No\u00ebl avec des toasts de pain d'\u00e9pices \u00e9toil\u00e9s au foie gras et confit de poires \u00e0 la vanille.","og_url":"https:\/\/www.delscookingtwist.com\/fr\/pain-depices-etoile-au-foie-gras-et-confit-de-poires-a-la-vanille\/","og_site_name":"Del&#039;s cooking twist","article_publisher":"https:\/\/www.facebook.com\/pages\/Dels-cooking-twist\/158928514282620","article_published_time":"2016-12-18T00:54:02+00:00","article_modified_time":"2021-05-22T03:59:35+00:00","og_image":[{"width":1200,"height":1574,"url":"https:\/\/www.delscookingtwist.com\/wp-content\/uploads\/2016\/12\/Star-Shaped-Gingerbread-with-Foie-Gras-and-Pear-Confit_0783.jpg","type":"image\/jpeg"}],"author":"Delphine Fortin","twitter_card":"summary_large_image","twitter_creator":"@delstwist","twitter_site":"@delstwist","twitter_misc":{"\u00c9crit par":"Delphine Fortin","Dur\u00e9e de lecture estim\u00e9e":"3 minutes"},"schema":{"@context":"https:\/\/schema.org","@graph":[{"@type":"Article","@id":"https:\/\/www.delscookingtwist.com\/fr\/pain-depices-etoile-au-foie-gras-et-confit-de-poires-a-la-vanille\/#article","isPartOf":{"@id":"https:\/\/www.delscookingtwist.com\/fr\/pain-depices-etoile-au-foie-gras-et-confit-de-poires-a-la-vanille\/"},"author":{"name":"Delphine Fortin","@id":"https:\/\/www.delscookingtwist.com\/fr\/#\/schema\/person\/3e4febf518c8a60ed3c5ada91c175c91"},"headline":"Pain d&#8217;\u00e9pices \u00e9toil\u00e9 au foie gras et confit de poires \u00e0 la vanille","datePublished":"2016-12-18T00:54:02+00:00","dateModified":"2021-05-22T03:59:35+00:00","mainEntityOfPage":{"@id":"https:\/\/www.delscookingtwist.com\/fr\/pain-depices-etoile-au-foie-gras-et-confit-de-poires-a-la-vanille\/"},"wordCount":663,"commentCount":2,"publisher":{"@id":"https:\/\/www.delscookingtwist.com\/fr\/#organization"},"image":{"@id":"https:\/\/www.delscookingtwist.com\/fr\/pain-depices-etoile-au-foie-gras-et-confit-de-poires-a-la-vanille\/#primaryimage"},"thumbnailUrl":"https:\/\/www.delscookingtwist.com\/wp-content\/uploads\/2016\/12\/Star-Shaped-Gingerbread-with-Foie-Gras-and-Pear-Confit_0783.jpg","articleSection":["Ap\u00e9ritifs festifs"],"inLanguage":"fr-FR","potentialAction":[{"@type":"CommentAction","name":"Comment","target":["https:\/\/www.delscookingtwist.com\/fr\/pain-depices-etoile-au-foie-gras-et-confit-de-poires-a-la-vanille\/#respond"]}]},{"@type":"WebPage","@id":"https:\/\/www.delscookingtwist.com\/fr\/pain-depices-etoile-au-foie-gras-et-confit-de-poires-a-la-vanille\/","url":"https:\/\/www.delscookingtwist.com\/fr\/pain-depices-etoile-au-foie-gras-et-confit-de-poires-a-la-vanille\/","name":"Pain d'\u00e9pices \u00e9toil\u00e9 au foie gras et confit de poires \u00e0 la vanille - Del&#039;s cooking twist","isPartOf":{"@id":"https:\/\/www.delscookingtwist.com\/fr\/#website"},"primaryImageOfPage":{"@id":"https:\/\/www.delscookingtwist.com\/fr\/pain-depices-etoile-au-foie-gras-et-confit-de-poires-a-la-vanille\/#primaryimage"},"image":{"@id":"https:\/\/www.delscookingtwist.com\/fr\/pain-depices-etoile-au-foie-gras-et-confit-de-poires-a-la-vanille\/#primaryimage"},"thumbnailUrl":"https:\/\/www.delscookingtwist.com\/wp-content\/uploads\/2016\/12\/Star-Shaped-Gingerbread-with-Foie-Gras-and-Pear-Confit_0783.jpg","datePublished":"2016-12-18T00:54:02+00:00","dateModified":"2021-05-22T03:59:35+00:00","description":"\u00c0 tous mes amis vegan et v\u00e9g\u00e9tariens, tenez-vous \u00e0 l'\u00e9cart quelques instants et pardonnez-moi ma recette du jour. Pour tous les autres, ouvrons les festivit\u00e9s de No\u00ebl avec des toasts de pain d'\u00e9pices \u00e9toil\u00e9s au foie gras et confit de poires \u00e0 la vanille.","breadcrumb":{"@id":"https:\/\/www.delscookingtwist.com\/fr\/pain-depices-etoile-au-foie-gras-et-confit-de-poires-a-la-vanille\/#breadcrumb"},"inLanguage":"fr-FR","potentialAction":[{"@type":"ReadAction","target":["https:\/\/www.delscookingtwist.com\/fr\/pain-depices-etoile-au-foie-gras-et-confit-de-poires-a-la-vanille\/"]}]},{"@type":"ImageObject","inLanguage":"fr-FR","@id":"https:\/\/www.delscookingtwist.com\/fr\/pain-depices-etoile-au-foie-gras-et-confit-de-poires-a-la-vanille\/#primaryimage","url":"https:\/\/www.delscookingtwist.com\/wp-content\/uploads\/2016\/12\/Star-Shaped-Gingerbread-with-Foie-Gras-and-Pear-Confit_0783.jpg","contentUrl":"https:\/\/www.delscookingtwist.com\/wp-content\/uploads\/2016\/12\/Star-Shaped-Gingerbread-with-Foie-Gras-and-Pear-Confit_0783.jpg","width":1200,"height":1574},{"@type":"BreadcrumbList","@id":"https:\/\/www.delscookingtwist.com\/fr\/pain-depices-etoile-au-foie-gras-et-confit-de-poires-a-la-vanille\/#breadcrumb","itemListElement":[{"@type":"ListItem","position":1,"name":"Accueil","item":"https:\/\/www.delscookingtwist.com\/fr\/"},{"@type":"ListItem","position":2,"name":"Recipes","item":"https:\/\/www.delscookingtwist.com\/recipe-index\/"},{"@type":"ListItem","position":3,"name":"Ap\u00e9ritifs","item":"https:\/\/www.delscookingtwist.com\/fr\/categorie\/recettes\/aperitifs\/"},{"@type":"ListItem","position":4,"name":"Ap\u00e9ritifs festifs","item":"https:\/\/www.delscookingtwist.com\/fr\/categorie\/recettes\/aperitifs\/aperitifs-festifs\/"},{"@type":"ListItem","position":5,"name":"Pain d&#8217;\u00e9pices \u00e9toil\u00e9 au foie gras et confit de poires \u00e0 la vanille"}]},{"@type":"WebSite","@id":"https:\/\/www.delscookingtwist.com\/fr\/#website","url":"https:\/\/www.delscookingtwist.com\/fr\/","name":"Del&#039;s cooking twist","description":"Plant-based | Wholesome | Organic","publisher":{"@id":"https:\/\/www.delscookingtwist.com\/fr\/#organization"},"potentialAction":[{"@type":"SearchAction","target":{"@type":"EntryPoint","urlTemplate":"https:\/\/www.delscookingtwist.com\/fr\/?s={search_term_string}"},"query-input":{"@type":"PropertyValueSpecification","valueRequired":true,"valueName":"search_term_string"}}],"inLanguage":"fr-FR"},{"@type":"Organization","@id":"https:\/\/www.delscookingtwist.com\/fr\/#organization","name":"Del's cooking twist","url":"https:\/\/www.delscookingtwist.com\/fr\/","logo":{"@type":"ImageObject","inLanguage":"fr-FR","@id":"https:\/\/www.delscookingtwist.com\/fr\/#\/schema\/logo\/image\/","url":"https:\/\/www.delscookingtwist.com\/wp-content\/uploads\/2021\/04\/Del_sCookingTwist-1200x1200-1.png","contentUrl":"https:\/\/www.delscookingtwist.com\/wp-content\/uploads\/2021\/04\/Del_sCookingTwist-1200x1200-1.png","width":1200,"height":1200,"caption":"Del's cooking twist"},"image":{"@id":"https:\/\/www.delscookingtwist.com\/fr\/#\/schema\/logo\/image\/"},"sameAs":["https:\/\/www.facebook.com\/pages\/Dels-cooking-twist\/158928514282620","https:\/\/x.com\/delstwist","https:\/\/instagram.com\/delscookingtwist","https:\/\/www.linkedin.com\/company\/15256060\/","https:\/\/www.pinterest.com\/delstwist\/","https:\/\/www.youtube.com\/channel\/UCX4VXKZduK2vq8vYIe4IxwQ"]},{"@type":"Person","@id":"https:\/\/www.delscookingtwist.com\/fr\/#\/schema\/person\/3e4febf518c8a60ed3c5ada91c175c91","name":"Delphine Fortin","image":{"@type":"ImageObject","inLanguage":"fr-FR","@id":"https:\/\/secure.gravatar.com\/avatar\/5f92ca31747492f2cc54e3357d21beb304e04824c6ba020a3c6e892130f111ee?s=96&d=mm&r=g","url":"https:\/\/secure.gravatar.com\/avatar\/5f92ca31747492f2cc54e3357d21beb304e04824c6ba020a3c6e892130f111ee?s=96&d=mm&r=g","contentUrl":"https:\/\/secure.gravatar.com\/avatar\/5f92ca31747492f2cc54e3357d21beb304e04824c6ba020a3c6e892130f111ee?s=96&d=mm&r=g","caption":"Delphine Fortin"},"description":"Hi! I'm a French girl living in Sweden. I have loved cooking, baking and creating new recipes ever since I was young. I love my treats sweet or salty, depending on my mood, but they have to be delicious with a possibly \"twist\", my personal touch actually. That's why I finally came to the point that I somehow had to share my recipes with you and try out to teach you this little cooking twist which is mine. Whatever the recipe, there is two things you have to think about when you're cooking: use the true ingredients (no sweeteners or light products, never ever) and think fresh (no frozen ingredients). Here is the best way to eat healthy! I also love travelling and try to get inspiration from other cultures, that's why I want to tips you about the best places to eat in Paris, Stockholm, or every other places I tried and loved! Hope you will like my recipes (but fore sure you will) and give me back 'your' personal twist then!","sameAs":["https:\/\/www.delscookingtwist.com\/about-me\/"],"url":"https:\/\/www.delscookingtwist.com\/fr\/author\/del\/"}]}},"_links":{"self":[{"href":"https:\/\/www.delscookingtwist.com\/fr\/wp-json\/wp\/v2\/posts\/29345","targetHints":{"allow":["GET"]}}],"collection":[{"href":"https:\/\/www.delscookingtwist.com\/fr\/wp-json\/wp\/v2\/posts"}],"about":[{"href":"https:\/\/www.delscookingtwist.com\/fr\/wp-json\/wp\/v2\/types\/post"}],"author":[{"embeddable":true,"href":"https:\/\/www.delscookingtwist.com\/fr\/wp-json\/wp\/v2\/users\/1"}],"replies":[{"embeddable":true,"href":"https:\/\/www.delscookingtwist.com\/fr\/wp-json\/wp\/v2\/comments?post=29345"}],"version-history":[{"count":0,"href":"https:\/\/www.delscookingtwist.com\/fr\/wp-json\/wp\/v2\/posts\/29345\/revisions"}],"wp:featuredmedia":[{"embeddable":true,"href":"https:\/\/www.delscookingtwist.com\/fr\/wp-json\/wp\/v2\/media\/26485"}],"wp:attachment":[{"href":"https:\/\/www.delscookingtwist.com\/fr\/wp-json\/wp\/v2\/media?parent=29345"}],"wp:term":[{"taxonomy":"category","embeddable":true,"href":"https:\/\/www.delscookingtwist.com\/fr\/wp-json\/wp\/v2\/categories?post=29345"},{"taxonomy":"post_tag","embeddable":true,"href":"https:\/\/www.delscookingtwist.com\/fr\/wp-json\/wp\/v2\/tags?post=29345"},{"taxonomy":"del_style","embeddable":true,"href":"https:\/\/www.delscookingtwist.com\/fr\/wp-json\/wp\/v2\/del_style?post=29345"},{"taxonomy":"del_diet","embeddable":true,"href":"https:\/\/www.delscookingtwist.com\/fr\/wp-json\/wp\/v2\/del_diet?post=29345"},{"taxonomy":"del_seasonal","embeddable":true,"href":"https:\/\/www.delscookingtwist.com\/fr\/wp-json\/wp\/v2\/del_seasonal?post=29345"},{"taxonomy":"del_occasion","embeddable":true,"href":"https:\/\/www.delscookingtwist.com\/fr\/wp-json\/wp\/v2\/del_occasion?post=29345"},{"taxonomy":"del_ingredient","embeddable":true,"href":"https:\/\/www.delscookingtwist.com\/fr\/wp-json\/wp\/v2\/del_ingredient?post=29345"}],"curies":[{"name":"wp","href":"https:\/\/api.w.org\/{rel}","templated":true}]}}