{"id":29219,"date":"2025-04-15T23:13:35","date_gmt":"2025-04-16T06:13:35","guid":{"rendered":"http:\/\/www.delscookingtwist.com\/2016\/02\/21\/legumes-racines-rotis-au-four-a-la-feta-et-au-miel\/"},"modified":"2025-04-15T23:14:34","modified_gmt":"2025-04-16T06:14:34","slug":"carottes-roties-au-miel-et-a-la-feta","status":"publish","type":"post","link":"https:\/\/www.delscookingtwist.com\/fr\/carottes-roties-au-miel-et-a-la-feta\/","title":{"rendered":"Carottes r\u00f4ties au miel et \u00e0 la feta"},"content":{"rendered":"\n<p><em>Les carottes r\u00f4ties au miel et \u00e0 la feta constituent une id\u00e9e d&#8217;accompagnement toute simple qui sied \u00e0 toute occasion, au printemps comme \u00e0 l&#8217;automne. Des carottes nouvelles, du miel, du thym, un peu de feta et le tour est jou\u00e9 !<\/em><\/p>\n\n\n\n<figure class=\"wp-block-image size-large\"><img decoding=\"async\" width=\"730\" height=\"1095\" src=\"https:\/\/www.delscookingtwist.com\/wp-content\/uploads\/2025\/04\/Roasted-Carrots-with-Feta_3-730x1095.jpg\" alt=\"Les carottes r\u00f4ties au miel et \u00e0 la feta constituent une id\u00e9e d'accompagnement id\u00e9ale au printemps comme \u00e0 l'automne.\" class=\"wp-image-56389\" srcset=\"https:\/\/www.delscookingtwist.com\/wp-content\/uploads\/2025\/04\/Roasted-Carrots-with-Feta_3-730x1095.jpg 730w, https:\/\/www.delscookingtwist.com\/wp-content\/uploads\/2025\/04\/Roasted-Carrots-with-Feta_3-560x840.jpg 560w, https:\/\/www.delscookingtwist.com\/wp-content\/uploads\/2025\/04\/Roasted-Carrots-with-Feta_3-768x1152.jpg 768w, https:\/\/www.delscookingtwist.com\/wp-content\/uploads\/2025\/04\/Roasted-Carrots-with-Feta_3-1024x1536.jpg 1024w, https:\/\/www.delscookingtwist.com\/wp-content\/uploads\/2025\/04\/Roasted-Carrots-with-Feta_3.jpg 1200w\" sizes=\"(max-width: 770px) calc(100vw - 40px), 730px\" \/><\/figure>\n\n\n\n<p>La simplicit\u00e9 a du bon, et parfois il suffit de savoir sublimer des l\u00e9gumes de saison pour cr\u00e9er un repas savoureux. J&#8217;ai initialement partag\u00e9 cette recette en 2026 lorsque je vivais en Su\u00e8de et ai d\u00e9cid\u00e9 de la remettre au go\u00fbt du jour avec de nouvelles photos et en ajoutant de nombreuses d\u00e9clinaisons possibles.<\/p>\n\n\n\n<figure class=\"wp-block-image size-large\"><img decoding=\"async\" width=\"730\" height=\"1095\" src=\"https:\/\/www.delscookingtwist.com\/wp-content\/uploads\/2025\/04\/Roasted-Carrots-with-Feta_4-730x1095.jpg\" alt=\"Les carottes r\u00f4ties au miel et \u00e0 la feta constituent une id\u00e9e d'accompagnement id\u00e9ale au printemps comme \u00e0 l'automne.\" class=\"wp-image-56391\" srcset=\"https:\/\/www.delscookingtwist.com\/wp-content\/uploads\/2025\/04\/Roasted-Carrots-with-Feta_4-730x1095.jpg 730w, https:\/\/www.delscookingtwist.com\/wp-content\/uploads\/2025\/04\/Roasted-Carrots-with-Feta_4-560x840.jpg 560w, https:\/\/www.delscookingtwist.com\/wp-content\/uploads\/2025\/04\/Roasted-Carrots-with-Feta_4-768x1152.jpg 768w, https:\/\/www.delscookingtwist.com\/wp-content\/uploads\/2025\/04\/Roasted-Carrots-with-Feta_4-1024x1536.jpg 1024w, https:\/\/www.delscookingtwist.com\/wp-content\/uploads\/2025\/04\/Roasted-Carrots-with-Feta_4.jpg 1200w\" sizes=\"(max-width: 770px) calc(100vw - 40px), 730px\" \/><\/figure>\n\n\n\n<p>Ce plat de carottes r\u00f4ties au miel est simple et rapide \u00e0 pr\u00e9parer, avec une poign\u00e9e d&#8217;ingr\u00e9dients tout au plus. C\u00f4t\u00e9 saveur, la feta sal\u00e9e contraste \u00e0 merveille la douceur des carottes au miel, tandis que le thym apporte des notes aromatiques \u00e0 l&#8217;ensemble. Qu&#8217;elles soient pr\u00e9par\u00e9es avec des carottes arc-en-ciel ou des carottes nouvelles oranges, mes enfants les d\u00e9vorent en quelques instants, souvent accompagn\u00e9es de lentilles du Puys.<\/p>\n\n\n\t\t<div class=\"contentbox contentbox-palepink notop nobot\">\t\t\r\n\t\t\t\n\n<h2 class=\"wp-block-heading\" id=\"h-les-carottes-roties-au-miel-ce-sont\">Les carottes r\u00f4ties au miel, ce sont&#8230;<\/h2>\n\n\n\n<ul class=\"wp-block-list is-style-check\">\n<li>Un <strong>accompagnement tout simple<\/strong>, qui peut aussi constituer un plat v\u00e9g\u00e9tarien complet accompagn\u00e9 de lentilles<\/li>\n\n\n\n<li><strong>Des carottes nouvelles<\/strong> et une poign\u00e9e d&#8217;ingr\u00e9dients de base<\/li>\n\n\n\n<li>Une recette id\u00e9ale <strong>au printemps comme \u00e0 l&#8217;automne<\/strong><\/li>\n<\/ul>\n\n\t\t<\/div>\r\n\t\t\n\n\n<figure class=\"wp-block-image size-large\"><img decoding=\"async\" width=\"730\" height=\"1095\" src=\"https:\/\/www.delscookingtwist.com\/wp-content\/uploads\/2025\/04\/Roasted-Carrots-with-Feta_2-730x1095.jpg\" alt=\"Les carottes r\u00f4ties au miel et \u00e0 la feta constituent une id\u00e9e d'accompagnement id\u00e9ale au printemps comme \u00e0 l'automne.\" class=\"wp-image-56387\" srcset=\"https:\/\/www.delscookingtwist.com\/wp-content\/uploads\/2025\/04\/Roasted-Carrots-with-Feta_2-730x1095.jpg 730w, https:\/\/www.delscookingtwist.com\/wp-content\/uploads\/2025\/04\/Roasted-Carrots-with-Feta_2-560x840.jpg 560w, https:\/\/www.delscookingtwist.com\/wp-content\/uploads\/2025\/04\/Roasted-Carrots-with-Feta_2-768x1152.jpg 768w, https:\/\/www.delscookingtwist.com\/wp-content\/uploads\/2025\/04\/Roasted-Carrots-with-Feta_2-1024x1536.jpg 1024w, https:\/\/www.delscookingtwist.com\/wp-content\/uploads\/2025\/04\/Roasted-Carrots-with-Feta_2.jpg 1200w\" sizes=\"(max-width: 770px) calc(100vw - 40px), 730px\" \/><\/figure>\n\n\n\n<h2 class=\"wp-block-heading\" id=\"h-les-ingredients-phares-de-la-recette\">Les ingr\u00e9dients phares de la recette<\/h2>\n\n\n\n<ul class=\"wp-block-list\">\n<li><strong>Carottes.<\/strong> Choisissez id\u00e9alement des petites carottes nouvelles, de couleur orange ou arc-en-ciel au choix. Si vous r\u00e9alisez cette recette avec des carottes ordinaires, et donc g\u00e9n\u00e9ralement plus grosses, coupez-les en deux et dans le sens de la longueur.<\/li>\n\n\n\n<li><strong>Miel.<\/strong> Il apporte de la douceur suppl\u00e9mentaire aux carottes.<\/li>\n\n\n\n<li><strong>Feta cheese.<\/strong> Le c\u00f4t\u00e9 sal\u00e9 de la feta contraste la douceur des carottes. Choisissez un bloc de feta et emiettez-le vous-m\u00eame (plut\u00f4t que d&#8217;acheter de la feta d\u00e9j\u00e0 \u00e9miett\u00e9e).<\/li>\n\n\n\n<li><strong>Thym.<\/strong> Il apporte des notes aromatiques et de la fra\u00eecheur aux carottes r\u00f4ties.<\/li>\n<\/ul>\n\n\n\n<figure class=\"wp-block-image size-large\"><img decoding=\"async\" width=\"730\" height=\"1095\" src=\"https:\/\/www.delscookingtwist.com\/wp-content\/uploads\/2025\/04\/Roasted-Carrots-with-Feta_Ingredients-730x1095.jpg\" alt=\"Les carottes r\u00f4ties au miel et \u00e0 la feta constituent une id\u00e9e d'accompagnement id\u00e9ale au printemps comme \u00e0 l'automne.\" class=\"wp-image-56397\" srcset=\"https:\/\/www.delscookingtwist.com\/wp-content\/uploads\/2025\/04\/Roasted-Carrots-with-Feta_Ingredients-730x1095.jpg 730w, https:\/\/www.delscookingtwist.com\/wp-content\/uploads\/2025\/04\/Roasted-Carrots-with-Feta_Ingredients-560x840.jpg 560w, https:\/\/www.delscookingtwist.com\/wp-content\/uploads\/2025\/04\/Roasted-Carrots-with-Feta_Ingredients-768x1152.jpg 768w, https:\/\/www.delscookingtwist.com\/wp-content\/uploads\/2025\/04\/Roasted-Carrots-with-Feta_Ingredients-1024x1536.jpg 1024w, https:\/\/www.delscookingtwist.com\/wp-content\/uploads\/2025\/04\/Roasted-Carrots-with-Feta_Ingredients.jpg 1200w\" sizes=\"(max-width: 770px) calc(100vw - 40px), 730px\" \/><\/figure>\n\n\n\t\t<div class=\"contentbox contentbox-lightpink notop nobot\">\t\t\r\n\t\t\t\n\n<h2 class=\"wp-block-heading\" id=\"h-conseils-utiles-pour-reussir-la-recette\">Conseils utiles pour r\u00e9ussir la recette<\/h2>\n\n\n\n<ul class=\"wp-block-list\">\n<li><strong>Pr\u00e9f\u00e9rez une botte de petites carottes nouvelles<\/strong> (plut\u00f4t que des grosses carottes), qui garantissent fra\u00eecheur et fermet\u00e9 des carottes. Les feuilles doivent \u00eatre bien vertes et fra\u00eeches (pas fl\u00e9tries).<\/li>\n\n\n\n<li><strong>Veillez \u00e0 l&#8217;assaisonnement.<\/strong> La cl\u00e9 pour r\u00e9ussir les carottes r\u00f4ties tient en grande partie \u00e0 l&#8217;assaisonnement. N&#8217;h\u00e9sitez pas \u00e0 ajuster au besoin, en fonction de la quantit\u00e9 de carottes utilis\u00e9es. J&#8217;aime par exemple ajouter un peu plus d&#8217;ail personnellement.<\/li>\n\n\n\n<li><strong>Enfournez lorsque le four est bien chaud<\/strong> et parfaitement pr\u00e9-chauff\u00e9 pour une cuisson parfaite. Les carottes doivent rester croquantes tout en \u00e9tant bien tendres \u00e0 l&#8217;int\u00e9rieur.<\/li>\n<\/ul>\n\n\t\t<\/div>\r\n\t\t\n\n\n<figure class=\"wp-block-image size-large\"><img decoding=\"async\" width=\"730\" height=\"1095\" src=\"https:\/\/www.delscookingtwist.com\/wp-content\/uploads\/2025\/04\/Roasted-Carrots-with-Feta_Before-Roasting-730x1095.jpg\" alt=\"Les carottes r\u00f4ties au miel et \u00e0 la feta constituent une id\u00e9e d'accompagnement id\u00e9ale au printemps comme \u00e0 l'automne.\" class=\"wp-image-56395\" srcset=\"https:\/\/www.delscookingtwist.com\/wp-content\/uploads\/2025\/04\/Roasted-Carrots-with-Feta_Before-Roasting-730x1095.jpg 730w, https:\/\/www.delscookingtwist.com\/wp-content\/uploads\/2025\/04\/Roasted-Carrots-with-Feta_Before-Roasting-560x840.jpg 560w, https:\/\/www.delscookingtwist.com\/wp-content\/uploads\/2025\/04\/Roasted-Carrots-with-Feta_Before-Roasting-768x1152.jpg 768w, https:\/\/www.delscookingtwist.com\/wp-content\/uploads\/2025\/04\/Roasted-Carrots-with-Feta_Before-Roasting-1024x1536.jpg 1024w, https:\/\/www.delscookingtwist.com\/wp-content\/uploads\/2025\/04\/Roasted-Carrots-with-Feta_Before-Roasting.jpg 1200w\" sizes=\"(max-width: 770px) calc(100vw - 40px), 730px\" \/><\/figure>\n\n\n\n<h2 class=\"wp-block-heading\" id=\"h-comment-servir-les-carottes-roties-au-miel\">Comment servir les carottes r\u00f4ties au miel<\/h2>\n\n\n\n<p><strong>Comme accompagnement.<\/strong> Les carottes r\u00f4ties sont parfaites pour accompagner de la viande, comme du poulet ou de l&#8217;agneau par exemple.<\/p>\n\n\n\n<p><strong>En plat principal.<\/strong> C&#8217;est comme \u00e7a que je les pr\u00e9pare les plus souvent, avec des lentilles du Puys ou Beluga pour en faire un plat complet.<\/p>\n\n\n\n<p><strong>Pour l&#8217;ap\u00e9ritif.<\/strong> Vous pouvez servir vos carottes r\u00f4ties avec un <a href=\"https:\/\/www.delscookingtwist.com\/fr\/dip-de-feta\/\">dip de feta<\/a> et du pain pita. Une autre id\u00e9e consiste \u00e0 cr\u00e9er un plateau ap\u00e9ritif avec \u00e0 la fois des carottes r\u00f4ties, des b\u00e2tonnets de carottes et concombres crus, du houmous, du pain pita et des crackers.<\/p>\n\n\n\n<figure class=\"wp-block-image size-large\"><img decoding=\"async\" width=\"730\" height=\"1095\" src=\"https:\/\/www.delscookingtwist.com\/wp-content\/uploads\/2025\/04\/Roasted-Carrots-with-Feta_1-730x1095.jpg\" alt=\"Les carottes r\u00f4ties au miel et \u00e0 la feta constituent une id\u00e9e d'accompagnement id\u00e9ale au printemps comme \u00e0 l'automne.\" class=\"wp-image-56385\" srcset=\"https:\/\/www.delscookingtwist.com\/wp-content\/uploads\/2025\/04\/Roasted-Carrots-with-Feta_1-730x1095.jpg 730w, https:\/\/www.delscookingtwist.com\/wp-content\/uploads\/2025\/04\/Roasted-Carrots-with-Feta_1-560x840.jpg 560w, https:\/\/www.delscookingtwist.com\/wp-content\/uploads\/2025\/04\/Roasted-Carrots-with-Feta_1-768x1152.jpg 768w, https:\/\/www.delscookingtwist.com\/wp-content\/uploads\/2025\/04\/Roasted-Carrots-with-Feta_1-1024x1536.jpg 1024w, https:\/\/www.delscookingtwist.com\/wp-content\/uploads\/2025\/04\/Roasted-Carrots-with-Feta_1.jpg 1200w\" sizes=\"(max-width: 770px) calc(100vw - 40px), 730px\" \/><\/figure>\n\n\n\n<h2 class=\"wp-block-heading\" id=\"h-variations-possibles\">Variations possibles<\/h2>\n\n\n\n<p>Partez de la recette de base et adaptez-la selon vos pr\u00e9f\u00e9rences, la saison, ou bien tout simplement en fonction de ce que vous avez sous la main. Voici quelques suggestions :<\/p>\n\n\n\n<ul class=\"wp-block-list\">\n<li><strong>Ajoutez du panais.<\/strong> Dans la version originale de 2016, j&#8217;utilisais \u00e0 la fois et carottes et du panais pour un jeu de saveurs int\u00e9ressant. Coupez-les en deux dans le sens de la longueur, car les panais ont tendance \u00e0 \u00eatre un peu plus durs niveau texture.<\/li>\n\n\n\n<li><strong>Ajoutez des noix ou des pistaches<\/strong> concass\u00e9es pour apporter un peu de croustillant \u00e0 votre plat de carottes r\u00f4ties au miel.<\/li>\n\n\n\n<li><strong>Remplacez le miel par du sirop d&#8217;\u00e9rable.<\/strong> Cela fonctionne tout aussi bien et apportera des saveurs un peu plus prononc\u00e9es au plat.<\/li>\n\n\n\n<li><strong>Utilisez un autre fromage.<\/strong> Ch\u00e8vre frais emiett\u00e9 ou bleu d&#8217;Auvergne fonctionnent tr\u00e8s bien dans cette recette \u00e0 la place de la feta.<\/li>\n\n\n\n<li><strong>Jouez avec l&#8217;assaisonnement.<\/strong> Vous pouvez cr\u00e9er de tr\u00e8s nombreuses variations en ajustant simplement l&#8217;assaisonnement. Plut\u00f4t que du thym, utilisez du cumin, un m\u00e9lange dukkah ou bien un m\u00e9lange za&#8217;atar, des herbes de Provence et pourquoi pas du paprika. Vous pouvez aussi agr\u00e9menter vos carottes d&#8217;herbes fra\u00eeches comme la coriandre, le persil et m\u00eame la menthe (ou un m\u00e9lange des trois ensemble : tr\u00e8s savoureux !).<\/li>\n<\/ul>\n\n\n\n<figure class=\"wp-block-image size-large\"><img decoding=\"async\" width=\"730\" height=\"487\" src=\"https:\/\/www.delscookingtwist.com\/wp-content\/uploads\/2025\/04\/Roasted-Carrots-with-Feta_5-730x487.jpg\" alt=\"Les carottes r\u00f4ties au miel et \u00e0 la feta constituent une id\u00e9e d'accompagnement id\u00e9ale au printemps comme \u00e0 l'automne.\" class=\"wp-image-56393\" srcset=\"https:\/\/www.delscookingtwist.com\/wp-content\/uploads\/2025\/04\/Roasted-Carrots-with-Feta_5-730x487.jpg 730w, https:\/\/www.delscookingtwist.com\/wp-content\/uploads\/2025\/04\/Roasted-Carrots-with-Feta_5-560x373.jpg 560w, https:\/\/www.delscookingtwist.com\/wp-content\/uploads\/2025\/04\/Roasted-Carrots-with-Feta_5-768x512.jpg 768w, https:\/\/www.delscookingtwist.com\/wp-content\/uploads\/2025\/04\/Roasted-Carrots-with-Feta_5.jpg 1200w\" sizes=\"(max-width: 770px) calc(100vw - 40px), 730px\" \/><\/figure>\n\n\n\n<h2 class=\"wp-block-heading\" id=\"h-vous-aimerez-aussi\">Vous aimerez aussi&#8230;<\/h2>\n\n\n\n<ul class=\"wp-block-list\">\n<li><a href=\"https:\/\/www.delscookingtwist.com\/fr\/legumes-racines-rotis-a-lerable-et-puree-de-panais\/\">L\u00e9gumes racines r\u00f4tis \u00e0 l&#8217;\u00e9rable et pur\u00e9e de panais<\/a><\/li>\n\n\n\n<li><a href=\"https:\/\/www.delscookingtwist.com\/fr\/carottes-roties-au-zaatar-et-creme-de-feta\/\">Carottes r\u00f4ties au za&#8217;atar et cr\u00e8me de feta<\/a><\/li>\n\n\n\n<li><a href=\"https:\/\/www.delscookingtwist.com\/fr\/frites-de-patates-douces-et-dip-a-lavocat\/\">Frites de patates douces et dip \u00e0 l&#8217;avocat<\/a><\/li>\n\n\n\n<li><a href=\"https:\/\/www.delscookingtwist.com\/fr\/boulgour-carottes-et-pois-chiches-caramelises-dressing-au-curry\/\">Boulgour, carottes et pois chiches caram\u00e9lis\u00e9s<\/a><\/li>\n\n\n\n<li>Et pour le dessert, r\u00e9galez-vous de ce <a href=\"https:\/\/www.delscookingtwist.com\/fr\/le-carrot-cake-parfait\/\">Carrot Cake<\/a> parfait !<\/li>\n<\/ul>\n\n\n<svg aria-hidden=\"true\" style=\"position: absolute;width: 0;height: 0;overflow: hidden\" xmlns=\"http:\/\/www.w3.org\/2000\/svg\">\n<defs>\n<symbol viewbox=\"9 9 46 42\" id=\"wpt-star-full\">\n<path d=\"m46.3 52-14.4-9.5-14.4 9.4L22 35.3 8.7 24.5l17.1-.9 6.2-16 6 16 17.2 1-13.4 10.7z\" \/>\n<\/symbol>\n<\/defs>\n<\/svg>\n<a class=\"button tasty-recipes-print-button tasty-recipes-no-print tasty-recipes-print-above-card\" href=\"https:\/\/www.delscookingtwist.com\/fr\/carottes-roties-au-miel-et-a-la-feta\/print\/22092\/\">Print<\/a><span class=\"tasty-recipes-jump-target\" id=\"tasty-recipes-22092-jump-target\" style=\"display:block;padding-top:2px;margin-top:-2px;\"><\/span><div id=\"tasty-recipes-22092\" data-tr-id=\"22092\" class=\"tasty-recipes tasty-recipes-22092 tasty-recipes-display tasty-recipes-has-image\">\n\r\n\r\n<div id=\"jump-to-recipe\" class=\"del-tasty-wrap notop nobot\">\r\n    <div class=\"del-tasty-header\">\r\n        <h2 class=\"tasty-recipes-title\">Carottes r\u00f4ties au miel et \u00e0 la feta<\/h2>\r\n        <div class=\"del-tasty-meta\">\r\n            <ul>\r\n                                <li class=\"rating\"><div class=\"rating-a\"><span class=\"ratingicons\"><svg aria-hidden=\"true\" style=\"position: absolute;width: 0;height: 0;overflow: hidden\" xmlns=\"http:\/\/www.w3.org\/2000\/svg\">\n<defs>\n<symbol viewbox=\"9 9 46 42\" id=\"wpt-star-full\">\n<path d=\"m46.3 52-14.4-9.5-14.4 9.4L22 35.3 8.7 24.5l17.1-.9 6.2-16 6 16 17.2 1-13.4 10.7z\" \/>\n<\/symbol>\n<\/defs>\n<\/svg>\n<span class=\"tasty-recipes-ratings-buttons tasty-recipes-no-ratings-buttons\"\tdata-tr-default-rating=\"5\"\t>\t\t<span class=\"tasty-recipes-rating\" data-tr-checked=\"1\">\t\t<i class=\"checked\" data-rating=\"5\">\t\t\t<span class=\"tasty-recipes-rating-solid\" data-tr-clip=\"100\">\t\t\t\t<svg class=\"tasty-recipes-svg\" width=\"18\" height=\"17\"><use href=\"#wpt-star-full\" \/><\/svg>\t\t\t<\/span>\t\t\t<span class=\"tasty-recipes-screen-reader\">\t\t\t\t5 Stars\t\t\t<\/span>\t\t<\/i>\t<\/span>\t\t<span class=\"tasty-recipes-rating\" >\t\t<i class=\"checked\" data-rating=\"4\">\t\t\t<span class=\"tasty-recipes-rating-solid\" data-tr-clip=\"100\">\t\t\t\t<svg class=\"tasty-recipes-svg\" width=\"18\" height=\"17\"><use href=\"#wpt-star-full\" \/><\/svg>\t\t\t<\/span>\t\t\t<span class=\"tasty-recipes-screen-reader\">\t\t\t\t4 Stars\t\t\t<\/span>\t\t<\/i>\t<\/span>\t\t<span class=\"tasty-recipes-rating\" >\t\t<i class=\"checked\" data-rating=\"3\">\t\t\t<span class=\"tasty-recipes-rating-solid\" data-tr-clip=\"100\">\t\t\t\t<svg class=\"tasty-recipes-svg\" width=\"18\" height=\"17\"><use href=\"#wpt-star-full\" \/><\/svg>\t\t\t<\/span>\t\t\t<span class=\"tasty-recipes-screen-reader\">\t\t\t\t3 Stars\t\t\t<\/span>\t\t<\/i>\t<\/span>\t\t<span class=\"tasty-recipes-rating\" >\t\t<i class=\"checked\" data-rating=\"2\">\t\t\t<span class=\"tasty-recipes-rating-solid\" data-tr-clip=\"100\">\t\t\t\t<svg class=\"tasty-recipes-svg\" width=\"18\" height=\"17\"><use href=\"#wpt-star-full\" \/><\/svg>\t\t\t<\/span>\t\t\t<span class=\"tasty-recipes-screen-reader\">\t\t\t\t2 Stars\t\t\t<\/span>\t\t<\/i>\t<\/span>\t\t<span class=\"tasty-recipes-rating\" >\t\t<i class=\"checked\" data-rating=\"1\">\t\t\t<span class=\"tasty-recipes-rating-solid\" data-tr-clip=\"100\">\t\t\t\t<svg class=\"tasty-recipes-svg\" width=\"18\" height=\"17\"><use href=\"#wpt-star-full\" \/><\/svg>\t\t\t<\/span>\t\t\t<span class=\"tasty-recipes-screen-reader\">\t\t\t\t1 Star\t\t\t<\/span>\t\t<\/i>\t<\/span><\/span><\/span><span class=\"ratinglabel\"><span class=\"rating-label\"><span class=\"average\">5<\/span> from <span class=\"count\">1<\/span> review<\/span><\/span><\/div><\/li>\r\n                                                <li class=\"review\"><a href=\"#respond\">Laisser un commentaire<\/a><\/li>\r\n                            <\/ul>\r\n        <\/div>\r\n    <\/div>\r\n    <div class=\"del-tasty-cols\">\r\n                <div class=\"del-tasty-imagecol\">\r\n                        <div class=\"tasty-recipes-image\">\r\n                <img decoding=\"async\" width=\"320\" height=\"320\" src=\"https:\/\/www.delscookingtwist.com\/wp-content\/uploads\/2025\/04\/Roasted-Carrots-with-Feta_3-320x320.jpg\" class=\"attachment-thumbnail size-thumbnail\" alt=\"Les carottes r\u00f4ties au miel et \u00e0 la feta constituent une id\u00e9e d&#039;accompagnement id\u00e9ale au printemps comme \u00e0 l&#039;automne.\" data-pin-nopin=\"true\" srcset=\"https:\/\/www.delscookingtwist.com\/wp-content\/uploads\/2025\/04\/Roasted-Carrots-with-Feta_3-320x320.jpg 320w, https:\/\/www.delscookingtwist.com\/wp-content\/uploads\/2025\/04\/Roasted-Carrots-with-Feta_3-300x300.jpg 300w, https:\/\/www.delscookingtwist.com\/wp-content\/uploads\/2025\/04\/Roasted-Carrots-with-Feta_3-400x400.jpg 400w, https:\/\/www.delscookingtwist.com\/wp-content\/uploads\/2025\/04\/Roasted-Carrots-with-Feta_3-600x600.jpg 600w, https:\/\/www.delscookingtwist.com\/wp-content\/uploads\/2025\/04\/Roasted-Carrots-with-Feta_3-225x225.jpg 225w\" sizes=\"(max-width: 360px) calc(100vw - 40px), 320px\" \/>            <\/div>\r\n                                    \r\n            <div class=\"tasty-recipes-buttons\">\r\n                                <div class=\"tasty-recipes-button-wrap\">\r\n                    \n<a class=\"btn btn-pink button tasty-recipes-print-button tasty-recipes-no-print\" href=\"https:\/\/www.delscookingtwist.com\/fr\/carottes-roties-au-miel-et-a-la-feta\/print\/22092\/\" target=\"_blank\">\n\t\t\t<svg viewBox=\"0 0 24 24\" class=\"svg-print\" aria-hidden=\"true\"><use href=\"#tasty-recipes-icon-print\"><\/use><\/svg>\n\t\tPrint<\/a>\n                <\/div>\r\n                                            <\/div>\r\n                    <\/div>  \r\n                <div class=\"del-tasty-textcol\">\r\n                        <div class=\"tasty-recipes-details\">\r\n                <ul>\r\n                                            <li class=\"author\"><strong class=\"tasty-recipes-label\">Author:<\/strong> <span><span class=\"tasty-recipes-author-name\">Delphine Fortin<\/span><\/span><\/li>\r\n                                            <li class=\"prep-time\"><strong class=\"tasty-recipes-label\">Prep Time:<\/strong> <span><span class=\"tasty-recipes-prep-time\">10 mins<\/span><\/span><\/li>\r\n                                            <li class=\"cook-time\"><strong class=\"tasty-recipes-label\">Cook Time:<\/strong> <span><span class=\"tasty-recipes-cook-time\">25 mins<\/span><\/span><\/li>\r\n                                            <li class=\"total-time\"><strong class=\"tasty-recipes-label\">Total Time:<\/strong> <span><span class=\"tasty-recipes-total-time\">35 minutes<\/span><\/span><\/li>\r\n                                            <li class=\"yield\"><strong class=\"tasty-recipes-label\">Yield:<\/strong> <span><span class=\"tasty-recipes-yield\"><span data-amount=\"4\">4<\/span> pers. <span class=\"tasty-recipes-yield-scale\"><span data-amount=\"1\">1<\/span>x<\/span><\/span><\/span><\/li>\r\n                                            <li class=\"category\"><strong class=\"tasty-recipes-label\">Category:<\/strong> <span><span class=\"tasty-recipes-category\">Accompagnements<\/span><\/span><\/li>\r\n                                            <li class=\"diet\"><strong class=\"tasty-recipes-label\">Diet:<\/strong> <span><span class=\"tasty-recipes-diet\">Vegetarian<\/span><\/span><\/li>\r\n                                    <\/ul>\r\n            <\/div>\r\n                        \r\n\r\n                        <div class=\"tasty-recipes-description notop nobot\">\r\n                <p><em>Les carottes r\u00f4ties au miel et \u00e0 la feta constituent une id\u00e9e d&#8217;accompagnement toute simple qui sied \u00e0 toute occasion, au printemps comme \u00e0 l&#8217;automne. Des carottes nouvelles, du miel, du thym, un peu de feta et le tour est jou\u00e9 !<\/em><\/p>\n            <\/div>\r\n                        \r\n        <\/div>\r\n    <\/div>\r\n\r\n    <div class=\"contentbox contentbox-lightpink savethisrecipe notop nobot\" data-title=\"Carottes r\u00f4ties au miel et \u00e0 la feta\" data-url=\"https:\/\/www.delscookingtwist.com\/fr\/carottes-roties-au-miel-et-a-la-feta\/\">\r\n    <h3 data-toc-skip>Envoyez-moi cette recette par mail<\/h3>\r\n    <p>En bonus, de l&#8217;inspiration en cuisine chaque semaine.<\/p>\n    \r\n    <div class=\"customckform customckform-horz saveform\">\r\n        <script async data-uid=\"92b1c51bfa\" src=\"https:\/\/delscookingtwist.ck.page\/92b1c51bfa\/index.js\"><\/script>        \r\n    <\/div>    \r\n<\/div>    \r\n            <div class=\"tasty-recipes-ingredients\">\r\n            <div class=\"tasty-recipes-ingredients-header\">\r\n                <div class=\"tasty-recipes-ingredients-clipboard-container\">\r\n                    <h3>Ingr&eacute;dients<\/h3>\r\n                                    <\/div>\r\n                <div class=\"tasty-recipes-units-scale-container\"><span class=\"tasty-recipes-scale-container\">\n\t\t\t\t\t\t<span class=\"tasty-recipes-scale-label\">Scale<\/span>\n\t\t\t\t\t\t<button class=\"tasty-recipes-scale-button tasty-recipes-scale-button-active\" data-amount=\"1\" type=\"button\">1x<\/button><button class=\"tasty-recipes-scale-button\" data-amount=\"2\" type=\"button\">2x<\/button><button class=\"tasty-recipes-scale-button\" data-amount=\"3\" type=\"button\">3x<\/button>\n\t\t\t\t\t<\/span>\n\t\t\t\t\t<\/span><\/div>            <\/div>\r\n            <div class=\"tasty-recipes-ingredients-body\">\r\n                <ul>\n<li data-tr-ingredient-checkbox=\"\"><span class=\"tr-ingredient-checkbox-container\"><input type=\"checkbox\" name=\"ingredient_checkbox_69f4c9f5a0b9b\" id=\"ingredient_checkbox_69f4c9f5a0b9b\" aria-label=\"1 botte de carottes nouvelles (env. 700g)*, nettoy\u00e9s et essuy\u00e9s\"><label for=\"ingredient_checkbox_69f4c9f5a0b9b\"><\/label><\/span><span data-amount=\"1\">1<\/span> botte de carottes nouvelles (env. <span data-amount=\"700\" data-unit=\"g\">700g<\/span>)*, nettoy\u00e9s et essuy\u00e9s<\/li>\n<li data-tr-ingredient-checkbox=\"\"><span class=\"tr-ingredient-checkbox-container\"><input type=\"checkbox\" name=\"ingredient_checkbox_69f4c9f5a0ba7\" id=\"ingredient_checkbox_69f4c9f5a0ba7\" aria-label=\"2 cuil. \u00e0 soupe d&#8217;huile d&#8217;olive vierge extra\"><label for=\"ingredient_checkbox_69f4c9f5a0ba7\"><\/label><\/span><span data-amount=\"2\">2<\/span> cuil. \u00e0 soupe d&#8217;huile d&#8217;olive vierge extra<\/li>\n<li data-tr-ingredient-checkbox=\"\"><span class=\"tr-ingredient-checkbox-container\"><input type=\"checkbox\" name=\"ingredient_checkbox_69f4c9f5a0bc1\" id=\"ingredient_checkbox_69f4c9f5a0bc1\" aria-label=\"2 cuil. \u00e0 soupe de miel\"><label for=\"ingredient_checkbox_69f4c9f5a0bc1\"><\/label><\/span><span data-amount=\"2\">2<\/span> cuil. \u00e0 soupe de miel<\/li>\n<li data-tr-ingredient-checkbox=\"\"><span class=\"tr-ingredient-checkbox-container\"><input type=\"checkbox\" name=\"ingredient_checkbox_69f4c9f5a0bc8\" id=\"ingredient_checkbox_69f4c9f5a0bc8\" aria-label=\"2 gousses d&#8217;ail, \u00e9minc\u00e9es\"><label for=\"ingredient_checkbox_69f4c9f5a0bc8\"><\/label><\/span><span data-amount=\"2\">2<\/span> gousses d&#8217;ail, \u00e9minc\u00e9es<\/li>\n<li data-tr-ingredient-checkbox=\"\"><span class=\"tr-ingredient-checkbox-container\"><input type=\"checkbox\" name=\"ingredient_checkbox_69f4c9f5a0bd7\" id=\"ingredient_checkbox_69f4c9f5a0bd7\" aria-label=\"1 cuil. \u00e0 soupe de thym frais + extra pour servir\"><label for=\"ingredient_checkbox_69f4c9f5a0bd7\"><\/label><\/span><span data-amount=\"1\">1<\/span> cuil. \u00e0 soupe de thym frais + extra pour servir<\/li>\n<li data-tr-ingredient-checkbox=\"\"><span class=\"tr-ingredient-checkbox-container\"><input type=\"checkbox\" name=\"ingredient_checkbox_69f4c9f5a0bdd\" id=\"ingredient_checkbox_69f4c9f5a0bdd\" aria-label=\"Sel et poivre du moulin\"><label for=\"ingredient_checkbox_69f4c9f5a0bdd\"><\/label><\/span>Sel et poivre du moulin<\/li>\n<li data-tr-ingredient-checkbox=\"\"><span class=\"tr-ingredient-checkbox-container\"><input type=\"checkbox\" name=\"ingredient_checkbox_69f4c9f5a0be4\" id=\"ingredient_checkbox_69f4c9f5a0be4\" aria-label=\"150g de feta, emiett\u00e9e\"><label for=\"ingredient_checkbox_69f4c9f5a0be4\"><\/label><\/span><span data-amount=\"150\" data-unit=\"g\">150g<\/span> de feta, emiett\u00e9e<\/li>\n<\/ul>\n<p><!--INSIDE_INGREDIENTS--><\/p>\n            <\/div>\r\n            <div class=\"tasty-recipes-cook-mode\">\n\t<div class=\"tasty-recipes-cook-mode__container\">\n\t\t<label class=\"tasty-recipes-cook-mode__switch\">\n\t\t\t<input type=\"checkbox\" id=\"tasty_recipes_69f4c9f5a17f0_cookmode\">\n\t\t\t<span class=\"tasty-recipes-cook-mode__switch-slider tasty-recipes-cook-mode__switch-round\"\n\t\t\t\tdata-tasty-recipes-customization=\"button-color.background button-text-color.color\"><\/span>\n\t\t<\/label>\n\t\t<label for=\"tasty_recipes_69f4c9f5a17f0_cookmode\">\n\t\t\t<span class=\"tasty-recipes-cook-mode__label\">Cook Mode<\/span>\n\t\t\t<span class=\"tasty-recipes-cook-mode__helper\">\n\t\t\t\tPrevent your screen from going dark\t\t\t<\/span>\n\t\t<\/label>\n\t<\/div>\n<\/div>\n        <\/div>\r\n    \r\n            <div class=\"tasty-recipes-instructions\">\r\n            <div class=\"tasty-recipes-instructions-header\">\r\n                <h3>Instructions<\/h3>\r\n                            <\/div>\r\n            <div class=\"tasty-recipes-instructions-body\">\r\n                <ol class=\"is-style-circles\">\n<li id=\"instruction-step-1\">Pr\u00e9chauffer le four \u00e0 220\u00b0C. Couvrir une plaque de cuisson de papier sulfuris\u00e9 et disposer les carottes en une seule couche.<\/li>\n<li id=\"instruction-step-2\">Dans un bol, m\u00e9langer ensemble l&#8217;huile d&#8217;olive, le miel, l&#8217;ail et le thym frais. Saler et poivrer, puis verser le m\u00e9langer par-dessus les carottes, en m\u00e9langeant bien pour recouvrir toutes les faces.<\/li>\n<li id=\"instruction-step-3\">Enfourner \u00e0 mi-hauteur pendant 20-25 minutes, en m\u00e9langeant les carottes une ou deux fois en cours de cuisson.<\/li>\n<li id=\"instruction-step-4\">Retirer les carottes du four, puis parsemer de feta \u00e9miett\u00e9e, de thym frais et d&#8217;un tour de poivre du moulin. Servir imm\u00e9diatement, avec un filet suppl\u00e9mentaire de miel si d\u00e9sir\u00e9. Bon app\u00e9tit !<\/li>\n<\/ol>\n            <\/div>\r\n        <\/div>\r\n    \r\n    \r\n    \r\n            <div class=\"tasty-recipes-notes notop nobot\">\r\n            <h3>Notes<\/h3>\r\n            <div class=\"tasty-recipes-notes-body\">\r\n                <p>* Vous pouvez utiliser des carottes arc-en-ciel ou une petite botte de carottes nouvelles. Si vous avez des carottes plus larges, coupez-les en deux et dans le sens de la longueur pourqu&#8217;elles r\u00f4tissent plus rapidement. Notez qu&#8217;il n&#8217;y a pas besoin de peler les l\u00e9gumes pour cette recette.<\/p>\n            <\/div>\r\n        <\/div>\r\n    \r\n    \r\n    \r\n    \r\n    \r\n    <\/div>\r\n\r\n\r\n\r\n<div class=\"postcats\">\r\n\t<a href=\"https:\/\/www.delscookingtwist.com\/fr\/categorie\/recettes\/accompagnements\/\">Accompagnements<\/a>, <a href=\"https:\/\/www.delscookingtwist.com\/fr\/saison\/automne\/\">Automne<\/a>, <a href=\"https:\/\/www.delscookingtwist.com\/fr\/style-fr\/facile-et-rapide\/\">Facile et rapide<\/a>, <a href=\"https:\/\/www.delscookingtwist.com\/fr\/ingredient-fr\/fromage\/\">Fromage<\/a>, <a href=\"https:\/\/www.delscookingtwist.com\/fr\/saison\/hiver\/\">Hiver<\/a>, <a href=\"https:\/\/www.delscookingtwist.com\/fr\/occasion-fr\/noel\/\">No\u00ebl<\/a>, <a href=\"https:\/\/www.delscookingtwist.com\/fr\/saison\/printemps\/\">Printemps<\/a>, <a href=\"https:\/\/www.delscookingtwist.com\/fr\/occasion-fr\/paques\/\">P\u00e2ques<\/a>, <a href=\"https:\/\/www.delscookingtwist.com\/fr\/regime\/recettes-saines\/\">Recettes saines<\/a>, <a href=\"https:\/\/www.delscookingtwist.com\/fr\/regime\/sans-gluten\/\">Sans gluten<\/a>, <a href=\"https:\/\/www.delscookingtwist.com\/fr\/occasion-fr\/fete-thanksgiving\/\">Thanksgiving<\/a>, <a href=\"https:\/\/www.delscookingtwist.com\/fr\/regime\/vegetarien\/\">V\u00e9g\u00e9tarien<\/a><\/div>\r\n\r\n<div class=\"contentbox contentbox-lightpink notop nobot\">\r\n        <h2>Avez-vous r\u00e9alis\u00e9 cette recette ?<\/h2>\r\n        <p>Enfin, si vous r\u00e9alisez cette Carottes r\u00f4ties au miel et \u00e0 la feta, merci de me laisser un petit commentaire et\/ou de noter la recette. Et bien s\u00fbr, n\u2019oubliez pas de me taguer sur <a href=\"https:\/\/instagram.com\/delscookingtwist\/\" target=\"_blank\">Instagram<\/a>, j\u2019adore voir vos r\u00e9alisations. Bon app\u00e9tit !<\/p>\n<\/div>\r\n\r\n<\/div>","protected":false},"excerpt":{"rendered":"<p>Les carottes r\u00f4ties au miel et \u00e0 la feta constituent une id\u00e9e d&#8217;accompagnement toute simple qui sied \u00e0 toute occasion, au printemps comme \u00e0 l&#8217;automne. Des carottes nouvelles, du miel, du thym, un peu de feta et le tour est jou\u00e9 ! La simplicit\u00e9 a du bon, et parfois il suffit de savoir sublimer des [&hellip;]<\/p>\n","protected":false},"author":1,"featured_media":56389,"comment_status":"open","ping_status":"open","sticky":false,"template":"","format":"standard","meta":{"_acf_changed":false,"_monsterinsights_skip_tracking":false,"_monsterinsights_sitenote_active":false,"_monsterinsights_sitenote_note":"","_monsterinsights_sitenote_category":0,"footnotes":""},"categories":[41396],"tags":[41552,41550,41551],"del_style":[41357],"del_diet":[41360,41359,41364],"del_seasonal":[41365,41368,41366],"del_occasion":[41371,41372,41374],"del_ingredient":[41380],"class_list":["post-29219","post","type-post","status-publish","format-standard","has-post-thumbnail","hentry","category-accompagnements","tag-accompagnement","tag-carottes-roties","tag-feta-2","del_style-facile-et-rapide","del_diet-recettes-saines","del_diet-sans-gluten","del_diet-vegetarien","del_seasonal-automne","del_seasonal-hiver","del_seasonal-printemps","del_occasion-noel","del_occasion-paques","del_occasion-fete-thanksgiving","del_ingredient-fromage"],"acf":[],"yoast_head":"<!-- This site is optimized with the Yoast SEO Premium plugin v27.4 (Yoast SEO v27.4) - https:\/\/yoast.com\/product\/yoast-seo-premium-wordpress\/ -->\n<title>Carottes r\u00f4ties au miel et \u00e0 la feta - Del&#039;s cooking twist<\/title>\n<meta name=\"description\" content=\"Les carottes r\u00f4ties au miel et \u00e0 la feta constituent une id\u00e9e d&#039;accompagnement id\u00e9ale au printemps comme \u00e0 l&#039;automne.\" \/>\n<meta name=\"robots\" content=\"index, follow, max-snippet:-1, max-image-preview:large, max-video-preview:-1\" \/>\n<link rel=\"canonical\" href=\"https:\/\/www.delscookingtwist.com\/fr\/carottes-roties-au-miel-et-a-la-feta\/\" \/>\n<meta property=\"og:locale\" content=\"fr_FR\" \/>\n<meta property=\"og:type\" content=\"article\" \/>\n<meta property=\"og:title\" content=\"Carottes r\u00f4ties au miel et \u00e0 la feta\" \/>\n<meta property=\"og:description\" content=\"Les carottes r\u00f4ties au miel et \u00e0 la feta constituent une id\u00e9e d&#039;accompagnement id\u00e9ale au printemps comme \u00e0 l&#039;automne.\" \/>\n<meta property=\"og:url\" content=\"https:\/\/www.delscookingtwist.com\/fr\/carottes-roties-au-miel-et-a-la-feta\/\" \/>\n<meta property=\"og:site_name\" content=\"Del&#039;s cooking twist\" \/>\n<meta property=\"article:publisher\" content=\"https:\/\/www.facebook.com\/pages\/Dels-cooking-twist\/158928514282620\" \/>\n<meta property=\"article:published_time\" content=\"2025-04-16T06:13:35+00:00\" \/>\n<meta property=\"article:modified_time\" content=\"2025-04-16T06:14:34+00:00\" \/>\n<meta property=\"og:image\" content=\"https:\/\/www.delscookingtwist.com\/wp-content\/uploads\/2025\/04\/Roasted-Carrots-with-Feta_3.jpg\" \/>\n\t<meta property=\"og:image:width\" content=\"1200\" \/>\n\t<meta property=\"og:image:height\" content=\"1800\" \/>\n\t<meta property=\"og:image:type\" content=\"image\/jpeg\" \/>\n<meta name=\"author\" content=\"Delphine Fortin\" \/>\n<meta name=\"twitter:card\" content=\"summary_large_image\" \/>\n<meta name=\"twitter:creator\" content=\"@delstwist\" \/>\n<meta name=\"twitter:site\" content=\"@delstwist\" \/>\n<meta name=\"twitter:label1\" content=\"\u00c9crit par\" \/>\n\t<meta name=\"twitter:data1\" content=\"Delphine Fortin\" \/>\n\t<meta name=\"twitter:label2\" content=\"Dur\u00e9e de lecture estim\u00e9e\" \/>\n\t<meta name=\"twitter:data2\" content=\"5 minutes\" \/>\n<script type=\"application\/ld+json\" class=\"yoast-schema-graph\">{\"@context\":\"https:\\\/\\\/schema.org\",\"@graph\":[{\"@type\":\"Article\",\"@id\":\"https:\\\/\\\/www.delscookingtwist.com\\\/fr\\\/carottes-roties-au-miel-et-a-la-feta\\\/#article\",\"isPartOf\":{\"@id\":\"https:\\\/\\\/www.delscookingtwist.com\\\/fr\\\/carottes-roties-au-miel-et-a-la-feta\\\/\"},\"author\":{\"name\":\"Delphine Fortin\",\"@id\":\"https:\\\/\\\/www.delscookingtwist.com\\\/fr\\\/#\\\/schema\\\/person\\\/3e4febf518c8a60ed3c5ada91c175c91\"},\"headline\":\"Carottes r\u00f4ties au miel et \u00e0 la feta\",\"datePublished\":\"2025-04-16T06:13:35+00:00\",\"dateModified\":\"2025-04-16T06:14:34+00:00\",\"mainEntityOfPage\":{\"@id\":\"https:\\\/\\\/www.delscookingtwist.com\\\/fr\\\/carottes-roties-au-miel-et-a-la-feta\\\/\"},\"wordCount\":850,\"commentCount\":2,\"publisher\":{\"@id\":\"https:\\\/\\\/www.delscookingtwist.com\\\/fr\\\/#organization\"},\"image\":{\"@id\":\"https:\\\/\\\/www.delscookingtwist.com\\\/fr\\\/carottes-roties-au-miel-et-a-la-feta\\\/#primaryimage\"},\"thumbnailUrl\":\"https:\\\/\\\/www.delscookingtwist.com\\\/wp-content\\\/uploads\\\/2025\\\/04\\\/Roasted-Carrots-with-Feta_3.jpg\",\"keywords\":[\"accompagnement\",\"carottes r\u00f4ties\",\"feta\"],\"articleSection\":[\"Accompagnements\"],\"inLanguage\":\"fr-FR\",\"potentialAction\":[{\"@type\":\"CommentAction\",\"name\":\"Comment\",\"target\":[\"https:\\\/\\\/www.delscookingtwist.com\\\/fr\\\/carottes-roties-au-miel-et-a-la-feta\\\/#respond\"]}]},{\"@type\":\"WebPage\",\"@id\":\"https:\\\/\\\/www.delscookingtwist.com\\\/fr\\\/carottes-roties-au-miel-et-a-la-feta\\\/\",\"url\":\"https:\\\/\\\/www.delscookingtwist.com\\\/fr\\\/carottes-roties-au-miel-et-a-la-feta\\\/\",\"name\":\"Carottes r\u00f4ties au miel et \u00e0 la feta - Del&#039;s cooking twist\",\"isPartOf\":{\"@id\":\"https:\\\/\\\/www.delscookingtwist.com\\\/fr\\\/#website\"},\"primaryImageOfPage\":{\"@id\":\"https:\\\/\\\/www.delscookingtwist.com\\\/fr\\\/carottes-roties-au-miel-et-a-la-feta\\\/#primaryimage\"},\"image\":{\"@id\":\"https:\\\/\\\/www.delscookingtwist.com\\\/fr\\\/carottes-roties-au-miel-et-a-la-feta\\\/#primaryimage\"},\"thumbnailUrl\":\"https:\\\/\\\/www.delscookingtwist.com\\\/wp-content\\\/uploads\\\/2025\\\/04\\\/Roasted-Carrots-with-Feta_3.jpg\",\"datePublished\":\"2025-04-16T06:13:35+00:00\",\"dateModified\":\"2025-04-16T06:14:34+00:00\",\"description\":\"Les carottes r\u00f4ties au miel et \u00e0 la feta constituent une id\u00e9e d'accompagnement id\u00e9ale au printemps comme \u00e0 l'automne.\",\"breadcrumb\":{\"@id\":\"https:\\\/\\\/www.delscookingtwist.com\\\/fr\\\/carottes-roties-au-miel-et-a-la-feta\\\/#breadcrumb\"},\"inLanguage\":\"fr-FR\",\"potentialAction\":[{\"@type\":\"ReadAction\",\"target\":[\"https:\\\/\\\/www.delscookingtwist.com\\\/fr\\\/carottes-roties-au-miel-et-a-la-feta\\\/\"]}]},{\"@type\":\"ImageObject\",\"inLanguage\":\"fr-FR\",\"@id\":\"https:\\\/\\\/www.delscookingtwist.com\\\/fr\\\/carottes-roties-au-miel-et-a-la-feta\\\/#primaryimage\",\"url\":\"https:\\\/\\\/www.delscookingtwist.com\\\/wp-content\\\/uploads\\\/2025\\\/04\\\/Roasted-Carrots-with-Feta_3.jpg\",\"contentUrl\":\"https:\\\/\\\/www.delscookingtwist.com\\\/wp-content\\\/uploads\\\/2025\\\/04\\\/Roasted-Carrots-with-Feta_3.jpg\",\"width\":1200,\"height\":1800,\"caption\":\"Les carottes r\u00f4ties au miel et \u00e0 la feta constituent une id\u00e9e d'accompagnement id\u00e9ale au printemps comme \u00e0 l'automne.\"},{\"@type\":\"BreadcrumbList\",\"@id\":\"https:\\\/\\\/www.delscookingtwist.com\\\/fr\\\/carottes-roties-au-miel-et-a-la-feta\\\/#breadcrumb\",\"itemListElement\":[{\"@type\":\"ListItem\",\"position\":1,\"name\":\"Accueil\",\"item\":\"https:\\\/\\\/www.delscookingtwist.com\\\/fr\\\/\"},{\"@type\":\"ListItem\",\"position\":2,\"name\":\"Recipes\",\"item\":\"https:\\\/\\\/www.delscookingtwist.com\\\/recipe-index\\\/\"},{\"@type\":\"ListItem\",\"position\":3,\"name\":\"Accompagnements\",\"item\":\"https:\\\/\\\/www.delscookingtwist.com\\\/fr\\\/categorie\\\/recettes\\\/accompagnements\\\/\"},{\"@type\":\"ListItem\",\"position\":4,\"name\":\"Carottes r\u00f4ties au miel et \u00e0 la feta\"}]},{\"@type\":\"WebSite\",\"@id\":\"https:\\\/\\\/www.delscookingtwist.com\\\/fr\\\/#website\",\"url\":\"https:\\\/\\\/www.delscookingtwist.com\\\/fr\\\/\",\"name\":\"Del&#039;s cooking twist\",\"description\":\"Plant-based | Wholesome | Organic\",\"publisher\":{\"@id\":\"https:\\\/\\\/www.delscookingtwist.com\\\/fr\\\/#organization\"},\"potentialAction\":[{\"@type\":\"SearchAction\",\"target\":{\"@type\":\"EntryPoint\",\"urlTemplate\":\"https:\\\/\\\/www.delscookingtwist.com\\\/fr\\\/?s={search_term_string}\"},\"query-input\":{\"@type\":\"PropertyValueSpecification\",\"valueRequired\":true,\"valueName\":\"search_term_string\"}}],\"inLanguage\":\"fr-FR\"},{\"@type\":\"Organization\",\"@id\":\"https:\\\/\\\/www.delscookingtwist.com\\\/fr\\\/#organization\",\"name\":\"Del's cooking twist\",\"url\":\"https:\\\/\\\/www.delscookingtwist.com\\\/fr\\\/\",\"logo\":{\"@type\":\"ImageObject\",\"inLanguage\":\"fr-FR\",\"@id\":\"https:\\\/\\\/www.delscookingtwist.com\\\/fr\\\/#\\\/schema\\\/logo\\\/image\\\/\",\"url\":\"https:\\\/\\\/www.delscookingtwist.com\\\/wp-content\\\/uploads\\\/2021\\\/04\\\/Del_sCookingTwist-1200x1200-1.png\",\"contentUrl\":\"https:\\\/\\\/www.delscookingtwist.com\\\/wp-content\\\/uploads\\\/2021\\\/04\\\/Del_sCookingTwist-1200x1200-1.png\",\"width\":1200,\"height\":1200,\"caption\":\"Del's cooking twist\"},\"image\":{\"@id\":\"https:\\\/\\\/www.delscookingtwist.com\\\/fr\\\/#\\\/schema\\\/logo\\\/image\\\/\"},\"sameAs\":[\"https:\\\/\\\/www.facebook.com\\\/pages\\\/Dels-cooking-twist\\\/158928514282620\",\"https:\\\/\\\/x.com\\\/delstwist\",\"https:\\\/\\\/instagram.com\\\/delscookingtwist\",\"https:\\\/\\\/www.linkedin.com\\\/company\\\/15256060\\\/\",\"https:\\\/\\\/www.pinterest.com\\\/delstwist\\\/\",\"https:\\\/\\\/www.youtube.com\\\/channel\\\/UCX4VXKZduK2vq8vYIe4IxwQ\"]},{\"@type\":\"Person\",\"@id\":\"https:\\\/\\\/www.delscookingtwist.com\\\/fr\\\/#\\\/schema\\\/person\\\/3e4febf518c8a60ed3c5ada91c175c91\",\"name\":\"Delphine Fortin\",\"image\":{\"@type\":\"ImageObject\",\"inLanguage\":\"fr-FR\",\"@id\":\"https:\\\/\\\/secure.gravatar.com\\\/avatar\\\/5f92ca31747492f2cc54e3357d21beb304e04824c6ba020a3c6e892130f111ee?s=96&d=mm&r=g\",\"url\":\"https:\\\/\\\/secure.gravatar.com\\\/avatar\\\/5f92ca31747492f2cc54e3357d21beb304e04824c6ba020a3c6e892130f111ee?s=96&d=mm&r=g\",\"contentUrl\":\"https:\\\/\\\/secure.gravatar.com\\\/avatar\\\/5f92ca31747492f2cc54e3357d21beb304e04824c6ba020a3c6e892130f111ee?s=96&d=mm&r=g\",\"caption\":\"Delphine Fortin\"},\"description\":\"Hi! I'm a French girl living in Sweden. I have loved cooking, baking and creating new recipes ever since I was young. I love my treats sweet or salty, depending on my mood, but they have to be delicious with a possibly \\\"twist\\\", my personal touch actually. That's why I finally came to the point that I somehow had to share my recipes with you and try out to teach you this little cooking twist which is mine. Whatever the recipe, there is two things you have to think about when you're cooking: use the true ingredients (no sweeteners or light products, never ever) and think fresh (no frozen ingredients). Here is the best way to eat healthy! I also love travelling and try to get inspiration from other cultures, that's why I want to tips you about the best places to eat in Paris, Stockholm, or every other places I tried and loved! Hope you will like my recipes (but fore sure you will) and give me back 'your' personal twist then!\",\"sameAs\":[\"https:\\\/\\\/www.delscookingtwist.com\\\/about-me\\\/\"],\"url\":\"https:\\\/\\\/www.delscookingtwist.com\\\/fr\\\/author\\\/del\\\/\"}]}<\/script>\n<!-- \/ Yoast SEO Premium plugin. -->","yoast_head_json":{"title":"Carottes r\u00f4ties au miel et \u00e0 la feta - Del&#039;s cooking twist","description":"Les carottes r\u00f4ties au miel et \u00e0 la feta constituent une id\u00e9e d'accompagnement id\u00e9ale au printemps comme \u00e0 l'automne.","robots":{"index":"index","follow":"follow","max-snippet":"max-snippet:-1","max-image-preview":"max-image-preview:large","max-video-preview":"max-video-preview:-1"},"canonical":"https:\/\/www.delscookingtwist.com\/fr\/carottes-roties-au-miel-et-a-la-feta\/","og_locale":"fr_FR","og_type":"article","og_title":"Carottes r\u00f4ties au miel et \u00e0 la feta","og_description":"Les carottes r\u00f4ties au miel et \u00e0 la feta constituent une id\u00e9e d'accompagnement id\u00e9ale au printemps comme \u00e0 l'automne.","og_url":"https:\/\/www.delscookingtwist.com\/fr\/carottes-roties-au-miel-et-a-la-feta\/","og_site_name":"Del&#039;s cooking twist","article_publisher":"https:\/\/www.facebook.com\/pages\/Dels-cooking-twist\/158928514282620","article_published_time":"2025-04-16T06:13:35+00:00","article_modified_time":"2025-04-16T06:14:34+00:00","og_image":[{"width":1200,"height":1800,"url":"https:\/\/www.delscookingtwist.com\/wp-content\/uploads\/2025\/04\/Roasted-Carrots-with-Feta_3.jpg","type":"image\/jpeg"}],"author":"Delphine Fortin","twitter_card":"summary_large_image","twitter_creator":"@delstwist","twitter_site":"@delstwist","twitter_misc":{"\u00c9crit par":"Delphine Fortin","Dur\u00e9e de lecture estim\u00e9e":"5 minutes"},"schema":{"@context":"https:\/\/schema.org","@graph":[{"@type":"Article","@id":"https:\/\/www.delscookingtwist.com\/fr\/carottes-roties-au-miel-et-a-la-feta\/#article","isPartOf":{"@id":"https:\/\/www.delscookingtwist.com\/fr\/carottes-roties-au-miel-et-a-la-feta\/"},"author":{"name":"Delphine Fortin","@id":"https:\/\/www.delscookingtwist.com\/fr\/#\/schema\/person\/3e4febf518c8a60ed3c5ada91c175c91"},"headline":"Carottes r\u00f4ties au miel et \u00e0 la feta","datePublished":"2025-04-16T06:13:35+00:00","dateModified":"2025-04-16T06:14:34+00:00","mainEntityOfPage":{"@id":"https:\/\/www.delscookingtwist.com\/fr\/carottes-roties-au-miel-et-a-la-feta\/"},"wordCount":850,"commentCount":2,"publisher":{"@id":"https:\/\/www.delscookingtwist.com\/fr\/#organization"},"image":{"@id":"https:\/\/www.delscookingtwist.com\/fr\/carottes-roties-au-miel-et-a-la-feta\/#primaryimage"},"thumbnailUrl":"https:\/\/www.delscookingtwist.com\/wp-content\/uploads\/2025\/04\/Roasted-Carrots-with-Feta_3.jpg","keywords":["accompagnement","carottes r\u00f4ties","feta"],"articleSection":["Accompagnements"],"inLanguage":"fr-FR","potentialAction":[{"@type":"CommentAction","name":"Comment","target":["https:\/\/www.delscookingtwist.com\/fr\/carottes-roties-au-miel-et-a-la-feta\/#respond"]}]},{"@type":"WebPage","@id":"https:\/\/www.delscookingtwist.com\/fr\/carottes-roties-au-miel-et-a-la-feta\/","url":"https:\/\/www.delscookingtwist.com\/fr\/carottes-roties-au-miel-et-a-la-feta\/","name":"Carottes r\u00f4ties au miel et \u00e0 la feta - Del&#039;s cooking twist","isPartOf":{"@id":"https:\/\/www.delscookingtwist.com\/fr\/#website"},"primaryImageOfPage":{"@id":"https:\/\/www.delscookingtwist.com\/fr\/carottes-roties-au-miel-et-a-la-feta\/#primaryimage"},"image":{"@id":"https:\/\/www.delscookingtwist.com\/fr\/carottes-roties-au-miel-et-a-la-feta\/#primaryimage"},"thumbnailUrl":"https:\/\/www.delscookingtwist.com\/wp-content\/uploads\/2025\/04\/Roasted-Carrots-with-Feta_3.jpg","datePublished":"2025-04-16T06:13:35+00:00","dateModified":"2025-04-16T06:14:34+00:00","description":"Les carottes r\u00f4ties au miel et \u00e0 la feta constituent une id\u00e9e d'accompagnement id\u00e9ale au printemps comme \u00e0 l'automne.","breadcrumb":{"@id":"https:\/\/www.delscookingtwist.com\/fr\/carottes-roties-au-miel-et-a-la-feta\/#breadcrumb"},"inLanguage":"fr-FR","potentialAction":[{"@type":"ReadAction","target":["https:\/\/www.delscookingtwist.com\/fr\/carottes-roties-au-miel-et-a-la-feta\/"]}]},{"@type":"ImageObject","inLanguage":"fr-FR","@id":"https:\/\/www.delscookingtwist.com\/fr\/carottes-roties-au-miel-et-a-la-feta\/#primaryimage","url":"https:\/\/www.delscookingtwist.com\/wp-content\/uploads\/2025\/04\/Roasted-Carrots-with-Feta_3.jpg","contentUrl":"https:\/\/www.delscookingtwist.com\/wp-content\/uploads\/2025\/04\/Roasted-Carrots-with-Feta_3.jpg","width":1200,"height":1800,"caption":"Les carottes r\u00f4ties au miel et \u00e0 la feta constituent une id\u00e9e d'accompagnement id\u00e9ale au printemps comme \u00e0 l'automne."},{"@type":"BreadcrumbList","@id":"https:\/\/www.delscookingtwist.com\/fr\/carottes-roties-au-miel-et-a-la-feta\/#breadcrumb","itemListElement":[{"@type":"ListItem","position":1,"name":"Accueil","item":"https:\/\/www.delscookingtwist.com\/fr\/"},{"@type":"ListItem","position":2,"name":"Recipes","item":"https:\/\/www.delscookingtwist.com\/recipe-index\/"},{"@type":"ListItem","position":3,"name":"Accompagnements","item":"https:\/\/www.delscookingtwist.com\/fr\/categorie\/recettes\/accompagnements\/"},{"@type":"ListItem","position":4,"name":"Carottes r\u00f4ties au miel et \u00e0 la feta"}]},{"@type":"WebSite","@id":"https:\/\/www.delscookingtwist.com\/fr\/#website","url":"https:\/\/www.delscookingtwist.com\/fr\/","name":"Del&#039;s cooking twist","description":"Plant-based | Wholesome | Organic","publisher":{"@id":"https:\/\/www.delscookingtwist.com\/fr\/#organization"},"potentialAction":[{"@type":"SearchAction","target":{"@type":"EntryPoint","urlTemplate":"https:\/\/www.delscookingtwist.com\/fr\/?s={search_term_string}"},"query-input":{"@type":"PropertyValueSpecification","valueRequired":true,"valueName":"search_term_string"}}],"inLanguage":"fr-FR"},{"@type":"Organization","@id":"https:\/\/www.delscookingtwist.com\/fr\/#organization","name":"Del's cooking twist","url":"https:\/\/www.delscookingtwist.com\/fr\/","logo":{"@type":"ImageObject","inLanguage":"fr-FR","@id":"https:\/\/www.delscookingtwist.com\/fr\/#\/schema\/logo\/image\/","url":"https:\/\/www.delscookingtwist.com\/wp-content\/uploads\/2021\/04\/Del_sCookingTwist-1200x1200-1.png","contentUrl":"https:\/\/www.delscookingtwist.com\/wp-content\/uploads\/2021\/04\/Del_sCookingTwist-1200x1200-1.png","width":1200,"height":1200,"caption":"Del's cooking twist"},"image":{"@id":"https:\/\/www.delscookingtwist.com\/fr\/#\/schema\/logo\/image\/"},"sameAs":["https:\/\/www.facebook.com\/pages\/Dels-cooking-twist\/158928514282620","https:\/\/x.com\/delstwist","https:\/\/instagram.com\/delscookingtwist","https:\/\/www.linkedin.com\/company\/15256060\/","https:\/\/www.pinterest.com\/delstwist\/","https:\/\/www.youtube.com\/channel\/UCX4VXKZduK2vq8vYIe4IxwQ"]},{"@type":"Person","@id":"https:\/\/www.delscookingtwist.com\/fr\/#\/schema\/person\/3e4febf518c8a60ed3c5ada91c175c91","name":"Delphine Fortin","image":{"@type":"ImageObject","inLanguage":"fr-FR","@id":"https:\/\/secure.gravatar.com\/avatar\/5f92ca31747492f2cc54e3357d21beb304e04824c6ba020a3c6e892130f111ee?s=96&d=mm&r=g","url":"https:\/\/secure.gravatar.com\/avatar\/5f92ca31747492f2cc54e3357d21beb304e04824c6ba020a3c6e892130f111ee?s=96&d=mm&r=g","contentUrl":"https:\/\/secure.gravatar.com\/avatar\/5f92ca31747492f2cc54e3357d21beb304e04824c6ba020a3c6e892130f111ee?s=96&d=mm&r=g","caption":"Delphine Fortin"},"description":"Hi! I'm a French girl living in Sweden. I have loved cooking, baking and creating new recipes ever since I was young. I love my treats sweet or salty, depending on my mood, but they have to be delicious with a possibly \"twist\", my personal touch actually. That's why I finally came to the point that I somehow had to share my recipes with you and try out to teach you this little cooking twist which is mine. Whatever the recipe, there is two things you have to think about when you're cooking: use the true ingredients (no sweeteners or light products, never ever) and think fresh (no frozen ingredients). Here is the best way to eat healthy! I also love travelling and try to get inspiration from other cultures, that's why I want to tips you about the best places to eat in Paris, Stockholm, or every other places I tried and loved! Hope you will like my recipes (but fore sure you will) and give me back 'your' personal twist then!","sameAs":["https:\/\/www.delscookingtwist.com\/about-me\/"],"url":"https:\/\/www.delscookingtwist.com\/fr\/author\/del\/"}]}},"_links":{"self":[{"href":"https:\/\/www.delscookingtwist.com\/fr\/wp-json\/wp\/v2\/posts\/29219","targetHints":{"allow":["GET"]}}],"collection":[{"href":"https:\/\/www.delscookingtwist.com\/fr\/wp-json\/wp\/v2\/posts"}],"about":[{"href":"https:\/\/www.delscookingtwist.com\/fr\/wp-json\/wp\/v2\/types\/post"}],"author":[{"embeddable":true,"href":"https:\/\/www.delscookingtwist.com\/fr\/wp-json\/wp\/v2\/users\/1"}],"replies":[{"embeddable":true,"href":"https:\/\/www.delscookingtwist.com\/fr\/wp-json\/wp\/v2\/comments?post=29219"}],"version-history":[{"count":0,"href":"https:\/\/www.delscookingtwist.com\/fr\/wp-json\/wp\/v2\/posts\/29219\/revisions"}],"wp:featuredmedia":[{"embeddable":true,"href":"https:\/\/www.delscookingtwist.com\/fr\/wp-json\/wp\/v2\/media\/56389"}],"wp:attachment":[{"href":"https:\/\/www.delscookingtwist.com\/fr\/wp-json\/wp\/v2\/media?parent=29219"}],"wp:term":[{"taxonomy":"category","embeddable":true,"href":"https:\/\/www.delscookingtwist.com\/fr\/wp-json\/wp\/v2\/categories?post=29219"},{"taxonomy":"post_tag","embeddable":true,"href":"https:\/\/www.delscookingtwist.com\/fr\/wp-json\/wp\/v2\/tags?post=29219"},{"taxonomy":"del_style","embeddable":true,"href":"https:\/\/www.delscookingtwist.com\/fr\/wp-json\/wp\/v2\/del_style?post=29219"},{"taxonomy":"del_diet","embeddable":true,"href":"https:\/\/www.delscookingtwist.com\/fr\/wp-json\/wp\/v2\/del_diet?post=29219"},{"taxonomy":"del_seasonal","embeddable":true,"href":"https:\/\/www.delscookingtwist.com\/fr\/wp-json\/wp\/v2\/del_seasonal?post=29219"},{"taxonomy":"del_occasion","embeddable":true,"href":"https:\/\/www.delscookingtwist.com\/fr\/wp-json\/wp\/v2\/del_occasion?post=29219"},{"taxonomy":"del_ingredient","embeddable":true,"href":"https:\/\/www.delscookingtwist.com\/fr\/wp-json\/wp\/v2\/del_ingredient?post=29219"}],"curies":[{"name":"wp","href":"https:\/\/api.w.org\/{rel}","templated":true}]}}