{"id":29209,"date":"2016-01-17T22:39:05","date_gmt":"2016-01-18T06:39:05","guid":{"rendered":"http:\/\/www.delscookingtwist.com\/2016\/01\/17\/salade-de-lentilles-au-bleu-et-poires-caramelisees\/"},"modified":"2021-05-26T12:05:54","modified_gmt":"2021-05-26T19:05:54","slug":"salade-de-lentilles-au-bleu-et-poires-caramelisees","status":"publish","type":"post","link":"https:\/\/www.delscookingtwist.com\/fr\/salade-de-lentilles-au-bleu-et-poires-caramelisees\/","title":{"rendered":"Salade de lentilles au bleu et poires caram\u00e9lis\u00e9es"},"content":{"rendered":"<p><em>Une jolie salade de lentilles d&#8217;hiver au bleu et aux poires caram\u00e9lis\u00e9es.<\/em><\/p>\n<p style=\"text-align: justify;\"><img decoding=\"async\" class=\"aligncenter size-full wp-image-26027\" src=\"https:\/\/www.delscookingtwist.com\/wp-content\/uploads\/2016\/01\/Lentil-salad-with-blue-cheese-and-pears_0041bis.jpg\" alt=\"Lentil salad with blue cheese and pears\" width=\"1600\" height=\"2188\" srcset=\"https:\/\/www.delscookingtwist.com\/wp-content\/uploads\/2016\/01\/Lentil-salad-with-blue-cheese-and-pears_0041bis.jpg 1200w, https:\/\/www.delscookingtwist.com\/wp-content\/uploads\/2016\/01\/Lentil-salad-with-blue-cheese-and-pears_0041bis-219x300.jpg 219w, https:\/\/www.delscookingtwist.com\/wp-content\/uploads\/2016\/01\/Lentil-salad-with-blue-cheese-and-pears_0041bis-768x1050.jpg 768w, https:\/\/www.delscookingtwist.com\/wp-content\/uploads\/2016\/01\/Lentil-salad-with-blue-cheese-and-pears_0041bis-749x1024.jpg 749w\" sizes=\"(max-width: 770px) calc(100vw - 40px), 730px\" \/><\/p>\n<p>Avec ce temps hivernal qui est d\u00e9sormais bien install\u00e9 ici en Su\u00e8de, avec de la neige et des temp\u00e9ratures tr\u00e8s froides, il est temps de se pr\u00e9parer une bonne salade de saison. Cette salade de lentilles est un plat sucr\u00e9-sal\u00e9 savoureux et sophistiqu\u00e9, tout en \u00e9tant naturellement sans gluten.<\/p>\n<p style=\"text-align: justify;\">J&#8217;aime beaucoup les lentilles : elles sont faciles \u00e0\u00a0pr\u00e9parer, en plat chaud ou en salade, et elles sont extr\u00eamement versatiles, si bien qu&#8217;on peut varier les ingr\u00e9dients et assaisonnements qui vont avec.\u00a0Peu caloriques, elles ont toutefois de nombreux atouts nutritionnels : parmi tous les l\u00e9gumes et ol\u00e9agineux, elles sont la troisi\u00e8me source la plus \u00e9lev\u00e9e de prot\u00e9ines (ce qui en fait un ingr\u00e9dient parfait pour les v\u00e9g\u00e9tariens), et sont \u00e9galement une bonne source de fibres et de vitamines, avec peu de lipides. Habituellement, on estime qu&#8217;une portion de lentilles suffit pour \u00eatre\u00a0rassasi\u00e9.<\/p>\n<p style=\"text-align: justify;\"><img decoding=\"async\" class=\"aligncenter size-full wp-image-26025\" src=\"https:\/\/www.delscookingtwist.com\/wp-content\/uploads\/2016\/01\/Lentil-salad-with-blue-cheese-and-pears_1448.jpg\" alt=\"Lentil salad with blue cheese and pears\" width=\"1600\" height=\"2275\" srcset=\"https:\/\/www.delscookingtwist.com\/wp-content\/uploads\/2016\/01\/Lentil-salad-with-blue-cheese-and-pears_1448.jpg 1200w, https:\/\/www.delscookingtwist.com\/wp-content\/uploads\/2016\/01\/Lentil-salad-with-blue-cheese-and-pears_1448-211x300.jpg 211w, https:\/\/www.delscookingtwist.com\/wp-content\/uploads\/2016\/01\/Lentil-salad-with-blue-cheese-and-pears_1448-768x1092.jpg 768w, https:\/\/www.delscookingtwist.com\/wp-content\/uploads\/2016\/01\/Lentil-salad-with-blue-cheese-and-pears_1448-720x1024.jpg 720w\" sizes=\"(max-width: 770px) calc(100vw - 40px), 730px\" \/><\/p>\n<p style=\"text-align: justify;\">Cette salade de lentilles tr\u00e8s hivernale est un plat tr\u00e8s complet et qui vous surprendra par l&#8217;association de la douceur des poires caram\u00e9lis\u00e9es au miel et au vinaigre balsamique (\u00e0 tomber!) avec le bleu, qui apporte une touche de caract\u00e8re \u00e0 l&#8217;ensemble du plat.<\/p>\n<p style=\"text-align: justify;\">Ajouter quelques noisettes et des canneberges, puis verser la vinaigrette aux \u00e9chalottes par dessus, et vous obtenez ainsi un plat\u00a0\u00e0 la fois rustique et \u00e9l\u00e9gant qui saura vous rappeler les saveurs de la nature.<\/p>\n<p style=\"text-align: justify;\"><img decoding=\"async\" class=\"aligncenter size-full wp-image-26023\" src=\"https:\/\/www.delscookingtwist.com\/wp-content\/uploads\/2016\/01\/Lentil-salad-with-blue-cheese-and-pears_0001.jpg\" alt=\"Lentil salad with blue cheese and pears\" width=\"1600\" height=\"2270\" srcset=\"https:\/\/www.delscookingtwist.com\/wp-content\/uploads\/2016\/01\/Lentil-salad-with-blue-cheese-and-pears_0001.jpg 1200w, https:\/\/www.delscookingtwist.com\/wp-content\/uploads\/2016\/01\/Lentil-salad-with-blue-cheese-and-pears_0001-211x300.jpg 211w, https:\/\/www.delscookingtwist.com\/wp-content\/uploads\/2016\/01\/Lentil-salad-with-blue-cheese-and-pears_0001-768x1090.jpg 768w, https:\/\/www.delscookingtwist.com\/wp-content\/uploads\/2016\/01\/Lentil-salad-with-blue-cheese-and-pears_0001-722x1024.jpg 722w\" sizes=\"(max-width: 770px) calc(100vw - 40px), 730px\" \/><\/p>\n<p style=\"text-align: justify;\">Cette salade de lentilles constituent un plat parfait pour les v\u00e9g\u00e9tariens. Pour les autres, vous pouvez parfaitement ajouter quelques d\u00e9s de lardons \u00e9galement, qui se marieront parfaitement avec l&#8217;ensemble du plat. V\u00e9g\u00e9tarien ou non, d\u00e9gustez le avec un verre de vin rouge.<\/p>\n<p style=\"text-align: justify;\"><img decoding=\"async\" class=\"aligncenter size-full wp-image-26024\" src=\"https:\/\/www.delscookingtwist.com\/wp-content\/uploads\/2016\/01\/Lentil-salad-with-blue-cheese-and-pears_1458qbis.jpg\" alt=\"Lentil salad with blue cheese and pears\" width=\"1600\" height=\"1067\" srcset=\"https:\/\/www.delscookingtwist.com\/wp-content\/uploads\/2016\/01\/Lentil-salad-with-blue-cheese-and-pears_1458qbis.jpg 1200w, https:\/\/www.delscookingtwist.com\/wp-content\/uploads\/2016\/01\/Lentil-salad-with-blue-cheese-and-pears_1458qbis-300x200.jpg 300w, https:\/\/www.delscookingtwist.com\/wp-content\/uploads\/2016\/01\/Lentil-salad-with-blue-cheese-and-pears_1458qbis-768x512.jpg 768w, https:\/\/www.delscookingtwist.com\/wp-content\/uploads\/2016\/01\/Lentil-salad-with-blue-cheese-and-pears_1458qbis-1024x683.jpg 1024w\" sizes=\"(max-width: 770px) calc(100vw - 40px), 730px\" \/><\/p>\n<svg aria-hidden=\"true\" style=\"position: absolute;width: 0;height: 0;overflow: hidden\" xmlns=\"http:\/\/www.w3.org\/2000\/svg\">\n<defs>\n<symbol viewbox=\"9 9 46 42\" id=\"wpt-star-full\">\n<path d=\"m46.3 52-14.4-9.5-14.4 9.4L22 35.3 8.7 24.5l17.1-.9 6.2-16 6 16 17.2 1-13.4 10.7z\" \/>\n<\/symbol>\n<\/defs>\n<\/svg>\n<a class=\"button tasty-recipes-print-button tasty-recipes-no-print tasty-recipes-print-above-card\" href=\"https:\/\/www.delscookingtwist.com\/fr\/salade-de-lentilles-au-bleu-et-poires-caramelisees\/print\/22055\/\">Print<\/a><span class=\"tasty-recipes-jump-target\" id=\"tasty-recipes-22055-jump-target\" style=\"display:block;padding-top:2px;margin-top:-2px;\"><\/span><div id=\"tasty-recipes-22055\" data-tr-id=\"22055\" class=\"tasty-recipes tasty-recipes-22055 tasty-recipes-display tasty-recipes-has-image\">\n\r\n\r\n<div id=\"jump-to-recipe\" class=\"del-tasty-wrap notop nobot\">\r\n    <div class=\"del-tasty-header\">\r\n        <h2 class=\"tasty-recipes-title\">Salade de lentilles au bleu et poires caram\u00e9lis\u00e9es<\/h2>\r\n        <div class=\"del-tasty-meta\">\r\n            <ul>\r\n                                <li class=\"rating\"><div class=\"rating-a\"><span class=\"ratingicons\"><svg aria-hidden=\"true\" style=\"position: absolute;width: 0;height: 0;overflow: hidden\" xmlns=\"http:\/\/www.w3.org\/2000\/svg\">\n<defs>\n<symbol viewbox=\"9 9 46 42\" id=\"wpt-star-full\">\n<path d=\"m46.3 52-14.4-9.5-14.4 9.4L22 35.3 8.7 24.5l17.1-.9 6.2-16 6 16 17.2 1-13.4 10.7z\" \/>\n<\/symbol>\n<\/defs>\n<\/svg>\n<span class=\"tasty-recipes-ratings-buttons tasty-recipes-no-ratings-buttons\"\tdata-tr-default-rating=\"0\"\t>\t\t<span class=\"tasty-recipes-rating\" >\t\t<i class=\"checked\" data-rating=\"5\">\t\t\t<span class=\"tasty-recipes-rating-solid\" data-tr-clip=\"0\">\t\t\t\t<svg class=\"tasty-recipes-svg\" width=\"18\" height=\"17\"><use href=\"#wpt-star-full\" \/><\/svg>\t\t\t<\/span>\t\t\t<span class=\"tasty-recipes-screen-reader\">\t\t\t\t5 Stars\t\t\t<\/span>\t\t<\/i>\t<\/span>\t\t<span class=\"tasty-recipes-rating\" >\t\t<i class=\"checked\" data-rating=\"4\">\t\t\t<span class=\"tasty-recipes-rating-solid\" data-tr-clip=\"0\">\t\t\t\t<svg class=\"tasty-recipes-svg\" width=\"18\" height=\"17\"><use href=\"#wpt-star-full\" \/><\/svg>\t\t\t<\/span>\t\t\t<span class=\"tasty-recipes-screen-reader\">\t\t\t\t4 Stars\t\t\t<\/span>\t\t<\/i>\t<\/span>\t\t<span class=\"tasty-recipes-rating\" >\t\t<i class=\"checked\" data-rating=\"3\">\t\t\t<span class=\"tasty-recipes-rating-solid\" data-tr-clip=\"0\">\t\t\t\t<svg class=\"tasty-recipes-svg\" width=\"18\" height=\"17\"><use href=\"#wpt-star-full\" \/><\/svg>\t\t\t<\/span>\t\t\t<span class=\"tasty-recipes-screen-reader\">\t\t\t\t3 Stars\t\t\t<\/span>\t\t<\/i>\t<\/span>\t\t<span class=\"tasty-recipes-rating\" >\t\t<i class=\"checked\" data-rating=\"2\">\t\t\t<span class=\"tasty-recipes-rating-solid\" data-tr-clip=\"0\">\t\t\t\t<svg class=\"tasty-recipes-svg\" width=\"18\" height=\"17\"><use href=\"#wpt-star-full\" \/><\/svg>\t\t\t<\/span>\t\t\t<span class=\"tasty-recipes-screen-reader\">\t\t\t\t2 Stars\t\t\t<\/span>\t\t<\/i>\t<\/span>\t\t<span class=\"tasty-recipes-rating\" >\t\t<i class=\"checked\" data-rating=\"1\">\t\t\t<span class=\"tasty-recipes-rating-solid\" data-tr-clip=\"0\">\t\t\t\t<svg class=\"tasty-recipes-svg\" width=\"18\" height=\"17\"><use href=\"#wpt-star-full\" \/><\/svg>\t\t\t<\/span>\t\t\t<span class=\"tasty-recipes-screen-reader\">\t\t\t\t1 Star\t\t\t<\/span>\t\t<\/i>\t<\/span><\/span><\/span><span class=\"ratinglabel\"><span class=\"rating-label\">No reviews<\/span><\/span><\/div><\/li>\r\n                                                <li class=\"review\"><a href=\"#respond\">Laisser un commentaire<\/a><\/li>\r\n                            <\/ul>\r\n        <\/div>\r\n    <\/div>\r\n    <div class=\"del-tasty-cols\">\r\n                <div class=\"del-tasty-imagecol\">\r\n                        <div class=\"tasty-recipes-image\">\r\n                <img decoding=\"async\" width=\"320\" height=\"320\" src=\"https:\/\/www.delscookingtwist.com\/wp-content\/uploads\/2016\/01\/Lentil-salad-with-blue-cheese-and-pears_0041bis-320x320.jpg\" class=\"attachment-thumbnail size-thumbnail\" alt=\"Lentil salad with blue cheese and pears\" data-pin-nopin=\"true\" srcset=\"https:\/\/www.delscookingtwist.com\/wp-content\/uploads\/2016\/01\/Lentil-salad-with-blue-cheese-and-pears_0041bis-320x320.jpg 320w, https:\/\/www.delscookingtwist.com\/wp-content\/uploads\/2016\/01\/Lentil-salad-with-blue-cheese-and-pears_0041bis-225x225.jpg 225w\" sizes=\"(max-width: 360px) calc(100vw - 40px), 320px\" \/>            <\/div>\r\n                                    \r\n            <div class=\"tasty-recipes-buttons\">\r\n                                <div class=\"tasty-recipes-button-wrap\">\r\n                    \n<a class=\"btn btn-pink button tasty-recipes-print-button tasty-recipes-no-print\" href=\"https:\/\/www.delscookingtwist.com\/fr\/salade-de-lentilles-au-bleu-et-poires-caramelisees\/print\/22055\/\" target=\"_blank\">\n\t\t\t<svg viewBox=\"0 0 24 24\" class=\"svg-print\" aria-hidden=\"true\"><use href=\"#tasty-recipes-icon-print\"><\/use><\/svg>\n\t\tPrint<\/a>\n                <\/div>\r\n                                            <\/div>\r\n                    <\/div>  \r\n                <div class=\"del-tasty-textcol\">\r\n                        <div class=\"tasty-recipes-details\">\r\n                <ul>\r\n                                            <li class=\"author\"><strong class=\"tasty-recipes-label\">Author:<\/strong> <span><span class=\"tasty-recipes-author-name\">Delphine Fortin<\/span><\/span><\/li>\r\n                                            <li class=\"prep-time\"><strong class=\"tasty-recipes-label\">Prep Time:<\/strong> <span><span class=\"tasty-recipes-prep-time\">25 mins<\/span><\/span><\/li>\r\n                                            <li class=\"cook-time\"><strong class=\"tasty-recipes-label\">Cook Time:<\/strong> <span><span class=\"tasty-recipes-cook-time\">20 mins<\/span><\/span><\/li>\r\n                                            <li class=\"total-time\"><strong class=\"tasty-recipes-label\">Total Time:<\/strong> <span><span class=\"tasty-recipes-total-time\">45 mins<\/span><\/span><\/li>\r\n                                            <li class=\"yield\"><strong class=\"tasty-recipes-label\">Yield:<\/strong> <span><span class=\"tasty-recipes-yield\"><span data-amount=\"4\">4<\/span> pers. <span class=\"tasty-recipes-yield-scale\"><span data-amount=\"1\">1<\/span>x<\/span><\/span><\/span><\/li>\r\n                                            <li class=\"category\"><strong class=\"tasty-recipes-label\">Category:<\/strong> <span><span class=\"tasty-recipes-category\">Plats sal\u00e9s<\/span><\/span><\/li>\r\n                                            <li class=\"cuisine\"><strong class=\"tasty-recipes-label\">Cuisine:<\/strong> <span><span class=\"tasty-recipes-cuisine\">Sans gluten<\/span><\/span><\/li>\r\n                                    <\/ul>\r\n            <\/div>\r\n                        \r\n\r\n                        <div class=\"tasty-recipes-description notop nobot\">\r\n                <p>Une jolie salade de lentilles d&#8217;hiver au bleu et aux poires caram\u00e9lis\u00e9es.<\/p>\n            <\/div>\r\n                        \r\n        <\/div>\r\n    <\/div>\r\n\r\n    <div class=\"contentbox contentbox-lightpink savethisrecipe notop nobot\" data-title=\"Salade de lentilles au bleu et poires caram\u00e9lis\u00e9es\" data-url=\"https:\/\/www.delscookingtwist.com\/fr\/salade-de-lentilles-au-bleu-et-poires-caramelisees\/\">\r\n    <h3 data-toc-skip>Envoyez-moi cette recette par mail<\/h3>\r\n    <p>En bonus, de l&#8217;inspiration en cuisine chaque semaine.<\/p>\n    \r\n    <div class=\"customckform customckform-horz saveform\">\r\n        <script async data-uid=\"92b1c51bfa\" src=\"https:\/\/delscookingtwist.ck.page\/92b1c51bfa\/index.js\"><\/script>        \r\n    <\/div>    \r\n<\/div>    \r\n            <div class=\"tasty-recipes-ingredients\">\r\n            <div class=\"tasty-recipes-ingredients-header\">\r\n                <div class=\"tasty-recipes-ingredients-clipboard-container\">\r\n                    <h3>Ingr&eacute;dients<\/h3>\r\n                                    <\/div>\r\n                <div class=\"tasty-recipes-units-scale-container\"><span class=\"tasty-recipes-scale-container\">\n\t\t\t\t\t\t<span class=\"tasty-recipes-scale-label\">Scale<\/span>\n\t\t\t\t\t\t<button class=\"tasty-recipes-scale-button tasty-recipes-scale-button-active\" data-amount=\"1\" type=\"button\">1x<\/button><button class=\"tasty-recipes-scale-button\" data-amount=\"2\" type=\"button\">2x<\/button><button class=\"tasty-recipes-scale-button\" data-amount=\"3\" type=\"button\">3x<\/button>\n\t\t\t\t\t<\/span>\n\t\t\t\t\t<\/span><\/div>            <\/div>\r\n            <div class=\"tasty-recipes-ingredients-body\">\r\n                <h4>Pour la salade de lentilles :<\/h4>\n<ul>\n<li data-tr-ingredient-checkbox=\"\"><span class=\"tr-ingredient-checkbox-container\"><input type=\"checkbox\" name=\"ingredient_checkbox_69f1a18e1d527\" id=\"ingredient_checkbox_69f1a18e1d527\" aria-label=\"250g de lentilles\"><label for=\"ingredient_checkbox_69f1a18e1d527\"><\/label><\/span><span data-amount=\"250\" data-unit=\"g\">250g<\/span> de lentilles<\/li>\n<li data-tr-ingredient-checkbox=\"\"><span class=\"tr-ingredient-checkbox-container\"><input type=\"checkbox\" name=\"ingredient_checkbox_69f1a18e1d534\" id=\"ingredient_checkbox_69f1a18e1d534\" aria-label=\"2 cuil. \u00e0 soupe d&#8217;huile d&#8217;olive\"><label for=\"ingredient_checkbox_69f1a18e1d534\"><\/label><\/span><span data-amount=\"2\">2<\/span> cuil. \u00e0 soupe d&#8217;huile d&#8217;olive<\/li>\n<li data-tr-ingredient-checkbox=\"\"><span class=\"tr-ingredient-checkbox-container\"><input type=\"checkbox\" name=\"ingredient_checkbox_69f1a18e1d54b\" id=\"ingredient_checkbox_69f1a18e1d54b\" aria-label=\"25g de beurre\"><label for=\"ingredient_checkbox_69f1a18e1d54b\"><\/label><\/span><span data-amount=\"25\" data-unit=\"g\">25g<\/span> de beurre<\/li>\n<li data-tr-ingredient-checkbox=\"\"><span class=\"tr-ingredient-checkbox-container\"><input type=\"checkbox\" name=\"ingredient_checkbox_69f1a18e1d553\" id=\"ingredient_checkbox_69f1a18e1d553\" aria-label=\"2 cuil. \u00e0 soupe de miel\"><label for=\"ingredient_checkbox_69f1a18e1d553\"><\/label><\/span><span data-amount=\"2\">2<\/span> cuil. \u00e0 soupe de miel<\/li>\n<li data-tr-ingredient-checkbox=\"\"><span class=\"tr-ingredient-checkbox-container\"><input type=\"checkbox\" name=\"ingredient_checkbox_69f1a18e1d55b\" id=\"ingredient_checkbox_69f1a18e1d55b\" aria-label=\"2 cuil. \u00e0 soupe de vinaigre balsamique\"><label for=\"ingredient_checkbox_69f1a18e1d55b\"><\/label><\/span><span data-amount=\"2\">2<\/span> cuil. \u00e0 soupe de vinaigre balsamique<\/li>\n<li data-tr-ingredient-checkbox=\"\"><span class=\"tr-ingredient-checkbox-container\"><input type=\"checkbox\" name=\"ingredient_checkbox_69f1a18e1d563\" id=\"ingredient_checkbox_69f1a18e1d563\" aria-label=\"4 petites poires, coup\u00e9es en quartier\"><label for=\"ingredient_checkbox_69f1a18e1d563\"><\/label><\/span><span data-amount=\"4\">4<\/span> petites poires, coup\u00e9es en quartier<\/li>\n<li data-tr-ingredient-checkbox=\"\"><span class=\"tr-ingredient-checkbox-container\"><input type=\"checkbox\" name=\"ingredient_checkbox_69f1a18e1d56b\" id=\"ingredient_checkbox_69f1a18e1d56b\" aria-label=\"250g de salade roquette\"><label for=\"ingredient_checkbox_69f1a18e1d56b\"><\/label><\/span><span data-amount=\"250\" data-unit=\"g\">250g<\/span> de salade roquette<\/li>\n<li data-tr-ingredient-checkbox=\"\"><span class=\"tr-ingredient-checkbox-container\"><input type=\"checkbox\" name=\"ingredient_checkbox_69f1a18e1d573\" id=\"ingredient_checkbox_69f1a18e1d573\" aria-label=\"1 poign\u00e9e de noisettes\"><label for=\"ingredient_checkbox_69f1a18e1d573\"><\/label><\/span><span data-amount=\"1\">1<\/span> poign\u00e9e de noisettes<\/li>\n<li data-tr-ingredient-checkbox=\"\"><span class=\"tr-ingredient-checkbox-container\"><input type=\"checkbox\" name=\"ingredient_checkbox_69f1a18e1d57b\" id=\"ingredient_checkbox_69f1a18e1d57b\" aria-label=\"1 poign\u00e9e de canneberges\"><label for=\"ingredient_checkbox_69f1a18e1d57b\"><\/label><\/span><span data-amount=\"1\">1<\/span> poign\u00e9e de canneberges<\/li>\n<li data-tr-ingredient-checkbox=\"\"><span class=\"tr-ingredient-checkbox-container\"><input type=\"checkbox\" name=\"ingredient_checkbox_69f1a18e1d582\" id=\"ingredient_checkbox_69f1a18e1d582\" aria-label=\"150g de fromage bleu\"><label for=\"ingredient_checkbox_69f1a18e1d582\"><\/label><\/span><span data-amount=\"150\" data-unit=\"g\">150g<\/span> de fromage bleu<\/li>\n<\/ul>\n<h4>Pour la vinaigrette :<\/h4>\n<ul>\n<li data-tr-ingredient-checkbox=\"\"><span class=\"tr-ingredient-checkbox-container\"><input type=\"checkbox\" name=\"ingredient_checkbox_69f1a18e1d58b\" id=\"ingredient_checkbox_69f1a18e1d58b\" aria-label=\"2 cuil. \u00e0 soupe d&#8217;huile d&#8217;olive\"><label for=\"ingredient_checkbox_69f1a18e1d58b\"><\/label><\/span><span data-amount=\"2\">2<\/span> cuil. \u00e0 soupe d&#8217;huile d&#8217;olive<\/li>\n<li data-tr-ingredient-checkbox=\"\"><span class=\"tr-ingredient-checkbox-container\"><input type=\"checkbox\" name=\"ingredient_checkbox_69f1a18e1d59c\" id=\"ingredient_checkbox_69f1a18e1d59c\" aria-label=\"1 cuil. \u00e0 soupe de vinaigre de cidre\"><label for=\"ingredient_checkbox_69f1a18e1d59c\"><\/label><\/span><span data-amount=\"1\">1<\/span> cuil. \u00e0 soupe de vinaigre de cidre<\/li>\n<li data-tr-ingredient-checkbox=\"\"><span class=\"tr-ingredient-checkbox-container\"><input type=\"checkbox\" name=\"ingredient_checkbox_69f1a18e1d5a4\" id=\"ingredient_checkbox_69f1a18e1d5a4\" aria-label=\"1\/2 petite \u00e9chalotte, \u00e9minc\u00e9e\"><label for=\"ingredient_checkbox_69f1a18e1d5a4\"><\/label><\/span><span data-amount=\"0.5\">1\/2<\/span> petite \u00e9chalotte, \u00e9minc\u00e9e<\/li>\n<li data-tr-ingredient-checkbox=\"\"><span class=\"tr-ingredient-checkbox-container\"><input type=\"checkbox\" name=\"ingredient_checkbox_69f1a18e1d5ac\" id=\"ingredient_checkbox_69f1a18e1d5ac\" aria-label=\"1\/2 cuil. \u00e0 caf\u00e9 de moutarde\"><label for=\"ingredient_checkbox_69f1a18e1d5ac\"><\/label><\/span><span data-amount=\"0.5\">1\/2<\/span> cuil. \u00e0 caf\u00e9 de moutarde<\/li>\n<li data-tr-ingredient-checkbox=\"\"><span class=\"tr-ingredient-checkbox-container\"><input type=\"checkbox\" name=\"ingredient_checkbox_69f1a18e1d5b2\" id=\"ingredient_checkbox_69f1a18e1d5b2\" aria-label=\"Sel &#038; poivre\"><label for=\"ingredient_checkbox_69f1a18e1d5b2\"><\/label><\/span>Sel &#038; poivre<\/li>\n<\/ul>\n<p><!--INSIDE_INGREDIENTS--><\/p>\n            <\/div>\r\n            <div class=\"tasty-recipes-cook-mode\">\n\t<div class=\"tasty-recipes-cook-mode__container\">\n\t\t<label class=\"tasty-recipes-cook-mode__switch\">\n\t\t\t<input type=\"checkbox\" id=\"tasty_recipes_69f1a18e1e339_cookmode\">\n\t\t\t<span class=\"tasty-recipes-cook-mode__switch-slider tasty-recipes-cook-mode__switch-round\"\n\t\t\t\tdata-tasty-recipes-customization=\"button-color.background button-text-color.color\"><\/span>\n\t\t<\/label>\n\t\t<label for=\"tasty_recipes_69f1a18e1e339_cookmode\">\n\t\t\t<span class=\"tasty-recipes-cook-mode__label\">Cook Mode<\/span>\n\t\t\t<span class=\"tasty-recipes-cook-mode__helper\">\n\t\t\t\tPrevent your screen from going dark\t\t\t<\/span>\n\t\t<\/label>\n\t<\/div>\n<\/div>\n        <\/div>\r\n    \r\n            <div class=\"tasty-recipes-instructions\">\r\n            <div class=\"tasty-recipes-instructions-header\">\r\n                <h3>Instructions<\/h3>\r\n                            <\/div>\r\n            <div class=\"tasty-recipes-instructions-body\">\r\n                <ol class=\"is-style-circles\">\n<li id=\"instruction-step-1\">Rincer les lentilles \u00e0 l&#8217;eau froide et les placer dans une casserole. M\u00e9langer avec un peu d&#8217;huile d&#8217;olive puis recouvrir les lentilles avec trois fois leur volume d&#8217;eau. Porter \u00e0 \u00e9bullition et laisser cuire \u00e0 couvert pendant environ 20 minutes. Bien \u00e9goutter et laisser refroidir.<\/li>\n<li id=\"instruction-step-2\">Faire chauffer un peu de beurre dans une po\u00eale sur feu moyen-chaud, puis verser le miel et le vinaigre balsamique. Y d\u00e9poser les quartiers de poires et les faire caram\u00e9liser sur toutes leurs faces. Attention \u00e0 ne pas les faire br\u00fbler. R\u00e9server.<\/li>\n<li id=\"instruction-step-3\">Pr\u00e9parer la vinaigrette avec l&#8217;huile d&#8217;olive, le vinaigre, l&#8217;\u00e9chalotte \u00e9minc\u00e9e et la moutarde. Saler et poivrer.<\/li>\n<li id=\"instruction-step-4\">Dans un grand saladier, m\u00e9langer ensemble la roquette et les lentilles refroidies. Ajouter les noisettes et les canneberges. Verser la vinaigrette par dessus et bien m\u00e9langer. Servir dans 4 assiettes et disposer les poires caram\u00e9lis\u00e9es au centre.<\/li>\n<\/ol>\n            <\/div>\r\n        <\/div>\r\n    \r\n    \r\n    \r\n            <div class=\"tasty-recipes-notes notop nobot\">\r\n            <h3>Notes<\/h3>\r\n            <div class=\"tasty-recipes-notes-body\">\r\n                <p>Vous pouvez appr\u00e9cier la salade telle quelle dans sa version v\u00e9g\u00e9tarienne, ou alors ajouter quelques d\u00e9s de bacon, qui se marieront parfaitement avec le bleu.<\/p>\n            <\/div>\r\n        <\/div>\r\n    \r\n    \r\n    \r\n    \r\n    \r\n    <\/div>\r\n\r\n\r\n\r\n<div class=\"postcats\">\r\n\t<a href=\"https:\/\/www.delscookingtwist.com\/fr\/categorie\/recettes\/accompagnements\/\">Accompagnements<\/a>, <a href=\"https:\/\/www.delscookingtwist.com\/fr\/saison\/automne\/\">Automne<\/a>, <a href=\"https:\/\/www.delscookingtwist.com\/fr\/ingredient-fr\/fromage\/\">Fromage<\/a>, <a href=\"https:\/\/www.delscookingtwist.com\/fr\/saison\/hiver\/\">Hiver<\/a>, <a href=\"https:\/\/www.delscookingtwist.com\/fr\/ingredient-fr\/lentilles\/\">Lentilles<\/a>, <a href=\"https:\/\/www.delscookingtwist.com\/fr\/ingredient-fr\/oleagineux\/\">Ol\u00e9agineux<\/a>, <a href=\"https:\/\/www.delscookingtwist.com\/fr\/ingredient-fr\/poires\/\">Poires<\/a>, <a href=\"https:\/\/www.delscookingtwist.com\/fr\/regime\/recettes-saines\/\">Recettes saines<\/a>, <a href=\"https:\/\/www.delscookingtwist.com\/fr\/categorie\/recettes\/plats\/salades-bowls\/\">Salades &amp; bowls<\/a>, <a href=\"https:\/\/www.delscookingtwist.com\/fr\/regime\/sans-gluten\/\">Sans gluten<\/a>, <a href=\"https:\/\/www.delscookingtwist.com\/fr\/regime\/vegetarien\/\">V\u00e9g\u00e9tarien<\/a><\/div>\r\n\r\n<div class=\"contentbox contentbox-lightpink notop nobot\">\r\n        <h2>Avez-vous r\u00e9alis\u00e9 cette recette ?<\/h2>\r\n        <p>Enfin, si vous r\u00e9alisez cette Salade de lentilles au bleu et poires caram\u00e9lis\u00e9es, merci de me laisser un petit commentaire et\/ou de noter la recette. Et bien s\u00fbr, n\u2019oubliez pas de me taguer sur <a href=\"https:\/\/instagram.com\/delscookingtwist\/\" target=\"_blank\">Instagram<\/a>, j\u2019adore voir vos r\u00e9alisations. Bon app\u00e9tit !<\/p>\n<\/div>\r\n\r\n<\/div>\n<p style=\"text-align: justify;\"><img decoding=\"async\" class=\"aligncenter size-full wp-image-26026\" src=\"https:\/\/www.delscookingtwist.com\/wp-content\/uploads\/2016\/01\/Lentil-salad-with-blue-cheese-and-pears_1462bis.jpg\" alt=\"Lentil salad with blue cheese and pears\" width=\"1600\" height=\"2235\" srcset=\"https:\/\/www.delscookingtwist.com\/wp-content\/uploads\/2016\/01\/Lentil-salad-with-blue-cheese-and-pears_1462bis.jpg 1200w, https:\/\/www.delscookingtwist.com\/wp-content\/uploads\/2016\/01\/Lentil-salad-with-blue-cheese-and-pears_1462bis-215x300.jpg 215w, https:\/\/www.delscookingtwist.com\/wp-content\/uploads\/2016\/01\/Lentil-salad-with-blue-cheese-and-pears_1462bis-768x1073.jpg 768w, https:\/\/www.delscookingtwist.com\/wp-content\/uploads\/2016\/01\/Lentil-salad-with-blue-cheese-and-pears_1462bis-733x1024.jpg 733w\" sizes=\"(max-width: 770px) calc(100vw - 40px), 730px\" \/><\/p>\n","protected":false},"excerpt":{"rendered":"<p>Une jolie salade de lentilles d&#8217;hiver au bleu et aux poires caram\u00e9lis\u00e9es. Avec ce temps hivernal qui est d\u00e9sormais bien install\u00e9 ici en Su\u00e8de, avec de la neige et des temp\u00e9ratures tr\u00e8s froides, il est temps de se pr\u00e9parer une bonne salade de saison. Cette salade de lentilles est un plat sucr\u00e9-sal\u00e9 savoureux et sophistiqu\u00e9, [&hellip;]<\/p>\n","protected":false},"author":1,"featured_media":26023,"comment_status":"open","ping_status":"open","sticky":false,"template":"","format":"standard","meta":{"_acf_changed":false,"_monsterinsights_skip_tracking":false,"_monsterinsights_sitenote_active":false,"_monsterinsights_sitenote_note":"","_monsterinsights_sitenote_category":0,"footnotes":""},"categories":[41396,41400],"tags":[39984,39985,39988],"del_style":[],"del_diet":[41360,41359,41364],"del_seasonal":[41365,41368],"del_occasion":[],"del_ingredient":[41380,41386,41388,41390],"class_list":["post-29209","post","type-post","status-publish","format-standard","has-post-thumbnail","hentry","category-accompagnements","category-salades-bowls","tag-gluten-free-fr","tag-salad-fr","tag-vegetarian-fr","del_diet-recettes-saines","del_diet-sans-gluten","del_diet-vegetarien","del_seasonal-automne","del_seasonal-hiver","del_ingredient-fromage","del_ingredient-lentilles","del_ingredient-oleagineux","del_ingredient-poires"],"acf":[],"yoast_head":"<!-- This site is optimized with the Yoast SEO Premium plugin v27.4 (Yoast SEO v27.4) - https:\/\/yoast.com\/product\/yoast-seo-premium-wordpress\/ -->\n<title>Salade de lentilles au bleu et poires caram\u00e9lis\u00e9es - Del&#039;s cooking twist<\/title>\n<meta name=\"description\" content=\"Une jolie salade de lentilles d&#039;hiver au bleu et aux poires caram\u00e9lis\u00e9es.\" \/>\n<meta name=\"robots\" content=\"index, follow, max-snippet:-1, max-image-preview:large, max-video-preview:-1\" \/>\n<link rel=\"canonical\" href=\"https:\/\/www.delscookingtwist.com\/fr\/salade-de-lentilles-au-bleu-et-poires-caramelisees\/\" \/>\n<meta property=\"og:locale\" content=\"fr_FR\" \/>\n<meta property=\"og:type\" content=\"article\" \/>\n<meta property=\"og:title\" content=\"Salade de lentilles au bleu et poires caram\u00e9lis\u00e9es\" \/>\n<meta property=\"og:description\" content=\"Une jolie salade de lentilles d&#039;hiver au bleu et aux poires caram\u00e9lis\u00e9es.\" \/>\n<meta property=\"og:url\" content=\"https:\/\/www.delscookingtwist.com\/fr\/salade-de-lentilles-au-bleu-et-poires-caramelisees\/\" \/>\n<meta property=\"og:site_name\" content=\"Del&#039;s cooking twist\" \/>\n<meta property=\"article:publisher\" content=\"https:\/\/www.facebook.com\/pages\/Dels-cooking-twist\/158928514282620\" \/>\n<meta property=\"article:published_time\" content=\"2016-01-18T06:39:05+00:00\" \/>\n<meta property=\"article:modified_time\" content=\"2021-05-26T19:05:54+00:00\" \/>\n<meta property=\"og:image\" content=\"https:\/\/www.delscookingtwist.com\/wp-content\/uploads\/2016\/01\/Lentil-salad-with-blue-cheese-and-pears_0001.jpg\" \/>\n\t<meta property=\"og:image:width\" content=\"1200\" \/>\n\t<meta property=\"og:image:height\" content=\"1703\" \/>\n\t<meta property=\"og:image:type\" content=\"image\/jpeg\" \/>\n<meta name=\"author\" content=\"Delphine Fortin\" \/>\n<meta name=\"twitter:card\" content=\"summary_large_image\" \/>\n<meta name=\"twitter:creator\" content=\"@delstwist\" \/>\n<meta name=\"twitter:site\" content=\"@delstwist\" \/>\n<meta name=\"twitter:label1\" content=\"\u00c9crit par\" \/>\n\t<meta name=\"twitter:data1\" content=\"Delphine Fortin\" \/>\n\t<meta name=\"twitter:label2\" content=\"Dur\u00e9e de lecture estim\u00e9e\" \/>\n\t<meta name=\"twitter:data2\" content=\"2 minutes\" \/>\n<script type=\"application\/ld+json\" class=\"yoast-schema-graph\">{\"@context\":\"https:\\\/\\\/schema.org\",\"@graph\":[{\"@type\":\"Article\",\"@id\":\"https:\\\/\\\/www.delscookingtwist.com\\\/fr\\\/salade-de-lentilles-au-bleu-et-poires-caramelisees\\\/#article\",\"isPartOf\":{\"@id\":\"https:\\\/\\\/www.delscookingtwist.com\\\/fr\\\/salade-de-lentilles-au-bleu-et-poires-caramelisees\\\/\"},\"author\":{\"name\":\"Delphine Fortin\",\"@id\":\"https:\\\/\\\/www.delscookingtwist.com\\\/fr\\\/#\\\/schema\\\/person\\\/3e4febf518c8a60ed3c5ada91c175c91\"},\"headline\":\"Salade de lentilles au bleu et poires caram\u00e9lis\u00e9es\",\"datePublished\":\"2016-01-18T06:39:05+00:00\",\"dateModified\":\"2021-05-26T19:05:54+00:00\",\"mainEntityOfPage\":{\"@id\":\"https:\\\/\\\/www.delscookingtwist.com\\\/fr\\\/salade-de-lentilles-au-bleu-et-poires-caramelisees\\\/\"},\"wordCount\":321,\"commentCount\":0,\"publisher\":{\"@id\":\"https:\\\/\\\/www.delscookingtwist.com\\\/fr\\\/#organization\"},\"image\":{\"@id\":\"https:\\\/\\\/www.delscookingtwist.com\\\/fr\\\/salade-de-lentilles-au-bleu-et-poires-caramelisees\\\/#primaryimage\"},\"thumbnailUrl\":\"https:\\\/\\\/www.delscookingtwist.com\\\/wp-content\\\/uploads\\\/2016\\\/01\\\/Lentil-salad-with-blue-cheese-and-pears_0001.jpg\",\"keywords\":[\"gluten-free\",\"salad\",\"vegetarian\"],\"articleSection\":[\"Accompagnements\",\"Salades &amp; bowls\"],\"inLanguage\":\"fr-FR\",\"potentialAction\":[{\"@type\":\"CommentAction\",\"name\":\"Comment\",\"target\":[\"https:\\\/\\\/www.delscookingtwist.com\\\/fr\\\/salade-de-lentilles-au-bleu-et-poires-caramelisees\\\/#respond\"]}]},{\"@type\":\"WebPage\",\"@id\":\"https:\\\/\\\/www.delscookingtwist.com\\\/fr\\\/salade-de-lentilles-au-bleu-et-poires-caramelisees\\\/\",\"url\":\"https:\\\/\\\/www.delscookingtwist.com\\\/fr\\\/salade-de-lentilles-au-bleu-et-poires-caramelisees\\\/\",\"name\":\"Salade de lentilles au bleu et poires caram\u00e9lis\u00e9es - Del&#039;s cooking twist\",\"isPartOf\":{\"@id\":\"https:\\\/\\\/www.delscookingtwist.com\\\/fr\\\/#website\"},\"primaryImageOfPage\":{\"@id\":\"https:\\\/\\\/www.delscookingtwist.com\\\/fr\\\/salade-de-lentilles-au-bleu-et-poires-caramelisees\\\/#primaryimage\"},\"image\":{\"@id\":\"https:\\\/\\\/www.delscookingtwist.com\\\/fr\\\/salade-de-lentilles-au-bleu-et-poires-caramelisees\\\/#primaryimage\"},\"thumbnailUrl\":\"https:\\\/\\\/www.delscookingtwist.com\\\/wp-content\\\/uploads\\\/2016\\\/01\\\/Lentil-salad-with-blue-cheese-and-pears_0001.jpg\",\"datePublished\":\"2016-01-18T06:39:05+00:00\",\"dateModified\":\"2021-05-26T19:05:54+00:00\",\"description\":\"Une jolie salade de lentilles d'hiver au bleu et aux poires caram\u00e9lis\u00e9es.\",\"breadcrumb\":{\"@id\":\"https:\\\/\\\/www.delscookingtwist.com\\\/fr\\\/salade-de-lentilles-au-bleu-et-poires-caramelisees\\\/#breadcrumb\"},\"inLanguage\":\"fr-FR\",\"potentialAction\":[{\"@type\":\"ReadAction\",\"target\":[\"https:\\\/\\\/www.delscookingtwist.com\\\/fr\\\/salade-de-lentilles-au-bleu-et-poires-caramelisees\\\/\"]}]},{\"@type\":\"ImageObject\",\"inLanguage\":\"fr-FR\",\"@id\":\"https:\\\/\\\/www.delscookingtwist.com\\\/fr\\\/salade-de-lentilles-au-bleu-et-poires-caramelisees\\\/#primaryimage\",\"url\":\"https:\\\/\\\/www.delscookingtwist.com\\\/wp-content\\\/uploads\\\/2016\\\/01\\\/Lentil-salad-with-blue-cheese-and-pears_0001.jpg\",\"contentUrl\":\"https:\\\/\\\/www.delscookingtwist.com\\\/wp-content\\\/uploads\\\/2016\\\/01\\\/Lentil-salad-with-blue-cheese-and-pears_0001.jpg\",\"width\":1200,\"height\":1703},{\"@type\":\"BreadcrumbList\",\"@id\":\"https:\\\/\\\/www.delscookingtwist.com\\\/fr\\\/salade-de-lentilles-au-bleu-et-poires-caramelisees\\\/#breadcrumb\",\"itemListElement\":[{\"@type\":\"ListItem\",\"position\":1,\"name\":\"Accueil\",\"item\":\"https:\\\/\\\/www.delscookingtwist.com\\\/fr\\\/\"},{\"@type\":\"ListItem\",\"position\":2,\"name\":\"Recipes\",\"item\":\"https:\\\/\\\/www.delscookingtwist.com\\\/recipe-index\\\/\"},{\"@type\":\"ListItem\",\"position\":3,\"name\":\"Plats\",\"item\":\"https:\\\/\\\/www.delscookingtwist.com\\\/fr\\\/categorie\\\/recettes\\\/plats\\\/\"},{\"@type\":\"ListItem\",\"position\":4,\"name\":\"Salades &amp; bowls\",\"item\":\"https:\\\/\\\/www.delscookingtwist.com\\\/fr\\\/categorie\\\/recettes\\\/plats\\\/salades-bowls\\\/\"},{\"@type\":\"ListItem\",\"position\":5,\"name\":\"Salade de lentilles au bleu et poires caram\u00e9lis\u00e9es\"}]},{\"@type\":\"WebSite\",\"@id\":\"https:\\\/\\\/www.delscookingtwist.com\\\/fr\\\/#website\",\"url\":\"https:\\\/\\\/www.delscookingtwist.com\\\/fr\\\/\",\"name\":\"Del&#039;s cooking twist\",\"description\":\"Plant-based | Wholesome | Organic\",\"publisher\":{\"@id\":\"https:\\\/\\\/www.delscookingtwist.com\\\/fr\\\/#organization\"},\"potentialAction\":[{\"@type\":\"SearchAction\",\"target\":{\"@type\":\"EntryPoint\",\"urlTemplate\":\"https:\\\/\\\/www.delscookingtwist.com\\\/fr\\\/?s={search_term_string}\"},\"query-input\":{\"@type\":\"PropertyValueSpecification\",\"valueRequired\":true,\"valueName\":\"search_term_string\"}}],\"inLanguage\":\"fr-FR\"},{\"@type\":\"Organization\",\"@id\":\"https:\\\/\\\/www.delscookingtwist.com\\\/fr\\\/#organization\",\"name\":\"Del's cooking twist\",\"url\":\"https:\\\/\\\/www.delscookingtwist.com\\\/fr\\\/\",\"logo\":{\"@type\":\"ImageObject\",\"inLanguage\":\"fr-FR\",\"@id\":\"https:\\\/\\\/www.delscookingtwist.com\\\/fr\\\/#\\\/schema\\\/logo\\\/image\\\/\",\"url\":\"https:\\\/\\\/www.delscookingtwist.com\\\/wp-content\\\/uploads\\\/2021\\\/04\\\/Del_sCookingTwist-1200x1200-1.png\",\"contentUrl\":\"https:\\\/\\\/www.delscookingtwist.com\\\/wp-content\\\/uploads\\\/2021\\\/04\\\/Del_sCookingTwist-1200x1200-1.png\",\"width\":1200,\"height\":1200,\"caption\":\"Del's cooking twist\"},\"image\":{\"@id\":\"https:\\\/\\\/www.delscookingtwist.com\\\/fr\\\/#\\\/schema\\\/logo\\\/image\\\/\"},\"sameAs\":[\"https:\\\/\\\/www.facebook.com\\\/pages\\\/Dels-cooking-twist\\\/158928514282620\",\"https:\\\/\\\/x.com\\\/delstwist\",\"https:\\\/\\\/instagram.com\\\/delscookingtwist\",\"https:\\\/\\\/www.linkedin.com\\\/company\\\/15256060\\\/\",\"https:\\\/\\\/www.pinterest.com\\\/delstwist\\\/\",\"https:\\\/\\\/www.youtube.com\\\/channel\\\/UCX4VXKZduK2vq8vYIe4IxwQ\"]},{\"@type\":\"Person\",\"@id\":\"https:\\\/\\\/www.delscookingtwist.com\\\/fr\\\/#\\\/schema\\\/person\\\/3e4febf518c8a60ed3c5ada91c175c91\",\"name\":\"Delphine Fortin\",\"image\":{\"@type\":\"ImageObject\",\"inLanguage\":\"fr-FR\",\"@id\":\"https:\\\/\\\/secure.gravatar.com\\\/avatar\\\/5f92ca31747492f2cc54e3357d21beb304e04824c6ba020a3c6e892130f111ee?s=96&d=mm&r=g\",\"url\":\"https:\\\/\\\/secure.gravatar.com\\\/avatar\\\/5f92ca31747492f2cc54e3357d21beb304e04824c6ba020a3c6e892130f111ee?s=96&d=mm&r=g\",\"contentUrl\":\"https:\\\/\\\/secure.gravatar.com\\\/avatar\\\/5f92ca31747492f2cc54e3357d21beb304e04824c6ba020a3c6e892130f111ee?s=96&d=mm&r=g\",\"caption\":\"Delphine Fortin\"},\"description\":\"Hi! I'm a French girl living in Sweden. I have loved cooking, baking and creating new recipes ever since I was young. I love my treats sweet or salty, depending on my mood, but they have to be delicious with a possibly \\\"twist\\\", my personal touch actually. That's why I finally came to the point that I somehow had to share my recipes with you and try out to teach you this little cooking twist which is mine. Whatever the recipe, there is two things you have to think about when you're cooking: use the true ingredients (no sweeteners or light products, never ever) and think fresh (no frozen ingredients). Here is the best way to eat healthy! I also love travelling and try to get inspiration from other cultures, that's why I want to tips you about the best places to eat in Paris, Stockholm, or every other places I tried and loved! Hope you will like my recipes (but fore sure you will) and give me back 'your' personal twist then!\",\"sameAs\":[\"https:\\\/\\\/www.delscookingtwist.com\\\/about-me\\\/\"],\"url\":\"https:\\\/\\\/www.delscookingtwist.com\\\/fr\\\/author\\\/del\\\/\"}]}<\/script>\n<!-- \/ Yoast SEO Premium plugin. -->","yoast_head_json":{"title":"Salade de lentilles au bleu et poires caram\u00e9lis\u00e9es - Del&#039;s cooking twist","description":"Une jolie salade de lentilles d'hiver au bleu et aux poires caram\u00e9lis\u00e9es.","robots":{"index":"index","follow":"follow","max-snippet":"max-snippet:-1","max-image-preview":"max-image-preview:large","max-video-preview":"max-video-preview:-1"},"canonical":"https:\/\/www.delscookingtwist.com\/fr\/salade-de-lentilles-au-bleu-et-poires-caramelisees\/","og_locale":"fr_FR","og_type":"article","og_title":"Salade de lentilles au bleu et poires caram\u00e9lis\u00e9es","og_description":"Une jolie salade de lentilles d'hiver au bleu et aux poires caram\u00e9lis\u00e9es.","og_url":"https:\/\/www.delscookingtwist.com\/fr\/salade-de-lentilles-au-bleu-et-poires-caramelisees\/","og_site_name":"Del&#039;s cooking twist","article_publisher":"https:\/\/www.facebook.com\/pages\/Dels-cooking-twist\/158928514282620","article_published_time":"2016-01-18T06:39:05+00:00","article_modified_time":"2021-05-26T19:05:54+00:00","og_image":[{"width":1200,"height":1703,"url":"https:\/\/www.delscookingtwist.com\/wp-content\/uploads\/2016\/01\/Lentil-salad-with-blue-cheese-and-pears_0001.jpg","type":"image\/jpeg"}],"author":"Delphine Fortin","twitter_card":"summary_large_image","twitter_creator":"@delstwist","twitter_site":"@delstwist","twitter_misc":{"\u00c9crit par":"Delphine Fortin","Dur\u00e9e de lecture estim\u00e9e":"2 minutes"},"schema":{"@context":"https:\/\/schema.org","@graph":[{"@type":"Article","@id":"https:\/\/www.delscookingtwist.com\/fr\/salade-de-lentilles-au-bleu-et-poires-caramelisees\/#article","isPartOf":{"@id":"https:\/\/www.delscookingtwist.com\/fr\/salade-de-lentilles-au-bleu-et-poires-caramelisees\/"},"author":{"name":"Delphine Fortin","@id":"https:\/\/www.delscookingtwist.com\/fr\/#\/schema\/person\/3e4febf518c8a60ed3c5ada91c175c91"},"headline":"Salade de lentilles au bleu et poires caram\u00e9lis\u00e9es","datePublished":"2016-01-18T06:39:05+00:00","dateModified":"2021-05-26T19:05:54+00:00","mainEntityOfPage":{"@id":"https:\/\/www.delscookingtwist.com\/fr\/salade-de-lentilles-au-bleu-et-poires-caramelisees\/"},"wordCount":321,"commentCount":0,"publisher":{"@id":"https:\/\/www.delscookingtwist.com\/fr\/#organization"},"image":{"@id":"https:\/\/www.delscookingtwist.com\/fr\/salade-de-lentilles-au-bleu-et-poires-caramelisees\/#primaryimage"},"thumbnailUrl":"https:\/\/www.delscookingtwist.com\/wp-content\/uploads\/2016\/01\/Lentil-salad-with-blue-cheese-and-pears_0001.jpg","keywords":["gluten-free","salad","vegetarian"],"articleSection":["Accompagnements","Salades &amp; bowls"],"inLanguage":"fr-FR","potentialAction":[{"@type":"CommentAction","name":"Comment","target":["https:\/\/www.delscookingtwist.com\/fr\/salade-de-lentilles-au-bleu-et-poires-caramelisees\/#respond"]}]},{"@type":"WebPage","@id":"https:\/\/www.delscookingtwist.com\/fr\/salade-de-lentilles-au-bleu-et-poires-caramelisees\/","url":"https:\/\/www.delscookingtwist.com\/fr\/salade-de-lentilles-au-bleu-et-poires-caramelisees\/","name":"Salade de lentilles au bleu et poires caram\u00e9lis\u00e9es - Del&#039;s cooking twist","isPartOf":{"@id":"https:\/\/www.delscookingtwist.com\/fr\/#website"},"primaryImageOfPage":{"@id":"https:\/\/www.delscookingtwist.com\/fr\/salade-de-lentilles-au-bleu-et-poires-caramelisees\/#primaryimage"},"image":{"@id":"https:\/\/www.delscookingtwist.com\/fr\/salade-de-lentilles-au-bleu-et-poires-caramelisees\/#primaryimage"},"thumbnailUrl":"https:\/\/www.delscookingtwist.com\/wp-content\/uploads\/2016\/01\/Lentil-salad-with-blue-cheese-and-pears_0001.jpg","datePublished":"2016-01-18T06:39:05+00:00","dateModified":"2021-05-26T19:05:54+00:00","description":"Une jolie salade de lentilles d'hiver au bleu et aux poires caram\u00e9lis\u00e9es.","breadcrumb":{"@id":"https:\/\/www.delscookingtwist.com\/fr\/salade-de-lentilles-au-bleu-et-poires-caramelisees\/#breadcrumb"},"inLanguage":"fr-FR","potentialAction":[{"@type":"ReadAction","target":["https:\/\/www.delscookingtwist.com\/fr\/salade-de-lentilles-au-bleu-et-poires-caramelisees\/"]}]},{"@type":"ImageObject","inLanguage":"fr-FR","@id":"https:\/\/www.delscookingtwist.com\/fr\/salade-de-lentilles-au-bleu-et-poires-caramelisees\/#primaryimage","url":"https:\/\/www.delscookingtwist.com\/wp-content\/uploads\/2016\/01\/Lentil-salad-with-blue-cheese-and-pears_0001.jpg","contentUrl":"https:\/\/www.delscookingtwist.com\/wp-content\/uploads\/2016\/01\/Lentil-salad-with-blue-cheese-and-pears_0001.jpg","width":1200,"height":1703},{"@type":"BreadcrumbList","@id":"https:\/\/www.delscookingtwist.com\/fr\/salade-de-lentilles-au-bleu-et-poires-caramelisees\/#breadcrumb","itemListElement":[{"@type":"ListItem","position":1,"name":"Accueil","item":"https:\/\/www.delscookingtwist.com\/fr\/"},{"@type":"ListItem","position":2,"name":"Recipes","item":"https:\/\/www.delscookingtwist.com\/recipe-index\/"},{"@type":"ListItem","position":3,"name":"Plats","item":"https:\/\/www.delscookingtwist.com\/fr\/categorie\/recettes\/plats\/"},{"@type":"ListItem","position":4,"name":"Salades &amp; bowls","item":"https:\/\/www.delscookingtwist.com\/fr\/categorie\/recettes\/plats\/salades-bowls\/"},{"@type":"ListItem","position":5,"name":"Salade de lentilles au bleu et poires caram\u00e9lis\u00e9es"}]},{"@type":"WebSite","@id":"https:\/\/www.delscookingtwist.com\/fr\/#website","url":"https:\/\/www.delscookingtwist.com\/fr\/","name":"Del&#039;s cooking twist","description":"Plant-based | Wholesome | Organic","publisher":{"@id":"https:\/\/www.delscookingtwist.com\/fr\/#organization"},"potentialAction":[{"@type":"SearchAction","target":{"@type":"EntryPoint","urlTemplate":"https:\/\/www.delscookingtwist.com\/fr\/?s={search_term_string}"},"query-input":{"@type":"PropertyValueSpecification","valueRequired":true,"valueName":"search_term_string"}}],"inLanguage":"fr-FR"},{"@type":"Organization","@id":"https:\/\/www.delscookingtwist.com\/fr\/#organization","name":"Del's cooking twist","url":"https:\/\/www.delscookingtwist.com\/fr\/","logo":{"@type":"ImageObject","inLanguage":"fr-FR","@id":"https:\/\/www.delscookingtwist.com\/fr\/#\/schema\/logo\/image\/","url":"https:\/\/www.delscookingtwist.com\/wp-content\/uploads\/2021\/04\/Del_sCookingTwist-1200x1200-1.png","contentUrl":"https:\/\/www.delscookingtwist.com\/wp-content\/uploads\/2021\/04\/Del_sCookingTwist-1200x1200-1.png","width":1200,"height":1200,"caption":"Del's cooking twist"},"image":{"@id":"https:\/\/www.delscookingtwist.com\/fr\/#\/schema\/logo\/image\/"},"sameAs":["https:\/\/www.facebook.com\/pages\/Dels-cooking-twist\/158928514282620","https:\/\/x.com\/delstwist","https:\/\/instagram.com\/delscookingtwist","https:\/\/www.linkedin.com\/company\/15256060\/","https:\/\/www.pinterest.com\/delstwist\/","https:\/\/www.youtube.com\/channel\/UCX4VXKZduK2vq8vYIe4IxwQ"]},{"@type":"Person","@id":"https:\/\/www.delscookingtwist.com\/fr\/#\/schema\/person\/3e4febf518c8a60ed3c5ada91c175c91","name":"Delphine Fortin","image":{"@type":"ImageObject","inLanguage":"fr-FR","@id":"https:\/\/secure.gravatar.com\/avatar\/5f92ca31747492f2cc54e3357d21beb304e04824c6ba020a3c6e892130f111ee?s=96&d=mm&r=g","url":"https:\/\/secure.gravatar.com\/avatar\/5f92ca31747492f2cc54e3357d21beb304e04824c6ba020a3c6e892130f111ee?s=96&d=mm&r=g","contentUrl":"https:\/\/secure.gravatar.com\/avatar\/5f92ca31747492f2cc54e3357d21beb304e04824c6ba020a3c6e892130f111ee?s=96&d=mm&r=g","caption":"Delphine Fortin"},"description":"Hi! I'm a French girl living in Sweden. I have loved cooking, baking and creating new recipes ever since I was young. I love my treats sweet or salty, depending on my mood, but they have to be delicious with a possibly \"twist\", my personal touch actually. That's why I finally came to the point that I somehow had to share my recipes with you and try out to teach you this little cooking twist which is mine. Whatever the recipe, there is two things you have to think about when you're cooking: use the true ingredients (no sweeteners or light products, never ever) and think fresh (no frozen ingredients). Here is the best way to eat healthy! I also love travelling and try to get inspiration from other cultures, that's why I want to tips you about the best places to eat in Paris, Stockholm, or every other places I tried and loved! Hope you will like my recipes (but fore sure you will) and give me back 'your' personal twist then!","sameAs":["https:\/\/www.delscookingtwist.com\/about-me\/"],"url":"https:\/\/www.delscookingtwist.com\/fr\/author\/del\/"}]}},"_links":{"self":[{"href":"https:\/\/www.delscookingtwist.com\/fr\/wp-json\/wp\/v2\/posts\/29209","targetHints":{"allow":["GET"]}}],"collection":[{"href":"https:\/\/www.delscookingtwist.com\/fr\/wp-json\/wp\/v2\/posts"}],"about":[{"href":"https:\/\/www.delscookingtwist.com\/fr\/wp-json\/wp\/v2\/types\/post"}],"author":[{"embeddable":true,"href":"https:\/\/www.delscookingtwist.com\/fr\/wp-json\/wp\/v2\/users\/1"}],"replies":[{"embeddable":true,"href":"https:\/\/www.delscookingtwist.com\/fr\/wp-json\/wp\/v2\/comments?post=29209"}],"version-history":[{"count":0,"href":"https:\/\/www.delscookingtwist.com\/fr\/wp-json\/wp\/v2\/posts\/29209\/revisions"}],"wp:featuredmedia":[{"embeddable":true,"href":"https:\/\/www.delscookingtwist.com\/fr\/wp-json\/wp\/v2\/media\/26023"}],"wp:attachment":[{"href":"https:\/\/www.delscookingtwist.com\/fr\/wp-json\/wp\/v2\/media?parent=29209"}],"wp:term":[{"taxonomy":"category","embeddable":true,"href":"https:\/\/www.delscookingtwist.com\/fr\/wp-json\/wp\/v2\/categories?post=29209"},{"taxonomy":"post_tag","embeddable":true,"href":"https:\/\/www.delscookingtwist.com\/fr\/wp-json\/wp\/v2\/tags?post=29209"},{"taxonomy":"del_style","embeddable":true,"href":"https:\/\/www.delscookingtwist.com\/fr\/wp-json\/wp\/v2\/del_style?post=29209"},{"taxonomy":"del_diet","embeddable":true,"href":"https:\/\/www.delscookingtwist.com\/fr\/wp-json\/wp\/v2\/del_diet?post=29209"},{"taxonomy":"del_seasonal","embeddable":true,"href":"https:\/\/www.delscookingtwist.com\/fr\/wp-json\/wp\/v2\/del_seasonal?post=29209"},{"taxonomy":"del_occasion","embeddable":true,"href":"https:\/\/www.delscookingtwist.com\/fr\/wp-json\/wp\/v2\/del_occasion?post=29209"},{"taxonomy":"del_ingredient","embeddable":true,"href":"https:\/\/www.delscookingtwist.com\/fr\/wp-json\/wp\/v2\/del_ingredient?post=29209"}],"curies":[{"name":"wp","href":"https:\/\/api.w.org\/{rel}","templated":true}]}}