{"id":29171,"date":"2015-09-10T08:25:11","date_gmt":"2015-09-10T15:25:11","guid":{"rendered":"http:\/\/www.delscookingtwist.com\/2015\/09\/10\/tartelettes-amandines-pommes-poires-a-la-cardamome\/"},"modified":"2021-05-26T12:15:46","modified_gmt":"2021-05-26T19:15:46","slug":"tartelettes-amandines-pommes-poires-a-la-cardamome","status":"publish","type":"post","link":"https:\/\/www.delscookingtwist.com\/fr\/tartelettes-amandines-pommes-poires-a-la-cardamome\/","title":{"rendered":"Tartelettes amandines pommes-poires \u00e0 la cardamome"},"content":{"rendered":"<p><em>Poires et pommes forment un duo parfait, sur un lit de cr\u00e8me d&#8217;amande l\u00e9g\u00e8rement parfum\u00e9 \u00e0 la cardamome. Un joli dessert automnal qui s&#8217;appr\u00e9cie \u00e9galement tout au long de l&#8217;ann\u00e9e.<\/em><\/p>\n<p style=\"text-align: justify;\"><img decoding=\"async\" class=\"aligncenter size-large wp-image-25903\" src=\"https:\/\/www.delscookingtwist.com\/wp-content\/uploads\/2015\/09\/Pear-Apple-Frangipane-Tartlet-with-Cardamom_2219_2bis-713x1024.jpg\" alt=\"Pear-Apple Frangipane Tartlets with Cardamom\" width=\"713\" height=\"1024\" srcset=\"https:\/\/www.delscookingtwist.com\/wp-content\/uploads\/2015\/09\/Pear-Apple-Frangipane-Tartlet-with-Cardamom_2219_2bis-713x1024.jpg 713w, https:\/\/www.delscookingtwist.com\/wp-content\/uploads\/2015\/09\/Pear-Apple-Frangipane-Tartlet-with-Cardamom_2219_2bis-209x300.jpg 209w, https:\/\/www.delscookingtwist.com\/wp-content\/uploads\/2015\/09\/Pear-Apple-Frangipane-Tartlet-with-Cardamom_2219_2bis-768x1103.jpg 768w, https:\/\/www.delscookingtwist.com\/wp-content\/uploads\/2015\/09\/Pear-Apple-Frangipane-Tartlet-with-Cardamom_2219_2bis.jpg 1200w\" sizes=\"(max-width: 753px) calc(100vw - 40px), 713px\" \/><\/p>\n<p>L&#8217;\u00e9t\u00e9 touche \u00e0 sa fin et peu \u00e0 peu nous introduisons de nouveaux fruits de saison dans notre alimentation \u00e0 mesure que l&#8217;automne approche. Parmi eux, pommes et poires sont reines !<\/p>\n<p style=\"text-align: justify;\">Ce que j&#8217;aime tout particuli\u00e8rement avec ces deux fruits, c&#8217;est qu&#8217;ils sont \u00e0 la fois tr\u00e8s sains et qu&#8217;il existe des possibilit\u00e9s infinies de les cuisiner. Lorsque je suis arriv\u00e9e en Su\u00e8de il y a quelques ann\u00e9es de cela, j&#8217;ai d\u00e9couvert la cardamome, qui est vite devenue mon \u00e9pice pr\u00e9f\u00e9r\u00e9e, et que j&#8217;ai associ\u00e9e une fois dans de d\u00e9licieuses et fondantes petites <a href=\"https:\/\/www.delscookingtwist.com\/2013\/05\/28\/apple-tartlet-with-cardamom\/\" target=\"_blank\" rel=\"noopener noreferrer\">tartelettes aux pommes et \u00e0 la cardamome<\/a>.<\/p>\n<p style=\"text-align: justify;\"><img decoding=\"async\" class=\"aligncenter size-large wp-image-25900\" src=\"https:\/\/www.delscookingtwist.com\/wp-content\/uploads\/2015\/09\/Pear-Apple-Frangipane-Tartlets-with-Cardamom_2316_9-705x1024.jpg\" alt=\"Pear-Apple Frangipane Tartlets with Cardamom\" width=\"705\" height=\"1024\" srcset=\"https:\/\/www.delscookingtwist.com\/wp-content\/uploads\/2015\/09\/Pear-Apple-Frangipane-Tartlets-with-Cardamom_2316_9-705x1024.jpg 705w, https:\/\/www.delscookingtwist.com\/wp-content\/uploads\/2015\/09\/Pear-Apple-Frangipane-Tartlets-with-Cardamom_2316_9-207x300.jpg 207w, https:\/\/www.delscookingtwist.com\/wp-content\/uploads\/2015\/09\/Pear-Apple-Frangipane-Tartlets-with-Cardamom_2316_9-768x1115.jpg 768w, https:\/\/www.delscookingtwist.com\/wp-content\/uploads\/2015\/09\/Pear-Apple-Frangipane-Tartlets-with-Cardamom_2316_9.jpg 1200w\" sizes=\"(max-width: 745px) calc(100vw - 40px), 705px\" \/><\/p>\n<p>Aujourd&#8217;hui, j&#8217;ai innov\u00e9 avec une nouvelle recette associant pommes et poires, les fruits que j&#8217;avais alors sous la main, sur un lit de cr\u00e8me d&#8217;amande. \u00c0 la toute derni\u00e8re minute, j&#8217;ai ajout\u00e9 un peu de cardamome fra\u00eechement moulue, qui apporte une petite touche \u00e0 la fois parfum\u00e9e et rafra\u00eechissante \u00e0 l&#8217;ensemble.<\/p>\n<p style=\"text-align: justify;\">Pour la touche final, j&#8217;ai badigeonn\u00e9 mes fruits d&#8217;un peu\u00a0de miel, ce qui apporte un peu de douceur \u00e0 l&#8217;ensemble ainsi qu&#8217;une couleur tr\u00e8s l\u00e9g\u00e8rement dor\u00e9e. En p\u00e2tisserie, il n&#8217;y a pas de d\u00e9tail insignifiant !<img decoding=\"async\" class=\"aligncenter size-large wp-image-25899\" src=\"https:\/\/www.delscookingtwist.com\/wp-content\/uploads\/2015\/09\/Pear-Apple-Frangipane-Tartlets-with-Cardamom_2236_5ter-721x1024.jpg\" alt=\"Pear-Apple Frangipane Tartlets with Cardamom\" width=\"721\" height=\"1024\" srcset=\"https:\/\/www.delscookingtwist.com\/wp-content\/uploads\/2015\/09\/Pear-Apple-Frangipane-Tartlets-with-Cardamom_2236_5ter-721x1024.jpg 721w, https:\/\/www.delscookingtwist.com\/wp-content\/uploads\/2015\/09\/Pear-Apple-Frangipane-Tartlets-with-Cardamom_2236_5ter-211x300.jpg 211w, https:\/\/www.delscookingtwist.com\/wp-content\/uploads\/2015\/09\/Pear-Apple-Frangipane-Tartlets-with-Cardamom_2236_5ter-768x1091.jpg 768w, https:\/\/www.delscookingtwist.com\/wp-content\/uploads\/2015\/09\/Pear-Apple-Frangipane-Tartlets-with-Cardamom_2236_5ter.jpg 1200w\" sizes=\"(max-width: 761px) calc(100vw - 40px), 721px\" \/><\/p>\n<p>Je vous laisse maintenant d\u00e9couvrir ces petites beaut\u00e9s, que je vous recommande d&#8217;accompagner d&#8217;un coulis de fruits rouges (id\u00e9alement de groseilles) ou bien d&#8217;un peu de cr\u00e8me fouett\u00e9e \u00e0 la vanille. Une jolie mani\u00e8re de dire bonjour \u00e0 la saison automnale d\u00e9sormais toute proche !<\/p>\n<svg aria-hidden=\"true\" style=\"position: absolute;width: 0;height: 0;overflow: hidden\" xmlns=\"http:\/\/www.w3.org\/2000\/svg\">\n<defs>\n<symbol viewbox=\"9 9 46 42\" id=\"wpt-star-full\">\n<path d=\"m46.3 52-14.4-9.5-14.4 9.4L22 35.3 8.7 24.5l17.1-.9 6.2-16 6 16 17.2 1-13.4 10.7z\" \/>\n<\/symbol>\n<\/defs>\n<\/svg>\n<a class=\"button tasty-recipes-print-button tasty-recipes-no-print tasty-recipes-print-above-card\" href=\"https:\/\/www.delscookingtwist.com\/fr\/tartelettes-amandines-pommes-poires-a-la-cardamome\/print\/21994\/\">Print<\/a><span class=\"tasty-recipes-jump-target\" id=\"tasty-recipes-21994-jump-target\" style=\"display:block;padding-top:2px;margin-top:-2px;\"><\/span><div id=\"tasty-recipes-21994\" data-tr-id=\"21994\" class=\"tasty-recipes tasty-recipes-21994 tasty-recipes-display tasty-recipes-has-image\">\n\r\n\r\n<div id=\"jump-to-recipe\" class=\"del-tasty-wrap notop nobot\">\r\n    <div class=\"del-tasty-header\">\r\n        <h2 class=\"tasty-recipes-title\">Pear-Apple Frangipane Tartlets with Cardamom<\/h2>\r\n        <div class=\"del-tasty-meta\">\r\n            <ul>\r\n                                <li class=\"rating\"><div class=\"rating-a\"><span class=\"ratingicons\"><svg aria-hidden=\"true\" style=\"position: absolute;width: 0;height: 0;overflow: hidden\" xmlns=\"http:\/\/www.w3.org\/2000\/svg\">\n<defs>\n<symbol viewbox=\"9 9 46 42\" id=\"wpt-star-full\">\n<path d=\"m46.3 52-14.4-9.5-14.4 9.4L22 35.3 8.7 24.5l17.1-.9 6.2-16 6 16 17.2 1-13.4 10.7z\" \/>\n<\/symbol>\n<\/defs>\n<\/svg>\n<span class=\"tasty-recipes-ratings-buttons tasty-recipes-no-ratings-buttons\"\tdata-tr-default-rating=\"0\"\t>\t\t<span class=\"tasty-recipes-rating\" >\t\t<i class=\"checked\" data-rating=\"5\">\t\t\t<span class=\"tasty-recipes-rating-solid\" data-tr-clip=\"0\">\t\t\t\t<svg class=\"tasty-recipes-svg\" width=\"18\" height=\"17\"><use href=\"#wpt-star-full\" \/><\/svg>\t\t\t<\/span>\t\t\t<span class=\"tasty-recipes-screen-reader\">\t\t\t\t5 Stars\t\t\t<\/span>\t\t<\/i>\t<\/span>\t\t<span class=\"tasty-recipes-rating\" >\t\t<i class=\"checked\" data-rating=\"4\">\t\t\t<span class=\"tasty-recipes-rating-solid\" data-tr-clip=\"0\">\t\t\t\t<svg class=\"tasty-recipes-svg\" width=\"18\" height=\"17\"><use href=\"#wpt-star-full\" \/><\/svg>\t\t\t<\/span>\t\t\t<span class=\"tasty-recipes-screen-reader\">\t\t\t\t4 Stars\t\t\t<\/span>\t\t<\/i>\t<\/span>\t\t<span class=\"tasty-recipes-rating\" >\t\t<i class=\"checked\" data-rating=\"3\">\t\t\t<span class=\"tasty-recipes-rating-solid\" data-tr-clip=\"0\">\t\t\t\t<svg class=\"tasty-recipes-svg\" width=\"18\" height=\"17\"><use href=\"#wpt-star-full\" \/><\/svg>\t\t\t<\/span>\t\t\t<span class=\"tasty-recipes-screen-reader\">\t\t\t\t3 Stars\t\t\t<\/span>\t\t<\/i>\t<\/span>\t\t<span class=\"tasty-recipes-rating\" >\t\t<i class=\"checked\" data-rating=\"2\">\t\t\t<span class=\"tasty-recipes-rating-solid\" data-tr-clip=\"0\">\t\t\t\t<svg class=\"tasty-recipes-svg\" width=\"18\" height=\"17\"><use href=\"#wpt-star-full\" \/><\/svg>\t\t\t<\/span>\t\t\t<span class=\"tasty-recipes-screen-reader\">\t\t\t\t2 Stars\t\t\t<\/span>\t\t<\/i>\t<\/span>\t\t<span class=\"tasty-recipes-rating\" >\t\t<i class=\"checked\" data-rating=\"1\">\t\t\t<span class=\"tasty-recipes-rating-solid\" data-tr-clip=\"0\">\t\t\t\t<svg class=\"tasty-recipes-svg\" width=\"18\" height=\"17\"><use href=\"#wpt-star-full\" \/><\/svg>\t\t\t<\/span>\t\t\t<span class=\"tasty-recipes-screen-reader\">\t\t\t\t1 Star\t\t\t<\/span>\t\t<\/i>\t<\/span><\/span><\/span><span class=\"ratinglabel\"><span class=\"rating-label\">No reviews<\/span><\/span><\/div><\/li>\r\n                                                <li class=\"review\"><a href=\"#respond\">Laisser un commentaire<\/a><\/li>\r\n                            <\/ul>\r\n        <\/div>\r\n    <\/div>\r\n    <div class=\"del-tasty-cols\">\r\n                <div class=\"del-tasty-imagecol\">\r\n                        <div class=\"tasty-recipes-image\">\r\n                <img decoding=\"async\" width=\"320\" height=\"320\" src=\"https:\/\/www.delscookingtwist.com\/wp-content\/uploads\/2019\/03\/Pear-Apple-Frangipane-Tartlet-with-Cardamom_2215_1bis-320x320-1.jpg\" class=\"attachment-thumbnail size-thumbnail\" alt=\"\" data-pin-nopin=\"true\" srcset=\"https:\/\/www.delscookingtwist.com\/wp-content\/uploads\/2019\/03\/Pear-Apple-Frangipane-Tartlet-with-Cardamom_2215_1bis-320x320-1.jpg 320w, https:\/\/www.delscookingtwist.com\/wp-content\/uploads\/2019\/03\/Pear-Apple-Frangipane-Tartlet-with-Cardamom_2215_1bis-320x320-1-300x300.jpg 300w, https:\/\/www.delscookingtwist.com\/wp-content\/uploads\/2019\/03\/Pear-Apple-Frangipane-Tartlet-with-Cardamom_2215_1bis-320x320-1-24x24.jpg 24w, https:\/\/www.delscookingtwist.com\/wp-content\/uploads\/2019\/03\/Pear-Apple-Frangipane-Tartlet-with-Cardamom_2215_1bis-320x320-1-48x48.jpg 48w, https:\/\/www.delscookingtwist.com\/wp-content\/uploads\/2019\/03\/Pear-Apple-Frangipane-Tartlet-with-Cardamom_2215_1bis-320x320-1-96x96.jpg 96w, https:\/\/www.delscookingtwist.com\/wp-content\/uploads\/2019\/03\/Pear-Apple-Frangipane-Tartlet-with-Cardamom_2215_1bis-320x320-1-225x225.jpg 225w\" sizes=\"(max-width: 360px) calc(100vw - 40px), 320px\" \/>            <\/div>\r\n                                    \r\n            <div class=\"tasty-recipes-buttons\">\r\n                                <div class=\"tasty-recipes-button-wrap\">\r\n                    \n<a class=\"btn btn-pink button tasty-recipes-print-button tasty-recipes-no-print\" href=\"https:\/\/www.delscookingtwist.com\/fr\/tartelettes-amandines-pommes-poires-a-la-cardamome\/print\/21994\/\" target=\"_blank\">\n\t\t\t<svg viewBox=\"0 0 24 24\" class=\"svg-print\" aria-hidden=\"true\"><use href=\"#tasty-recipes-icon-print\"><\/use><\/svg>\n\t\tPrint<\/a>\n                <\/div>\r\n                                            <\/div>\r\n                    <\/div>  \r\n                <div class=\"del-tasty-textcol\">\r\n                        <div class=\"tasty-recipes-details\">\r\n                <ul>\r\n                                            <li class=\"author\"><strong class=\"tasty-recipes-label\">Author:<\/strong> <span><span class=\"tasty-recipes-author-name\">Delphine Fortin<\/span><\/span><\/li>\r\n                                            <li class=\"prep-time\"><strong class=\"tasty-recipes-label\">Prep Time:<\/strong> <span><span class=\"tasty-recipes-prep-time\">30 mins<\/span><\/span><\/li>\r\n                                            <li class=\"cook-time\"><strong class=\"tasty-recipes-label\">Cook Time:<\/strong> <span><span class=\"tasty-recipes-cook-time\">20 mins<\/span><\/span><\/li>\r\n                                            <li class=\"total-time\"><strong class=\"tasty-recipes-label\">Total Time:<\/strong> <span><span class=\"tasty-recipes-total-time\">50 mins<\/span><\/span><\/li>\r\n                                            <li class=\"yield\"><strong class=\"tasty-recipes-label\">Yield:<\/strong> <span><span class=\"tasty-recipes-yield\"><span data-amount=\"6\">6<\/span>-<span data-amount=\"8\">8<\/span> pers. <span class=\"tasty-recipes-yield-scale\"><span data-amount=\"1\">1<\/span>x<\/span><\/span><\/span><\/li>\r\n                                            <li class=\"category\"><strong class=\"tasty-recipes-label\">Category:<\/strong> <span><span class=\"tasty-recipes-category\">Tartes et g\u00e2teaux<\/span><\/span><\/li>\r\n                                            <li class=\"cuisine\"><strong class=\"tasty-recipes-label\">Cuisine:<\/strong> <span><span class=\"tasty-recipes-cuisine\">Recettes su\u00e9doises<\/span><\/span><\/li>\r\n                                    <\/ul>\r\n            <\/div>\r\n                        \r\n\r\n                        <div class=\"tasty-recipes-description notop nobot\">\r\n                <p>Poires et pommes forment un duo parfait, sur un lit de cr\u00e8me d&#8217;amande l\u00e9g\u00e8rement parfum\u00e9e \u00e0 la cardamome. Un joli dessert automnal qui s&#8217;appr\u00e9cie \u00e9galement tout au long de l&#8217;ann\u00e9e.<\/p>\n            <\/div>\r\n                        \r\n        <\/div>\r\n    <\/div>\r\n\r\n    <div class=\"contentbox contentbox-lightpink savethisrecipe notop nobot\" data-title=\"Tartelettes amandines pommes-poires \u00e0 la cardamome\" data-url=\"https:\/\/www.delscookingtwist.com\/fr\/tartelettes-amandines-pommes-poires-a-la-cardamome\/\">\r\n    <h3 data-toc-skip>Envoyez-moi cette recette par mail<\/h3>\r\n    <p>En bonus, de l&#8217;inspiration en cuisine chaque semaine.<\/p>\n    \r\n    <div class=\"customckform customckform-horz saveform\">\r\n        <script async data-uid=\"92b1c51bfa\" src=\"https:\/\/delscookingtwist.ck.page\/92b1c51bfa\/index.js\"><\/script>        \r\n    <\/div>    \r\n<\/div>    \r\n            <div class=\"tasty-recipes-ingredients\">\r\n            <div class=\"tasty-recipes-ingredients-header\">\r\n                <div class=\"tasty-recipes-ingredients-clipboard-container\">\r\n                    <h3>Ingr&eacute;dients<\/h3>\r\n                                    <\/div>\r\n                <div class=\"tasty-recipes-units-scale-container\"><span class=\"tasty-recipes-scale-container\">\n\t\t\t\t\t\t<span class=\"tasty-recipes-scale-label\">Scale<\/span>\n\t\t\t\t\t\t<button class=\"tasty-recipes-scale-button tasty-recipes-scale-button-active\" data-amount=\"1\" type=\"button\">1x<\/button><button class=\"tasty-recipes-scale-button\" data-amount=\"2\" type=\"button\">2x<\/button><button class=\"tasty-recipes-scale-button\" data-amount=\"3\" type=\"button\">3x<\/button>\n\t\t\t\t\t<\/span>\n\t\t\t\t\t<\/span><\/div>            <\/div>\r\n            <div class=\"tasty-recipes-ingredients-body\">\r\n                <h4>Pour la p\u00e2te :<\/h4>\n<ul>\n<li data-tr-ingredient-checkbox=\"\"><span class=\"tr-ingredient-checkbox-container\"><input type=\"checkbox\" name=\"ingredient_checkbox_69f140ec11ba7\" id=\"ingredient_checkbox_69f140ec11ba7\" aria-label=\"300g de farine\"><label for=\"ingredient_checkbox_69f140ec11ba7\"><\/label><\/span><span data-amount=\"300\" data-unit=\"g\">300g<\/span> de farine<\/li>\n<li data-tr-ingredient-checkbox=\"\"><span class=\"tr-ingredient-checkbox-container\"><input type=\"checkbox\" name=\"ingredient_checkbox_69f140ec11bb1\" id=\"ingredient_checkbox_69f140ec11bb1\" aria-label=\"125g de beurre mou, coup\u00e9 en d\u00e9s\"><label for=\"ingredient_checkbox_69f140ec11bb1\"><\/label><\/span><span data-amount=\"125\" data-unit=\"g\">125g<\/span> de beurre mou, coup\u00e9 en d\u00e9s<\/li>\n<li data-tr-ingredient-checkbox=\"\"><span class=\"tr-ingredient-checkbox-container\"><input type=\"checkbox\" name=\"ingredient_checkbox_69f140ec11bb6\" id=\"ingredient_checkbox_69f140ec11bb6\" aria-label=\"1 gros oeuf\"><label for=\"ingredient_checkbox_69f140ec11bb6\"><\/label><\/span><span data-amount=\"1\">1<\/span> gros oeuf<\/li>\n<\/ul>\n<h4>Pour la garniture :<\/h4>\n<ul>\n<li data-tr-ingredient-checkbox=\"\"><span class=\"tr-ingredient-checkbox-container\"><input type=\"checkbox\" name=\"ingredient_checkbox_69f140ec11bbb\" id=\"ingredient_checkbox_69f140ec11bbb\" aria-label=\"125g d&#8217;amandes\"><label for=\"ingredient_checkbox_69f140ec11bbb\"><\/label><\/span><span data-amount=\"125\" data-unit=\"g\">125g<\/span> d&#8217;amandes<\/li>\n<li data-tr-ingredient-checkbox=\"\"><span class=\"tr-ingredient-checkbox-container\"><input type=\"checkbox\" name=\"ingredient_checkbox_69f140ec11bd3\" id=\"ingredient_checkbox_69f140ec11bd3\" aria-label=\"2 cuil. \u00e0 soupe de sucre glace\"><label for=\"ingredient_checkbox_69f140ec11bd3\"><\/label><\/span><span data-amount=\"2\">2<\/span> cuil. \u00e0 soupe de sucre glace<\/li>\n<li data-tr-ingredient-checkbox=\"\"><span class=\"tr-ingredient-checkbox-container\"><input type=\"checkbox\" name=\"ingredient_checkbox_69f140ec11bdc\" id=\"ingredient_checkbox_69f140ec11bdc\" aria-label=\"3 cuil. \u00e0 soupe de sucre\"><label for=\"ingredient_checkbox_69f140ec11bdc\"><\/label><\/span><span data-amount=\"3\">3<\/span> cuil. \u00e0 soupe de sucre<\/li>\n<li data-tr-ingredient-checkbox=\"\"><span class=\"tr-ingredient-checkbox-container\"><input type=\"checkbox\" name=\"ingredient_checkbox_69f140ec11be0\" id=\"ingredient_checkbox_69f140ec11be0\" aria-label=\"1 cuil. \u00e0 soupe de cr\u00e8me liquide\"><label for=\"ingredient_checkbox_69f140ec11be0\"><\/label><\/span><span data-amount=\"1\">1<\/span> cuil. \u00e0 soupe de cr\u00e8me liquide<\/li>\n<li data-tr-ingredient-checkbox=\"\"><span class=\"tr-ingredient-checkbox-container\"><input type=\"checkbox\" name=\"ingredient_checkbox_69f140ec11be5\" id=\"ingredient_checkbox_69f140ec11be5\" aria-label=\"1 gousse de vanille (graines)\"><label for=\"ingredient_checkbox_69f140ec11be5\"><\/label><\/span><span data-amount=\"1\">1<\/span> gousse de vanille (graines)<\/li>\n<li data-tr-ingredient-checkbox=\"\"><span class=\"tr-ingredient-checkbox-container\"><input type=\"checkbox\" name=\"ingredient_checkbox_69f140ec11be9\" id=\"ingredient_checkbox_69f140ec11be9\" aria-label=\"1 cuil. \u00e0 caf\u00e9 de cardamome fra\u00eechement moulue\"><label for=\"ingredient_checkbox_69f140ec11be9\"><\/label><\/span><span data-amount=\"1\">1<\/span> cuil. \u00e0 caf\u00e9 de cardamome fra\u00eechement moulue<\/li>\n<\/ul>\n<h4>Pour les fruits :<\/h4>\n<ul>\n<li data-tr-ingredient-checkbox=\"\"><span class=\"tr-ingredient-checkbox-container\"><input type=\"checkbox\" name=\"ingredient_checkbox_69f140ec11bee\" id=\"ingredient_checkbox_69f140ec11bee\" aria-label=\"3 pommes, pel\u00e9es, \u00e9p\u00e9pin\u00e9es et coup\u00e9es en lamelles fines\"><label for=\"ingredient_checkbox_69f140ec11bee\"><\/label><\/span><span data-amount=\"3\">3<\/span> pommes, pel\u00e9es, \u00e9p\u00e9pin\u00e9es et coup\u00e9es en lamelles fines<\/li>\n<li data-tr-ingredient-checkbox=\"\"><span class=\"tr-ingredient-checkbox-container\"><input type=\"checkbox\" name=\"ingredient_checkbox_69f140ec11bf3\" id=\"ingredient_checkbox_69f140ec11bf3\" aria-label=\"3 poires, pel\u00e9es, \u00e9p\u00e9pin\u00e9es et coup\u00e9es en lamelles fines\"><label for=\"ingredient_checkbox_69f140ec11bf3\"><\/label><\/span><span data-amount=\"3\">3<\/span> poires, pel\u00e9es, \u00e9p\u00e9pin\u00e9es et coup\u00e9es en lamelles fines<\/li>\n<li data-tr-ingredient-checkbox=\"\"><span class=\"tr-ingredient-checkbox-container\"><input type=\"checkbox\" name=\"ingredient_checkbox_69f140ec11bf7\" id=\"ingredient_checkbox_69f140ec11bf7\" aria-label=\"1 cuil. \u00e0 soupe d&#8217;eau\"><label for=\"ingredient_checkbox_69f140ec11bf7\"><\/label><\/span><span data-amount=\"1\">1<\/span> cuil. \u00e0 soupe d&#8217;eau<\/li>\n<li data-tr-ingredient-checkbox=\"\"><span class=\"tr-ingredient-checkbox-container\"><input type=\"checkbox\" name=\"ingredient_checkbox_69f140ec11c05\" id=\"ingredient_checkbox_69f140ec11c05\" aria-label=\"1 cuil. \u00e0 soupe de miel\"><label for=\"ingredient_checkbox_69f140ec11c05\"><\/label><\/span><span data-amount=\"1\">1<\/span> cuil. \u00e0 soupe de miel<\/li>\n<\/ul>\n<p><!--INSIDE_INGREDIENTS--><\/p>\n            <\/div>\r\n            <div class=\"tasty-recipes-cook-mode\">\n\t<div class=\"tasty-recipes-cook-mode__container\">\n\t\t<label class=\"tasty-recipes-cook-mode__switch\">\n\t\t\t<input type=\"checkbox\" id=\"tasty_recipes_69f140ec1273f_cookmode\">\n\t\t\t<span class=\"tasty-recipes-cook-mode__switch-slider tasty-recipes-cook-mode__switch-round\"\n\t\t\t\tdata-tasty-recipes-customization=\"button-color.background button-text-color.color\"><\/span>\n\t\t<\/label>\n\t\t<label for=\"tasty_recipes_69f140ec1273f_cookmode\">\n\t\t\t<span class=\"tasty-recipes-cook-mode__label\">Cook Mode<\/span>\n\t\t\t<span class=\"tasty-recipes-cook-mode__helper\">\n\t\t\t\tPrevent your screen from going dark\t\t\t<\/span>\n\t\t<\/label>\n\t<\/div>\n<\/div>\n        <\/div>\r\n    \r\n            <div class=\"tasty-recipes-instructions\">\r\n            <div class=\"tasty-recipes-instructions-header\">\r\n                <h3>Instructions<\/h3>\r\n                            <\/div>\r\n            <div class=\"tasty-recipes-instructions-body\">\r\n                <ol class=\"is-style-circles\">\n<li id=\"instruction-step-1\">Pour la p\u00e2te : verser la farine dans un grand saladier. Y ajouter le beurre mou et m\u00e9langer jusqu&#8217;\u00e0 l&#8217;obtention d&#8217;une p\u00e2te granuleuse. Ajouter l&#8217;oeuf puis bien m\u00e9langer et former une boule de p\u00e2te homog\u00e8ne.<\/li>\n<li id=\"instruction-step-2\">\u00c9taler la p\u00e2te et d\u00e9couper des cercles d&#8217;environ 10 cm de diam\u00e8tre. Foncer les moules \u00e0 tartelettes pr\u00e9alablement beurr\u00e9s et farin\u00e9s.<\/li>\n<li id=\"instruction-step-3\">Pour la cr\u00e8me amandine : dans un robot mixeur ou un blender, mixer les amandes avec le sucre glace, le sucre granul\u00e9 et la cr\u00e8me. Ajouter un peu d&#8217;eau si n\u00e9cessaire. Incorporer les graines de la gousses de vanille et la cardamome fra\u00eeche. Bien m\u00e9langer l&#8217;ensemble jusqu&#8217;\u00e0 l&#8217;obtention d&#8217;une consistence homog\u00e8ne puis r\u00e9partir dans le fond des moules \u00e0 tartelette.<\/li>\n<li id=\"instruction-step-4\">Pour les fruits : D\u00e9poser les pommes et les poires sur les tartelettes en alternant.<\/li>\n<li id=\"instruction-step-5\">M\u00e9langer l&#8217;eau et le miel ensemble dans un petit bol, puis badigeonner les fruits de ce m\u00e9lange \u00e0 l&#8217;aide d&#8217;un petit pinceau.<\/li>\n<li id=\"instruction-step-6\">Enfourner \u00e0 mi hauteur \u00e0 200\u00b0C pendant 20-25 minutes, en surveillant la cuisson de temps \u00e0 autre. Servir accompagn\u00e9 d&#8217;un coulis de fruits rouges (id\u00e9alement de groseilles) ou bien de cr\u00e8me fouett\u00e9e \u00e0 la vanille.<\/li>\n<\/ol>\n            <\/div>\r\n        <\/div>\r\n    \r\n    \r\n    \r\n            <div class=\"tasty-recipes-notes notop nobot\">\r\n            <h3>Notes<\/h3>\r\n            <div class=\"tasty-recipes-notes-body\">\r\n                <p>Pour le coulis de fruits rouges, se r\u00e9ferrer \u00e0 la recette suivante et remplacer les framboises par des groseilles : http:\/\/www.delscookingtwist.com\/fr\/2015\/04\/15\/white-chocolate-cake-with-raspberry-coulis\/<\/p>\n            <\/div>\r\n        <\/div>\r\n    \r\n    \r\n    \r\n    \r\n    \r\n    <\/div>\r\n\r\n\r\n\r\n<div class=\"postcats\">\r\n\t<a href=\"https:\/\/www.delscookingtwist.com\/fr\/saison\/automne\/\">Automne<\/a>, <a href=\"https:\/\/www.delscookingtwist.com\/fr\/saison\/hiver\/\">Hiver<\/a>, <a href=\"https:\/\/www.delscookingtwist.com\/fr\/ingredient-fr\/poires\/\">Poires<\/a>, <a href=\"https:\/\/www.delscookingtwist.com\/fr\/ingredient-fr\/pommes\/\">Pommes<\/a>, <a href=\"https:\/\/www.delscookingtwist.com\/fr\/categorie\/recettes\/les-desserts\/tartes\/\">Tartes<\/a><\/div>\r\n\r\n<div class=\"contentbox contentbox-lightpink notop nobot\">\r\n        <h2>Avez-vous r\u00e9alis\u00e9 cette recette ?<\/h2>\r\n        <p>Enfin, si vous r\u00e9alisez cette Pear-Apple Frangipane Tartlets with Cardamom, merci de me laisser un petit commentaire et\/ou de noter la recette. Et bien s\u00fbr, n\u2019oubliez pas de me taguer sur <a href=\"https:\/\/instagram.com\/delscookingtwist\/\" target=\"_blank\">Instagram<\/a>, j\u2019adore voir vos r\u00e9alisations. Bon app\u00e9tit !<\/p>\n<\/div>\r\n\r\n<\/div>\n<p style=\"text-align: justify;\"><img decoding=\"async\" class=\"aligncenter size-large wp-image-25901\" src=\"https:\/\/www.delscookingtwist.com\/wp-content\/uploads\/2015\/09\/Pear-Apple-Frangipane-Tartlets-with-Cardamom_2290_7bis-748x1024.jpg\" alt=\"Pear-Apple Frangipane Tartlets with Cardamom\" width=\"748\" height=\"1024\" srcset=\"https:\/\/www.delscookingtwist.com\/wp-content\/uploads\/2015\/09\/Pear-Apple-Frangipane-Tartlets-with-Cardamom_2290_7bis-748x1024.jpg 748w, https:\/\/www.delscookingtwist.com\/wp-content\/uploads\/2015\/09\/Pear-Apple-Frangipane-Tartlets-with-Cardamom_2290_7bis-219x300.jpg 219w, https:\/\/www.delscookingtwist.com\/wp-content\/uploads\/2015\/09\/Pear-Apple-Frangipane-Tartlets-with-Cardamom_2290_7bis-768x1052.jpg 768w, https:\/\/www.delscookingtwist.com\/wp-content\/uploads\/2015\/09\/Pear-Apple-Frangipane-Tartlets-with-Cardamom_2290_7bis.jpg 1200w\" sizes=\"(max-width: 770px) calc(100vw - 40px), 730px\" \/><\/p>\n<p style=\"text-align: justify;\"><img decoding=\"async\" class=\"aligncenter size-large wp-image-25902\" src=\"https:\/\/www.delscookingtwist.com\/wp-content\/uploads\/2015\/09\/Pear-Apple-Frangipane-Tartlet-with-Cardamom_2215_1bis-710x1024.jpg\" alt=\"Pear-Apple Frangipane Tartlets with Cardamom\" width=\"710\" height=\"1024\" srcset=\"https:\/\/www.delscookingtwist.com\/wp-content\/uploads\/2015\/09\/Pear-Apple-Frangipane-Tartlet-with-Cardamom_2215_1bis-710x1024.jpg 710w, https:\/\/www.delscookingtwist.com\/wp-content\/uploads\/2015\/09\/Pear-Apple-Frangipane-Tartlet-with-Cardamom_2215_1bis-208x300.jpg 208w, https:\/\/www.delscookingtwist.com\/wp-content\/uploads\/2015\/09\/Pear-Apple-Frangipane-Tartlet-with-Cardamom_2215_1bis-768x1107.jpg 768w, https:\/\/www.delscookingtwist.com\/wp-content\/uploads\/2015\/09\/Pear-Apple-Frangipane-Tartlet-with-Cardamom_2215_1bis-416x601.jpg 416w, https:\/\/www.delscookingtwist.com\/wp-content\/uploads\/2015\/09\/Pear-Apple-Frangipane-Tartlet-with-Cardamom_2215_1bis-554x800.jpg 554w, https:\/\/www.delscookingtwist.com\/wp-content\/uploads\/2015\/09\/Pear-Apple-Frangipane-Tartlet-with-Cardamom_2215_1bis.jpg 1200w\" sizes=\"(max-width: 750px) calc(100vw - 40px), 710px\" \/><\/p>\n","protected":false},"excerpt":{"rendered":"<p>Poires et pommes forment un duo parfait, sur un lit de cr\u00e8me d&#8217;amande l\u00e9g\u00e8rement parfum\u00e9 \u00e0 la cardamome. Un joli dessert automnal qui s&#8217;appr\u00e9cie \u00e9galement tout au long de l&#8217;ann\u00e9e. L&#8217;\u00e9t\u00e9 touche \u00e0 sa fin et peu \u00e0 peu nous introduisons de nouveaux fruits de saison dans notre alimentation \u00e0 mesure que l&#8217;automne approche. Parmi [&hellip;]<\/p>\n","protected":false},"author":1,"featured_media":25902,"comment_status":"open","ping_status":"open","sticky":false,"template":"","format":"standard","meta":{"_acf_changed":false,"_monsterinsights_skip_tracking":false,"_monsterinsights_sitenote_active":false,"_monsterinsights_sitenote_note":"","_monsterinsights_sitenote_category":0,"footnotes":""},"categories":[41395],"tags":[],"del_style":[],"del_diet":[],"del_seasonal":[41365,41368],"del_occasion":[],"del_ingredient":[41390,41376],"class_list":["post-29171","post","type-post","status-publish","format-standard","has-post-thumbnail","hentry","category-tartes","del_seasonal-automne","del_seasonal-hiver","del_ingredient-poires","del_ingredient-pommes"],"acf":[],"yoast_head":"<!-- This site is optimized with the Yoast SEO Premium plugin v27.4 (Yoast SEO v27.4) - https:\/\/yoast.com\/product\/yoast-seo-premium-wordpress\/ -->\n<title>Tartelettes amandines pommes-poires \u00e0 la cardamome - Del&#039;s cooking twist<\/title>\n<meta name=\"description\" content=\"Poires et pommes forment un duo parfait, sur un lit de cr\u00e8me d&#039;amande l\u00e9g\u00e8rement parfum\u00e9 \u00e0 la cardamome. Un joli dessert automnal qui s&#039;appr\u00e9cie \u00e9galement tout au long de l&#039;ann\u00e9e.\" \/>\n<meta name=\"robots\" content=\"index, follow, max-snippet:-1, max-image-preview:large, max-video-preview:-1\" \/>\n<link rel=\"canonical\" href=\"https:\/\/www.delscookingtwist.com\/fr\/tartelettes-amandines-pommes-poires-a-la-cardamome\/\" \/>\n<meta property=\"og:locale\" content=\"fr_FR\" \/>\n<meta property=\"og:type\" content=\"article\" \/>\n<meta property=\"og:title\" content=\"Tartelettes amandines pommes-poires \u00e0 la cardamome\" \/>\n<meta property=\"og:description\" content=\"Poires et pommes forment un duo parfait, sur un lit de cr\u00e8me d&#039;amande l\u00e9g\u00e8rement parfum\u00e9 \u00e0 la cardamome. Un joli dessert automnal qui s&#039;appr\u00e9cie \u00e9galement tout au long de l&#039;ann\u00e9e.\" \/>\n<meta property=\"og:url\" content=\"https:\/\/www.delscookingtwist.com\/fr\/tartelettes-amandines-pommes-poires-a-la-cardamome\/\" \/>\n<meta property=\"og:site_name\" content=\"Del&#039;s cooking twist\" \/>\n<meta property=\"article:publisher\" content=\"https:\/\/www.facebook.com\/pages\/Dels-cooking-twist\/158928514282620\" \/>\n<meta property=\"article:published_time\" content=\"2015-09-10T15:25:11+00:00\" \/>\n<meta property=\"article:modified_time\" content=\"2021-05-26T19:15:46+00:00\" \/>\n<meta property=\"og:image\" content=\"https:\/\/www.delscookingtwist.com\/wp-content\/uploads\/2015\/09\/Pear-Apple-Frangipane-Tartlet-with-Cardamom_2215_1bis.jpg\" \/>\n\t<meta property=\"og:image:width\" content=\"1200\" \/>\n\t<meta property=\"og:image:height\" content=\"1730\" \/>\n\t<meta property=\"og:image:type\" content=\"image\/jpeg\" \/>\n<meta name=\"author\" content=\"Delphine Fortin\" \/>\n<meta name=\"twitter:card\" content=\"summary_large_image\" \/>\n<meta name=\"twitter:creator\" content=\"@delstwist\" \/>\n<meta name=\"twitter:site\" content=\"@delstwist\" \/>\n<meta name=\"twitter:label1\" content=\"\u00c9crit par\" \/>\n\t<meta name=\"twitter:data1\" content=\"Delphine Fortin\" \/>\n\t<meta name=\"twitter:label2\" content=\"Dur\u00e9e de lecture estim\u00e9e\" \/>\n\t<meta name=\"twitter:data2\" content=\"1 minute\" \/>\n<script type=\"application\/ld+json\" class=\"yoast-schema-graph\">{\"@context\":\"https:\\\/\\\/schema.org\",\"@graph\":[{\"@type\":\"Article\",\"@id\":\"https:\\\/\\\/www.delscookingtwist.com\\\/fr\\\/tartelettes-amandines-pommes-poires-a-la-cardamome\\\/#article\",\"isPartOf\":{\"@id\":\"https:\\\/\\\/www.delscookingtwist.com\\\/fr\\\/tartelettes-amandines-pommes-poires-a-la-cardamome\\\/\"},\"author\":{\"name\":\"Delphine Fortin\",\"@id\":\"https:\\\/\\\/www.delscookingtwist.com\\\/fr\\\/#\\\/schema\\\/person\\\/3e4febf518c8a60ed3c5ada91c175c91\"},\"headline\":\"Tartelettes amandines pommes-poires \u00e0 la cardamome\",\"datePublished\":\"2015-09-10T15:25:11+00:00\",\"dateModified\":\"2021-05-26T19:15:46+00:00\",\"mainEntityOfPage\":{\"@id\":\"https:\\\/\\\/www.delscookingtwist.com\\\/fr\\\/tartelettes-amandines-pommes-poires-a-la-cardamome\\\/\"},\"wordCount\":316,\"commentCount\":0,\"publisher\":{\"@id\":\"https:\\\/\\\/www.delscookingtwist.com\\\/fr\\\/#organization\"},\"image\":{\"@id\":\"https:\\\/\\\/www.delscookingtwist.com\\\/fr\\\/tartelettes-amandines-pommes-poires-a-la-cardamome\\\/#primaryimage\"},\"thumbnailUrl\":\"https:\\\/\\\/www.delscookingtwist.com\\\/wp-content\\\/uploads\\\/2015\\\/09\\\/Pear-Apple-Frangipane-Tartlet-with-Cardamom_2215_1bis.jpg\",\"articleSection\":[\"Tartes\"],\"inLanguage\":\"fr-FR\",\"potentialAction\":[{\"@type\":\"CommentAction\",\"name\":\"Comment\",\"target\":[\"https:\\\/\\\/www.delscookingtwist.com\\\/fr\\\/tartelettes-amandines-pommes-poires-a-la-cardamome\\\/#respond\"]}]},{\"@type\":\"WebPage\",\"@id\":\"https:\\\/\\\/www.delscookingtwist.com\\\/fr\\\/tartelettes-amandines-pommes-poires-a-la-cardamome\\\/\",\"url\":\"https:\\\/\\\/www.delscookingtwist.com\\\/fr\\\/tartelettes-amandines-pommes-poires-a-la-cardamome\\\/\",\"name\":\"Tartelettes amandines pommes-poires \u00e0 la cardamome - Del&#039;s cooking twist\",\"isPartOf\":{\"@id\":\"https:\\\/\\\/www.delscookingtwist.com\\\/fr\\\/#website\"},\"primaryImageOfPage\":{\"@id\":\"https:\\\/\\\/www.delscookingtwist.com\\\/fr\\\/tartelettes-amandines-pommes-poires-a-la-cardamome\\\/#primaryimage\"},\"image\":{\"@id\":\"https:\\\/\\\/www.delscookingtwist.com\\\/fr\\\/tartelettes-amandines-pommes-poires-a-la-cardamome\\\/#primaryimage\"},\"thumbnailUrl\":\"https:\\\/\\\/www.delscookingtwist.com\\\/wp-content\\\/uploads\\\/2015\\\/09\\\/Pear-Apple-Frangipane-Tartlet-with-Cardamom_2215_1bis.jpg\",\"datePublished\":\"2015-09-10T15:25:11+00:00\",\"dateModified\":\"2021-05-26T19:15:46+00:00\",\"description\":\"Poires et pommes forment un duo parfait, sur un lit de cr\u00e8me d'amande l\u00e9g\u00e8rement parfum\u00e9 \u00e0 la cardamome. Un joli dessert automnal qui s'appr\u00e9cie \u00e9galement tout au long de l'ann\u00e9e.\",\"breadcrumb\":{\"@id\":\"https:\\\/\\\/www.delscookingtwist.com\\\/fr\\\/tartelettes-amandines-pommes-poires-a-la-cardamome\\\/#breadcrumb\"},\"inLanguage\":\"fr-FR\",\"potentialAction\":[{\"@type\":\"ReadAction\",\"target\":[\"https:\\\/\\\/www.delscookingtwist.com\\\/fr\\\/tartelettes-amandines-pommes-poires-a-la-cardamome\\\/\"]}]},{\"@type\":\"ImageObject\",\"inLanguage\":\"fr-FR\",\"@id\":\"https:\\\/\\\/www.delscookingtwist.com\\\/fr\\\/tartelettes-amandines-pommes-poires-a-la-cardamome\\\/#primaryimage\",\"url\":\"https:\\\/\\\/www.delscookingtwist.com\\\/wp-content\\\/uploads\\\/2015\\\/09\\\/Pear-Apple-Frangipane-Tartlet-with-Cardamom_2215_1bis.jpg\",\"contentUrl\":\"https:\\\/\\\/www.delscookingtwist.com\\\/wp-content\\\/uploads\\\/2015\\\/09\\\/Pear-Apple-Frangipane-Tartlet-with-Cardamom_2215_1bis.jpg\",\"width\":1200,\"height\":1730},{\"@type\":\"BreadcrumbList\",\"@id\":\"https:\\\/\\\/www.delscookingtwist.com\\\/fr\\\/tartelettes-amandines-pommes-poires-a-la-cardamome\\\/#breadcrumb\",\"itemListElement\":[{\"@type\":\"ListItem\",\"position\":1,\"name\":\"Accueil\",\"item\":\"https:\\\/\\\/www.delscookingtwist.com\\\/fr\\\/\"},{\"@type\":\"ListItem\",\"position\":2,\"name\":\"Recipes\",\"item\":\"https:\\\/\\\/www.delscookingtwist.com\\\/recipe-index\\\/\"},{\"@type\":\"ListItem\",\"position\":3,\"name\":\"Desserts\",\"item\":\"https:\\\/\\\/www.delscookingtwist.com\\\/fr\\\/categorie\\\/recettes\\\/les-desserts\\\/\"},{\"@type\":\"ListItem\",\"position\":4,\"name\":\"Tartes\",\"item\":\"https:\\\/\\\/www.delscookingtwist.com\\\/fr\\\/categorie\\\/recettes\\\/les-desserts\\\/tartes\\\/\"},{\"@type\":\"ListItem\",\"position\":5,\"name\":\"Tartelettes amandines pommes-poires \u00e0 la cardamome\"}]},{\"@type\":\"WebSite\",\"@id\":\"https:\\\/\\\/www.delscookingtwist.com\\\/fr\\\/#website\",\"url\":\"https:\\\/\\\/www.delscookingtwist.com\\\/fr\\\/\",\"name\":\"Del&#039;s cooking twist\",\"description\":\"Plant-based | Wholesome | Organic\",\"publisher\":{\"@id\":\"https:\\\/\\\/www.delscookingtwist.com\\\/fr\\\/#organization\"},\"potentialAction\":[{\"@type\":\"SearchAction\",\"target\":{\"@type\":\"EntryPoint\",\"urlTemplate\":\"https:\\\/\\\/www.delscookingtwist.com\\\/fr\\\/?s={search_term_string}\"},\"query-input\":{\"@type\":\"PropertyValueSpecification\",\"valueRequired\":true,\"valueName\":\"search_term_string\"}}],\"inLanguage\":\"fr-FR\"},{\"@type\":\"Organization\",\"@id\":\"https:\\\/\\\/www.delscookingtwist.com\\\/fr\\\/#organization\",\"name\":\"Del's cooking twist\",\"url\":\"https:\\\/\\\/www.delscookingtwist.com\\\/fr\\\/\",\"logo\":{\"@type\":\"ImageObject\",\"inLanguage\":\"fr-FR\",\"@id\":\"https:\\\/\\\/www.delscookingtwist.com\\\/fr\\\/#\\\/schema\\\/logo\\\/image\\\/\",\"url\":\"https:\\\/\\\/www.delscookingtwist.com\\\/wp-content\\\/uploads\\\/2021\\\/04\\\/Del_sCookingTwist-1200x1200-1.png\",\"contentUrl\":\"https:\\\/\\\/www.delscookingtwist.com\\\/wp-content\\\/uploads\\\/2021\\\/04\\\/Del_sCookingTwist-1200x1200-1.png\",\"width\":1200,\"height\":1200,\"caption\":\"Del's cooking twist\"},\"image\":{\"@id\":\"https:\\\/\\\/www.delscookingtwist.com\\\/fr\\\/#\\\/schema\\\/logo\\\/image\\\/\"},\"sameAs\":[\"https:\\\/\\\/www.facebook.com\\\/pages\\\/Dels-cooking-twist\\\/158928514282620\",\"https:\\\/\\\/x.com\\\/delstwist\",\"https:\\\/\\\/instagram.com\\\/delscookingtwist\",\"https:\\\/\\\/www.linkedin.com\\\/company\\\/15256060\\\/\",\"https:\\\/\\\/www.pinterest.com\\\/delstwist\\\/\",\"https:\\\/\\\/www.youtube.com\\\/channel\\\/UCX4VXKZduK2vq8vYIe4IxwQ\"]},{\"@type\":\"Person\",\"@id\":\"https:\\\/\\\/www.delscookingtwist.com\\\/fr\\\/#\\\/schema\\\/person\\\/3e4febf518c8a60ed3c5ada91c175c91\",\"name\":\"Delphine Fortin\",\"image\":{\"@type\":\"ImageObject\",\"inLanguage\":\"fr-FR\",\"@id\":\"https:\\\/\\\/secure.gravatar.com\\\/avatar\\\/5f92ca31747492f2cc54e3357d21beb304e04824c6ba020a3c6e892130f111ee?s=96&d=mm&r=g\",\"url\":\"https:\\\/\\\/secure.gravatar.com\\\/avatar\\\/5f92ca31747492f2cc54e3357d21beb304e04824c6ba020a3c6e892130f111ee?s=96&d=mm&r=g\",\"contentUrl\":\"https:\\\/\\\/secure.gravatar.com\\\/avatar\\\/5f92ca31747492f2cc54e3357d21beb304e04824c6ba020a3c6e892130f111ee?s=96&d=mm&r=g\",\"caption\":\"Delphine Fortin\"},\"description\":\"Hi! I'm a French girl living in Sweden. I have loved cooking, baking and creating new recipes ever since I was young. I love my treats sweet or salty, depending on my mood, but they have to be delicious with a possibly \\\"twist\\\", my personal touch actually. That's why I finally came to the point that I somehow had to share my recipes with you and try out to teach you this little cooking twist which is mine. Whatever the recipe, there is two things you have to think about when you're cooking: use the true ingredients (no sweeteners or light products, never ever) and think fresh (no frozen ingredients). Here is the best way to eat healthy! I also love travelling and try to get inspiration from other cultures, that's why I want to tips you about the best places to eat in Paris, Stockholm, or every other places I tried and loved! Hope you will like my recipes (but fore sure you will) and give me back 'your' personal twist then!\",\"sameAs\":[\"https:\\\/\\\/www.delscookingtwist.com\\\/about-me\\\/\"],\"url\":\"https:\\\/\\\/www.delscookingtwist.com\\\/fr\\\/author\\\/del\\\/\"}]}<\/script>\n<!-- \/ Yoast SEO Premium plugin. -->","yoast_head_json":{"title":"Tartelettes amandines pommes-poires \u00e0 la cardamome - Del&#039;s cooking twist","description":"Poires et pommes forment un duo parfait, sur un lit de cr\u00e8me d'amande l\u00e9g\u00e8rement parfum\u00e9 \u00e0 la cardamome. Un joli dessert automnal qui s'appr\u00e9cie \u00e9galement tout au long de l'ann\u00e9e.","robots":{"index":"index","follow":"follow","max-snippet":"max-snippet:-1","max-image-preview":"max-image-preview:large","max-video-preview":"max-video-preview:-1"},"canonical":"https:\/\/www.delscookingtwist.com\/fr\/tartelettes-amandines-pommes-poires-a-la-cardamome\/","og_locale":"fr_FR","og_type":"article","og_title":"Tartelettes amandines pommes-poires \u00e0 la cardamome","og_description":"Poires et pommes forment un duo parfait, sur un lit de cr\u00e8me d'amande l\u00e9g\u00e8rement parfum\u00e9 \u00e0 la cardamome. Un joli dessert automnal qui s'appr\u00e9cie \u00e9galement tout au long de l'ann\u00e9e.","og_url":"https:\/\/www.delscookingtwist.com\/fr\/tartelettes-amandines-pommes-poires-a-la-cardamome\/","og_site_name":"Del&#039;s cooking twist","article_publisher":"https:\/\/www.facebook.com\/pages\/Dels-cooking-twist\/158928514282620","article_published_time":"2015-09-10T15:25:11+00:00","article_modified_time":"2021-05-26T19:15:46+00:00","og_image":[{"width":1200,"height":1730,"url":"https:\/\/www.delscookingtwist.com\/wp-content\/uploads\/2015\/09\/Pear-Apple-Frangipane-Tartlet-with-Cardamom_2215_1bis.jpg","type":"image\/jpeg"}],"author":"Delphine Fortin","twitter_card":"summary_large_image","twitter_creator":"@delstwist","twitter_site":"@delstwist","twitter_misc":{"\u00c9crit par":"Delphine Fortin","Dur\u00e9e de lecture estim\u00e9e":"1 minute"},"schema":{"@context":"https:\/\/schema.org","@graph":[{"@type":"Article","@id":"https:\/\/www.delscookingtwist.com\/fr\/tartelettes-amandines-pommes-poires-a-la-cardamome\/#article","isPartOf":{"@id":"https:\/\/www.delscookingtwist.com\/fr\/tartelettes-amandines-pommes-poires-a-la-cardamome\/"},"author":{"name":"Delphine Fortin","@id":"https:\/\/www.delscookingtwist.com\/fr\/#\/schema\/person\/3e4febf518c8a60ed3c5ada91c175c91"},"headline":"Tartelettes amandines pommes-poires \u00e0 la cardamome","datePublished":"2015-09-10T15:25:11+00:00","dateModified":"2021-05-26T19:15:46+00:00","mainEntityOfPage":{"@id":"https:\/\/www.delscookingtwist.com\/fr\/tartelettes-amandines-pommes-poires-a-la-cardamome\/"},"wordCount":316,"commentCount":0,"publisher":{"@id":"https:\/\/www.delscookingtwist.com\/fr\/#organization"},"image":{"@id":"https:\/\/www.delscookingtwist.com\/fr\/tartelettes-amandines-pommes-poires-a-la-cardamome\/#primaryimage"},"thumbnailUrl":"https:\/\/www.delscookingtwist.com\/wp-content\/uploads\/2015\/09\/Pear-Apple-Frangipane-Tartlet-with-Cardamom_2215_1bis.jpg","articleSection":["Tartes"],"inLanguage":"fr-FR","potentialAction":[{"@type":"CommentAction","name":"Comment","target":["https:\/\/www.delscookingtwist.com\/fr\/tartelettes-amandines-pommes-poires-a-la-cardamome\/#respond"]}]},{"@type":"WebPage","@id":"https:\/\/www.delscookingtwist.com\/fr\/tartelettes-amandines-pommes-poires-a-la-cardamome\/","url":"https:\/\/www.delscookingtwist.com\/fr\/tartelettes-amandines-pommes-poires-a-la-cardamome\/","name":"Tartelettes amandines pommes-poires \u00e0 la cardamome - Del&#039;s cooking twist","isPartOf":{"@id":"https:\/\/www.delscookingtwist.com\/fr\/#website"},"primaryImageOfPage":{"@id":"https:\/\/www.delscookingtwist.com\/fr\/tartelettes-amandines-pommes-poires-a-la-cardamome\/#primaryimage"},"image":{"@id":"https:\/\/www.delscookingtwist.com\/fr\/tartelettes-amandines-pommes-poires-a-la-cardamome\/#primaryimage"},"thumbnailUrl":"https:\/\/www.delscookingtwist.com\/wp-content\/uploads\/2015\/09\/Pear-Apple-Frangipane-Tartlet-with-Cardamom_2215_1bis.jpg","datePublished":"2015-09-10T15:25:11+00:00","dateModified":"2021-05-26T19:15:46+00:00","description":"Poires et pommes forment un duo parfait, sur un lit de cr\u00e8me d'amande l\u00e9g\u00e8rement parfum\u00e9 \u00e0 la cardamome. Un joli dessert automnal qui s'appr\u00e9cie \u00e9galement tout au long de l'ann\u00e9e.","breadcrumb":{"@id":"https:\/\/www.delscookingtwist.com\/fr\/tartelettes-amandines-pommes-poires-a-la-cardamome\/#breadcrumb"},"inLanguage":"fr-FR","potentialAction":[{"@type":"ReadAction","target":["https:\/\/www.delscookingtwist.com\/fr\/tartelettes-amandines-pommes-poires-a-la-cardamome\/"]}]},{"@type":"ImageObject","inLanguage":"fr-FR","@id":"https:\/\/www.delscookingtwist.com\/fr\/tartelettes-amandines-pommes-poires-a-la-cardamome\/#primaryimage","url":"https:\/\/www.delscookingtwist.com\/wp-content\/uploads\/2015\/09\/Pear-Apple-Frangipane-Tartlet-with-Cardamom_2215_1bis.jpg","contentUrl":"https:\/\/www.delscookingtwist.com\/wp-content\/uploads\/2015\/09\/Pear-Apple-Frangipane-Tartlet-with-Cardamom_2215_1bis.jpg","width":1200,"height":1730},{"@type":"BreadcrumbList","@id":"https:\/\/www.delscookingtwist.com\/fr\/tartelettes-amandines-pommes-poires-a-la-cardamome\/#breadcrumb","itemListElement":[{"@type":"ListItem","position":1,"name":"Accueil","item":"https:\/\/www.delscookingtwist.com\/fr\/"},{"@type":"ListItem","position":2,"name":"Recipes","item":"https:\/\/www.delscookingtwist.com\/recipe-index\/"},{"@type":"ListItem","position":3,"name":"Desserts","item":"https:\/\/www.delscookingtwist.com\/fr\/categorie\/recettes\/les-desserts\/"},{"@type":"ListItem","position":4,"name":"Tartes","item":"https:\/\/www.delscookingtwist.com\/fr\/categorie\/recettes\/les-desserts\/tartes\/"},{"@type":"ListItem","position":5,"name":"Tartelettes amandines pommes-poires \u00e0 la cardamome"}]},{"@type":"WebSite","@id":"https:\/\/www.delscookingtwist.com\/fr\/#website","url":"https:\/\/www.delscookingtwist.com\/fr\/","name":"Del&#039;s cooking twist","description":"Plant-based | Wholesome | Organic","publisher":{"@id":"https:\/\/www.delscookingtwist.com\/fr\/#organization"},"potentialAction":[{"@type":"SearchAction","target":{"@type":"EntryPoint","urlTemplate":"https:\/\/www.delscookingtwist.com\/fr\/?s={search_term_string}"},"query-input":{"@type":"PropertyValueSpecification","valueRequired":true,"valueName":"search_term_string"}}],"inLanguage":"fr-FR"},{"@type":"Organization","@id":"https:\/\/www.delscookingtwist.com\/fr\/#organization","name":"Del's cooking twist","url":"https:\/\/www.delscookingtwist.com\/fr\/","logo":{"@type":"ImageObject","inLanguage":"fr-FR","@id":"https:\/\/www.delscookingtwist.com\/fr\/#\/schema\/logo\/image\/","url":"https:\/\/www.delscookingtwist.com\/wp-content\/uploads\/2021\/04\/Del_sCookingTwist-1200x1200-1.png","contentUrl":"https:\/\/www.delscookingtwist.com\/wp-content\/uploads\/2021\/04\/Del_sCookingTwist-1200x1200-1.png","width":1200,"height":1200,"caption":"Del's cooking twist"},"image":{"@id":"https:\/\/www.delscookingtwist.com\/fr\/#\/schema\/logo\/image\/"},"sameAs":["https:\/\/www.facebook.com\/pages\/Dels-cooking-twist\/158928514282620","https:\/\/x.com\/delstwist","https:\/\/instagram.com\/delscookingtwist","https:\/\/www.linkedin.com\/company\/15256060\/","https:\/\/www.pinterest.com\/delstwist\/","https:\/\/www.youtube.com\/channel\/UCX4VXKZduK2vq8vYIe4IxwQ"]},{"@type":"Person","@id":"https:\/\/www.delscookingtwist.com\/fr\/#\/schema\/person\/3e4febf518c8a60ed3c5ada91c175c91","name":"Delphine Fortin","image":{"@type":"ImageObject","inLanguage":"fr-FR","@id":"https:\/\/secure.gravatar.com\/avatar\/5f92ca31747492f2cc54e3357d21beb304e04824c6ba020a3c6e892130f111ee?s=96&d=mm&r=g","url":"https:\/\/secure.gravatar.com\/avatar\/5f92ca31747492f2cc54e3357d21beb304e04824c6ba020a3c6e892130f111ee?s=96&d=mm&r=g","contentUrl":"https:\/\/secure.gravatar.com\/avatar\/5f92ca31747492f2cc54e3357d21beb304e04824c6ba020a3c6e892130f111ee?s=96&d=mm&r=g","caption":"Delphine Fortin"},"description":"Hi! I'm a French girl living in Sweden. I have loved cooking, baking and creating new recipes ever since I was young. I love my treats sweet or salty, depending on my mood, but they have to be delicious with a possibly \"twist\", my personal touch actually. That's why I finally came to the point that I somehow had to share my recipes with you and try out to teach you this little cooking twist which is mine. Whatever the recipe, there is two things you have to think about when you're cooking: use the true ingredients (no sweeteners or light products, never ever) and think fresh (no frozen ingredients). Here is the best way to eat healthy! I also love travelling and try to get inspiration from other cultures, that's why I want to tips you about the best places to eat in Paris, Stockholm, or every other places I tried and loved! Hope you will like my recipes (but fore sure you will) and give me back 'your' personal twist then!","sameAs":["https:\/\/www.delscookingtwist.com\/about-me\/"],"url":"https:\/\/www.delscookingtwist.com\/fr\/author\/del\/"}]}},"_links":{"self":[{"href":"https:\/\/www.delscookingtwist.com\/fr\/wp-json\/wp\/v2\/posts\/29171","targetHints":{"allow":["GET"]}}],"collection":[{"href":"https:\/\/www.delscookingtwist.com\/fr\/wp-json\/wp\/v2\/posts"}],"about":[{"href":"https:\/\/www.delscookingtwist.com\/fr\/wp-json\/wp\/v2\/types\/post"}],"author":[{"embeddable":true,"href":"https:\/\/www.delscookingtwist.com\/fr\/wp-json\/wp\/v2\/users\/1"}],"replies":[{"embeddable":true,"href":"https:\/\/www.delscookingtwist.com\/fr\/wp-json\/wp\/v2\/comments?post=29171"}],"version-history":[{"count":0,"href":"https:\/\/www.delscookingtwist.com\/fr\/wp-json\/wp\/v2\/posts\/29171\/revisions"}],"wp:featuredmedia":[{"embeddable":true,"href":"https:\/\/www.delscookingtwist.com\/fr\/wp-json\/wp\/v2\/media\/25902"}],"wp:attachment":[{"href":"https:\/\/www.delscookingtwist.com\/fr\/wp-json\/wp\/v2\/media?parent=29171"}],"wp:term":[{"taxonomy":"category","embeddable":true,"href":"https:\/\/www.delscookingtwist.com\/fr\/wp-json\/wp\/v2\/categories?post=29171"},{"taxonomy":"post_tag","embeddable":true,"href":"https:\/\/www.delscookingtwist.com\/fr\/wp-json\/wp\/v2\/tags?post=29171"},{"taxonomy":"del_style","embeddable":true,"href":"https:\/\/www.delscookingtwist.com\/fr\/wp-json\/wp\/v2\/del_style?post=29171"},{"taxonomy":"del_diet","embeddable":true,"href":"https:\/\/www.delscookingtwist.com\/fr\/wp-json\/wp\/v2\/del_diet?post=29171"},{"taxonomy":"del_seasonal","embeddable":true,"href":"https:\/\/www.delscookingtwist.com\/fr\/wp-json\/wp\/v2\/del_seasonal?post=29171"},{"taxonomy":"del_occasion","embeddable":true,"href":"https:\/\/www.delscookingtwist.com\/fr\/wp-json\/wp\/v2\/del_occasion?post=29171"},{"taxonomy":"del_ingredient","embeddable":true,"href":"https:\/\/www.delscookingtwist.com\/fr\/wp-json\/wp\/v2\/del_ingredient?post=29171"}],"curies":[{"name":"wp","href":"https:\/\/api.w.org\/{rel}","templated":true}]}}