{"id":29097,"date":"2015-01-07T11:25:45","date_gmt":"2015-01-07T19:25:45","guid":{"rendered":"http:\/\/www.delscookingtwist.com\/2015\/01\/07\/cheesecake-au-safran-sans-lactose\/"},"modified":"2021-05-28T20:43:30","modified_gmt":"2021-05-29T03:43:30","slug":"cheesecake-au-safran-sans-lactose","status":"publish","type":"post","link":"https:\/\/www.delscookingtwist.com\/fr\/cheesecake-au-safran-sans-lactose\/","title":{"rendered":"Cheesecake au safran sans lactose"},"content":{"rendered":"<p style=\"text-align: justify;\"><em>Une combinaison de saveurs qui ravira vos papilles pour une recette qui a pour atout d&#8217;\u00eatre extr\u00eamement simple \u00e0 r\u00e9aliser. Pr\u00e9parez-vous \u00e0 tomber amoureux de ce dessert !<\/em><\/p>\n<p style=\"text-align: justify;\"><img decoding=\"async\" class=\"aligncenter size-large wp-image-5412\" src=\"https:\/\/www.delscookingtwist.com\/wp-content\/uploads\/2015\/01\/Saffron-Cheesecake5-1024x681.jpg\" alt=\"Lactose Free Saffron Cheesecake\" width=\"640\" height=\"425\" srcset=\"https:\/\/www.delscookingtwist.com\/wp-content\/uploads\/2015\/01\/Saffron-Cheesecake5-1024x681.jpg 1024w, https:\/\/www.delscookingtwist.com\/wp-content\/uploads\/2015\/01\/Saffron-Cheesecake5-300x200.jpg 300w, https:\/\/www.delscookingtwist.com\/wp-content\/uploads\/2015\/01\/Saffron-Cheesecake5-768x511.jpg 768w, https:\/\/www.delscookingtwist.com\/wp-content\/uploads\/2015\/01\/Saffron-Cheesecake5-680x450.jpg 680w, https:\/\/www.delscookingtwist.com\/wp-content\/uploads\/2015\/01\/Saffron-Cheesecake5.jpg 1200w\" sizes=\"(max-width: 680px) calc(100vw - 40px), 640px\" \/><\/p>\n<p style=\"text-align: justify;\">Me voici enfin de retour apr\u00e8s un formidable s\u00e9jour en Laponie au dessus du cercle polaire entre la Su\u00e8de et la Norv\u00e8ge pour c\u00e9l\u00e9brer la nouvelle ann\u00e9e avec quelques amis (retrouvez quelques photos du voyage sur <a href=\"https:\/\/www.instagram.com\/delscookingtwist\/\" target=\"_blank\" rel=\"noopener noreferrer\">Instagram<\/a>). L\u00e0 bas, nous avons eu la chance de faire du chien de traineau (j&#8217;en avais d\u00e9j\u00e0 fait par le pass\u00e9 mais c&#8217;\u00e9tait la premi\u00e8re fois que je conduisais moi m\u00eame le traineau, une exp\u00e9rience incroyable !) et de voir des aurores bor\u00e9ales \u00e0 couper le souffle. Le r\u00eave su\u00e9dois dans toute sa splendeur.\u00a0Je suis d\u00e9sormais de retour \u00e0 Stockholm, o\u00f9 la neige est \u00e9galement arriv\u00e9e. Ce bel hiver su\u00e9dois me rappelle mon arriv\u00e9e en Su\u00e8de il y a presque 5 ans &#8211; je suis arriv\u00e9e le 13 janvier 2010, c&#8217;est bient\u00f4t mon &#8220;anniversaire&#8221; su\u00e9dois !<\/p>\n<p style=\"text-align: justify;\">Dans ce contexte, j&#8217;ai eu envie de partager avec vous une recette su\u00e9doise\u00a0avec du safran aujourd&#8217;hui, pour changer un peu des galettes des rois qui envahissent la toile ces derniers jours. Au moment de No\u00ebl et des f\u00eates de fin d&#8217;ann\u00e9e, les Su\u00e9dois raffolent du safran dans leurs p\u00e2tisseries (allez voir ma recette de <a href=\"https:\/\/www.delscookingtwist.com\/fr\/2013\/12\/09\/swedish-christmas-saffron-buns-lussekatter\/\" target=\"_blank\" rel=\"noopener noreferrer\">Brioches su\u00e9doises au safran &#8220;Lussekatter&#8221;<\/a>). Pour diverses raisons, il m&#8217;a fallu r\u00e9aliser un dessert sans lactose en d\u00e9cembre. Une grande premi\u00e8re pour moi, et mes essais ont finalement donn\u00e9 naissance \u00e0 ce cheesecake au safran apr\u00e8s de tr\u00e8s l\u00e9gers ajustements d&#8217;ingr\u00e9dients et de quantit\u00e9s. Rassurez-vous, cette recette est \u00e9galement parfaitement r\u00e9alisable pour tous ceux d&#8217;entre vous qui n&#8217;ont aucune allergie et souhaitent utiliser du vrai beurre et de la faisselle de lait de vache.<\/p>\n<p style=\"text-align: justify;\"><img decoding=\"async\" class=\"aligncenter size-large wp-image-5411\" src=\"https:\/\/www.delscookingtwist.com\/wp-content\/uploads\/2015\/01\/Saffron-Cheesecake6-1024x681.jpg\" alt=\"Lactose Free Saffron Cheesecake\" width=\"640\" height=\"425\" srcset=\"https:\/\/www.delscookingtwist.com\/wp-content\/uploads\/2015\/01\/Saffron-Cheesecake6-1024x681.jpg 1024w, https:\/\/www.delscookingtwist.com\/wp-content\/uploads\/2015\/01\/Saffron-Cheesecake6-300x200.jpg 300w, https:\/\/www.delscookingtwist.com\/wp-content\/uploads\/2015\/01\/Saffron-Cheesecake6-768x511.jpg 768w, https:\/\/www.delscookingtwist.com\/wp-content\/uploads\/2015\/01\/Saffron-Cheesecake6-680x450.jpg 680w, https:\/\/www.delscookingtwist.com\/wp-content\/uploads\/2015\/01\/Saffron-Cheesecake6.jpg 1200w\" sizes=\"(max-width: 680px) calc(100vw - 40px), 640px\" \/><\/p>\n<p style=\"text-align: justify;\">Ravie du succ\u00e8s de ma recette aupr\u00e8s de mes invit\u00e9s, j&#8217;ai au total\u00a0r\u00e9alis\u00e9 pas moins de 4 cheesecakes au safran au long du mois de d\u00e9cembre ! Tout le monde a appr\u00e9ci\u00e9 l&#8217;originalit\u00e9 de ce dessert, tant au sein de mes amis su\u00e9dois que des autres moins habitu\u00e9s au safran. Cette jolie \u00e9pice \u00e0 la couleur rouge ajoute un je ne sais quoi de pr\u00e9cieux dans cette recette douce sans \u00eatre trop sucr\u00e9e, tandis que le fromage apporte une note de fra\u00eecheur.<\/p>\n<p style=\"text-align: center;\"><strong><em>Pour terminer ce billet, je souhaite partager avec vous un moment d&#8217;\u00e9motion avec\u00a0une pens\u00e9e toute particuli\u00e8re pour mon grand-p\u00e8re, qui nous a quitt\u00e9 il y a quelques jours au moment des f\u00eates \u00e0 l&#8217;\u00e2ge de 94 ans. Je n&#8217;oublirai jamais\u00a0la douceur de son sourire et\u00a0son extr\u00eame gentillesse qui nous ont guid\u00e9s toute notre vie, mes proches et moi m\u00eame. Il repose d\u00e9sormais en paix aux c\u00f4t\u00e9s de ma grand-m\u00e8re, sa bien aim\u00e9e, dont la perte il y a quelques ann\u00e9es l&#8217;avait plong\u00e9 dans une extr\u00eame tristesse dont il ne s&#8217;est jamais remis. Les voici d\u00e9sormais r\u00e9unis, et c&#8217;est sous un paysage po\u00e9tique d&#8217;aurores bor\u00e9ales que j&#8217;ai pu les accompagner en pens\u00e9es affectueuses vers leur dernier voyage\u00a0il y a quelques jours&#8230;<\/em><\/strong><\/p>\n<p style=\"text-align: justify;\"><img decoding=\"async\" class=\"aligncenter size-large wp-image-5410\" src=\"https:\/\/www.delscookingtwist.com\/wp-content\/uploads\/2015\/01\/Saffron-Cheesecake3-1024x704.jpg\" alt=\"Lactose Free Saffron Cheesecake\" width=\"640\" height=\"440\" srcset=\"https:\/\/www.delscookingtwist.com\/wp-content\/uploads\/2015\/01\/Saffron-Cheesecake3-1024x704.jpg 1024w, https:\/\/www.delscookingtwist.com\/wp-content\/uploads\/2015\/01\/Saffron-Cheesecake3-300x206.jpg 300w, https:\/\/www.delscookingtwist.com\/wp-content\/uploads\/2015\/01\/Saffron-Cheesecake3-768x528.jpg 768w, https:\/\/www.delscookingtwist.com\/wp-content\/uploads\/2015\/01\/Saffron-Cheesecake3.jpg 1200w\" sizes=\"(max-width: 680px) calc(100vw - 40px), 640px\" \/><\/p>\n<svg aria-hidden=\"true\" style=\"position: absolute;width: 0;height: 0;overflow: hidden\" xmlns=\"http:\/\/www.w3.org\/2000\/svg\">\n<defs>\n<symbol viewbox=\"9 9 46 42\" id=\"wpt-star-full\">\n<path d=\"m46.3 52-14.4-9.5-14.4 9.4L22 35.3 8.7 24.5l17.1-.9 6.2-16 6 16 17.2 1-13.4 10.7z\" \/>\n<\/symbol>\n<\/defs>\n<\/svg>\n<a class=\"button tasty-recipes-print-button tasty-recipes-no-print tasty-recipes-print-above-card\" href=\"https:\/\/www.delscookingtwist.com\/fr\/cheesecake-au-safran-sans-lactose\/print\/21810\/\">Print<\/a><span class=\"tasty-recipes-jump-target\" id=\"tasty-recipes-21810-jump-target\" style=\"display:block;padding-top:2px;margin-top:-2px;\"><\/span><div id=\"tasty-recipes-21810\" data-tr-id=\"21810\" class=\"tasty-recipes tasty-recipes-21810 tasty-recipes-display tasty-recipes-has-image\">\n\r\n\r\n<div id=\"jump-to-recipe\" class=\"del-tasty-wrap notop nobot\">\r\n    <div class=\"del-tasty-header\">\r\n        <h2 class=\"tasty-recipes-title\">Cheesecake au safran sans lactose<\/h2>\r\n        <div class=\"del-tasty-meta\">\r\n            <ul>\r\n                                <li class=\"rating\"><div class=\"rating-a\"><span class=\"ratingicons\"><svg aria-hidden=\"true\" style=\"position: absolute;width: 0;height: 0;overflow: hidden\" xmlns=\"http:\/\/www.w3.org\/2000\/svg\">\n<defs>\n<symbol viewbox=\"9 9 46 42\" id=\"wpt-star-full\">\n<path d=\"m46.3 52-14.4-9.5-14.4 9.4L22 35.3 8.7 24.5l17.1-.9 6.2-16 6 16 17.2 1-13.4 10.7z\" \/>\n<\/symbol>\n<\/defs>\n<\/svg>\n<span class=\"tasty-recipes-ratings-buttons tasty-recipes-no-ratings-buttons\"\tdata-tr-default-rating=\"0\"\t>\t\t<span class=\"tasty-recipes-rating\" >\t\t<i class=\"checked\" data-rating=\"5\">\t\t\t<span class=\"tasty-recipes-rating-solid\" data-tr-clip=\"0\">\t\t\t\t<svg class=\"tasty-recipes-svg\" width=\"18\" height=\"17\"><use href=\"#wpt-star-full\" \/><\/svg>\t\t\t<\/span>\t\t\t<span class=\"tasty-recipes-screen-reader\">\t\t\t\t5 Stars\t\t\t<\/span>\t\t<\/i>\t<\/span>\t\t<span class=\"tasty-recipes-rating\" >\t\t<i class=\"checked\" data-rating=\"4\">\t\t\t<span class=\"tasty-recipes-rating-solid\" data-tr-clip=\"0\">\t\t\t\t<svg class=\"tasty-recipes-svg\" width=\"18\" height=\"17\"><use href=\"#wpt-star-full\" \/><\/svg>\t\t\t<\/span>\t\t\t<span class=\"tasty-recipes-screen-reader\">\t\t\t\t4 Stars\t\t\t<\/span>\t\t<\/i>\t<\/span>\t\t<span class=\"tasty-recipes-rating\" >\t\t<i class=\"checked\" data-rating=\"3\">\t\t\t<span class=\"tasty-recipes-rating-solid\" data-tr-clip=\"0\">\t\t\t\t<svg class=\"tasty-recipes-svg\" width=\"18\" height=\"17\"><use href=\"#wpt-star-full\" \/><\/svg>\t\t\t<\/span>\t\t\t<span class=\"tasty-recipes-screen-reader\">\t\t\t\t3 Stars\t\t\t<\/span>\t\t<\/i>\t<\/span>\t\t<span class=\"tasty-recipes-rating\" >\t\t<i class=\"checked\" data-rating=\"2\">\t\t\t<span class=\"tasty-recipes-rating-solid\" data-tr-clip=\"0\">\t\t\t\t<svg class=\"tasty-recipes-svg\" width=\"18\" height=\"17\"><use href=\"#wpt-star-full\" \/><\/svg>\t\t\t<\/span>\t\t\t<span class=\"tasty-recipes-screen-reader\">\t\t\t\t2 Stars\t\t\t<\/span>\t\t<\/i>\t<\/span>\t\t<span class=\"tasty-recipes-rating\" >\t\t<i class=\"checked\" data-rating=\"1\">\t\t\t<span class=\"tasty-recipes-rating-solid\" data-tr-clip=\"0\">\t\t\t\t<svg class=\"tasty-recipes-svg\" width=\"18\" height=\"17\"><use href=\"#wpt-star-full\" \/><\/svg>\t\t\t<\/span>\t\t\t<span class=\"tasty-recipes-screen-reader\">\t\t\t\t1 Star\t\t\t<\/span>\t\t<\/i>\t<\/span><\/span><\/span><span class=\"ratinglabel\"><span class=\"rating-label\">No reviews<\/span><\/span><\/div><\/li>\r\n                                                <li class=\"review\"><a href=\"#respond\">Laisser un commentaire<\/a><\/li>\r\n                            <\/ul>\r\n        <\/div>\r\n    <\/div>\r\n    <div class=\"del-tasty-cols\">\r\n                <div class=\"del-tasty-imagecol\">\r\n                        <div class=\"tasty-recipes-image\">\r\n                <img decoding=\"async\" width=\"320\" height=\"320\" src=\"https:\/\/www.delscookingtwist.com\/wp-content\/uploads\/2019\/03\/Saffron-Cheesecake3-320x320-1.jpg\" class=\"attachment-thumbnail size-thumbnail\" alt=\"\" data-pin-nopin=\"true\" srcset=\"https:\/\/www.delscookingtwist.com\/wp-content\/uploads\/2019\/03\/Saffron-Cheesecake3-320x320-1.jpg 320w, https:\/\/www.delscookingtwist.com\/wp-content\/uploads\/2019\/03\/Saffron-Cheesecake3-320x320-1-300x300.jpg 300w, https:\/\/www.delscookingtwist.com\/wp-content\/uploads\/2019\/03\/Saffron-Cheesecake3-320x320-1-24x24.jpg 24w, https:\/\/www.delscookingtwist.com\/wp-content\/uploads\/2019\/03\/Saffron-Cheesecake3-320x320-1-48x48.jpg 48w, https:\/\/www.delscookingtwist.com\/wp-content\/uploads\/2019\/03\/Saffron-Cheesecake3-320x320-1-96x96.jpg 96w, https:\/\/www.delscookingtwist.com\/wp-content\/uploads\/2019\/03\/Saffron-Cheesecake3-320x320-1-225x225.jpg 225w\" sizes=\"(max-width: 360px) calc(100vw - 40px), 320px\" \/>            <\/div>\r\n                                    \r\n            <div class=\"tasty-recipes-buttons\">\r\n                                <div class=\"tasty-recipes-button-wrap\">\r\n                    \n<a class=\"btn btn-pink button tasty-recipes-print-button tasty-recipes-no-print\" href=\"https:\/\/www.delscookingtwist.com\/fr\/cheesecake-au-safran-sans-lactose\/print\/21810\/\" target=\"_blank\">\n\t\t\t<svg viewBox=\"0 0 24 24\" class=\"svg-print\" aria-hidden=\"true\"><use href=\"#tasty-recipes-icon-print\"><\/use><\/svg>\n\t\tPrint<\/a>\n                <\/div>\r\n                                            <\/div>\r\n                    <\/div>  \r\n                <div class=\"del-tasty-textcol\">\r\n                        <div class=\"tasty-recipes-details\">\r\n                <ul>\r\n                                            <li class=\"author\"><strong class=\"tasty-recipes-label\">Author:<\/strong> <span><span class=\"tasty-recipes-author-name\">Delphine Fortin<\/span><\/span><\/li>\r\n                                            <li class=\"cook-time\"><strong class=\"tasty-recipes-label\">Cook Time:<\/strong> <span><span class=\"tasty-recipes-cook-time\">30 mins<\/span><\/span><\/li>\r\n                                            <li class=\"total-time\"><strong class=\"tasty-recipes-label\">Total Time:<\/strong> <span><span class=\"tasty-recipes-total-time\">30 mins<\/span><\/span><\/li>\r\n                                            <li class=\"yield\"><strong class=\"tasty-recipes-label\">Yield:<\/strong> <span><span class=\"tasty-recipes-yield\"><span data-amount=\"8\">8<\/span> pers <span class=\"tasty-recipes-yield-scale\"><span data-amount=\"1\">1<\/span>x<\/span><\/span><\/span><\/li>\r\n                                            <li class=\"category\"><strong class=\"tasty-recipes-label\">Category:<\/strong> <span><span class=\"tasty-recipes-category\">Tartes et g\u00e2teaux<\/span><\/span><\/li>\r\n                                            <li class=\"cuisine\"><strong class=\"tasty-recipes-label\">Cuisine:<\/strong> <span><span class=\"tasty-recipes-cuisine\">Recettes su\u00e9doises<\/span><\/span><\/li>\r\n                                    <\/ul>\r\n            <\/div>\r\n                        \r\n\r\n                        <div class=\"tasty-recipes-description notop nobot\">\r\n                <p>Une combinaison de saveurs qui ravira vos papilles pour une recette qui a pour atout d&#8217;\u00eatre extr\u00eamement simple \u00e0 r\u00e9aliser. Pr\u00e9parez-vous \u00e0 tomber amoureux de ce dessert !<\/p>\n            <\/div>\r\n                        \r\n        <\/div>\r\n    <\/div>\r\n\r\n    <div class=\"contentbox contentbox-lightpink savethisrecipe notop nobot\" data-title=\"Cheesecake au safran sans lactose\" data-url=\"https:\/\/www.delscookingtwist.com\/fr\/cheesecake-au-safran-sans-lactose\/\">\r\n    <h3 data-toc-skip>Envoyez-moi cette recette par mail<\/h3>\r\n    <p>En bonus, de l&#8217;inspiration en cuisine chaque semaine.<\/p>\n    \r\n    <div class=\"customckform customckform-horz saveform\">\r\n        <script async data-uid=\"92b1c51bfa\" src=\"https:\/\/delscookingtwist.ck.page\/92b1c51bfa\/index.js\"><\/script>        \r\n    <\/div>    \r\n<\/div>    \r\n            <div class=\"tasty-recipes-ingredients\">\r\n            <div class=\"tasty-recipes-ingredients-header\">\r\n                <div class=\"tasty-recipes-ingredients-clipboard-container\">\r\n                    <h3>Ingr&eacute;dients<\/h3>\r\n                                    <\/div>\r\n                <div class=\"tasty-recipes-units-scale-container\"><span class=\"tasty-recipes-scale-container\">\n\t\t\t\t\t\t<span class=\"tasty-recipes-scale-label\">Scale<\/span>\n\t\t\t\t\t\t<button class=\"tasty-recipes-scale-button tasty-recipes-scale-button-active\" data-amount=\"1\" type=\"button\">1x<\/button><button class=\"tasty-recipes-scale-button\" data-amount=\"2\" type=\"button\">2x<\/button><button class=\"tasty-recipes-scale-button\" data-amount=\"3\" type=\"button\">3x<\/button>\n\t\t\t\t\t<\/span>\n\t\t\t\t\t<\/span><\/div>            <\/div>\r\n            <div class=\"tasty-recipes-ingredients-body\">\r\n                <ul>\n<li data-tr-ingredient-checkbox=\"\"><span class=\"tr-ingredient-checkbox-container\"><input type=\"checkbox\" name=\"ingredient_checkbox_69f460db91c7c\" id=\"ingredient_checkbox_69f460db91c7c\" aria-label=\"250g biscuits au gingembre\u00a0type &#8220;gingerbread&#8221;, \u00e9ventuellement\u00a0sans lactose\u00a0\u00e9galement*\"><label for=\"ingredient_checkbox_69f460db91c7c\"><\/label><\/span><span data-amount=\"250\" data-unit=\"g\">250g<\/span> biscuits au gingembre\u00a0type &#8220;gingerbread&#8221;, \u00e9ventuellement\u00a0sans lactose\u00a0\u00e9galement*<\/li>\n<li data-tr-ingredient-checkbox=\"\"><span class=\"tr-ingredient-checkbox-container\"><input type=\"checkbox\" name=\"ingredient_checkbox_69f460db91c9d\" id=\"ingredient_checkbox_69f460db91c9d\" aria-label=\"150g de beurre v\u00e9g\u00e9tal ramolli\"><label for=\"ingredient_checkbox_69f460db91c9d\"><\/label><\/span><span data-amount=\"150\" data-unit=\"g\">150g<\/span> de beurre v\u00e9g\u00e9tal ramolli<\/li>\n<li data-tr-ingredient-checkbox=\"\"><span class=\"tr-ingredient-checkbox-container\"><input type=\"checkbox\" name=\"ingredient_checkbox_69f460db91ca6\" id=\"ingredient_checkbox_69f460db91ca6\" aria-label=\"1g de safran\"><label for=\"ingredient_checkbox_69f460db91ca6\"><\/label><\/span><span data-amount=\"1\" data-unit=\"g\">1g<\/span> de safran<\/li>\n<li data-tr-ingredient-checkbox=\"\"><span class=\"tr-ingredient-checkbox-container\"><input type=\"checkbox\" name=\"ingredient_checkbox_69f460db91caf\" id=\"ingredient_checkbox_69f460db91caf\" aria-label=\"1 morceau de sucre\"><label for=\"ingredient_checkbox_69f460db91caf\"><\/label><\/span><span data-amount=\"1\">1<\/span> morceau de sucre<\/li>\n<li data-tr-ingredient-checkbox=\"\"><span class=\"tr-ingredient-checkbox-container\"><input type=\"checkbox\" name=\"ingredient_checkbox_69f460db91cb8\" id=\"ingredient_checkbox_69f460db91cb8\" aria-label=\"1 cuil. \u00e0 soupe de rhum (ou autre liqueur)\"><label for=\"ingredient_checkbox_69f460db91cb8\"><\/label><\/span><span data-amount=\"1\">1<\/span> cuil. \u00e0 soupe de rhum (ou autre liqueur)<\/li>\n<li data-tr-ingredient-checkbox=\"\"><span class=\"tr-ingredient-checkbox-container\"><input type=\"checkbox\" name=\"ingredient_checkbox_69f460db91cc0\" id=\"ingredient_checkbox_69f460db91cc0\" aria-label=\"750g de faisselle sans lactose**\"><label for=\"ingredient_checkbox_69f460db91cc0\"><\/label><\/span><span data-amount=\"750\" data-unit=\"g\">750g<\/span> de faisselle sans lactose**<\/li>\n<li data-tr-ingredient-checkbox=\"\"><span class=\"tr-ingredient-checkbox-container\"><input type=\"checkbox\" name=\"ingredient_checkbox_69f460db91cc9\" id=\"ingredient_checkbox_69f460db91cc9\" aria-label=\"135g de sucre granul\u00e9\"><label for=\"ingredient_checkbox_69f460db91cc9\"><\/label><\/span><span data-amount=\"135\" data-unit=\"g\">135g<\/span> de sucre granul\u00e9<\/li>\n<li data-tr-ingredient-checkbox=\"\"><span class=\"tr-ingredient-checkbox-container\"><input type=\"checkbox\" name=\"ingredient_checkbox_69f460db91cd1\" id=\"ingredient_checkbox_69f460db91cd1\" aria-label=\"6 gros oeufs\"><label for=\"ingredient_checkbox_69f460db91cd1\"><\/label><\/span><span data-amount=\"6\">6<\/span> gros oeufs<\/li>\n<li data-tr-ingredient-checkbox=\"\"><span class=\"tr-ingredient-checkbox-container\"><input type=\"checkbox\" name=\"ingredient_checkbox_69f460db91cda\" id=\"ingredient_checkbox_69f460db91cda\" aria-label=\"100g de fruits rouges de votre choix\"><label for=\"ingredient_checkbox_69f460db91cda\"><\/label><\/span><span data-amount=\"100\" data-unit=\"g\">100g<\/span> de fruits rouges de votre choix<\/li>\n<li data-tr-ingredient-checkbox=\"\"><span class=\"tr-ingredient-checkbox-container\"><input type=\"checkbox\" name=\"ingredient_checkbox_69f460db91ce3\" id=\"ingredient_checkbox_69f460db91ce3\" aria-label=\"4 feuilles de menthe fra\u00eeche\"><label for=\"ingredient_checkbox_69f460db91ce3\"><\/label><\/span><span data-amount=\"4\">4<\/span> feuilles de menthe fra\u00eeche<\/li>\n<\/ul>\n<p><!--INSIDE_INGREDIENTS--><\/p>\n            <\/div>\r\n            <div class=\"tasty-recipes-cook-mode\">\n\t<div class=\"tasty-recipes-cook-mode__container\">\n\t\t<label class=\"tasty-recipes-cook-mode__switch\">\n\t\t\t<input type=\"checkbox\" id=\"tasty_recipes_69f460db93154_cookmode\">\n\t\t\t<span class=\"tasty-recipes-cook-mode__switch-slider tasty-recipes-cook-mode__switch-round\"\n\t\t\t\tdata-tasty-recipes-customization=\"button-color.background button-text-color.color\"><\/span>\n\t\t<\/label>\n\t\t<label for=\"tasty_recipes_69f460db93154_cookmode\">\n\t\t\t<span class=\"tasty-recipes-cook-mode__label\">Cook Mode<\/span>\n\t\t\t<span class=\"tasty-recipes-cook-mode__helper\">\n\t\t\t\tPrevent your screen from going dark\t\t\t<\/span>\n\t\t<\/label>\n\t<\/div>\n<\/div>\n        <\/div>\r\n    \r\n            <div class=\"tasty-recipes-instructions\">\r\n            <div class=\"tasty-recipes-instructions-header\">\r\n                <h3>Instructions<\/h3>\r\n                            <\/div>\r\n            <div class=\"tasty-recipes-instructions-body\">\r\n                <ol class=\"is-style-circles\">\n<li id=\"instruction-step-1\">Faire fondre les biscuits au gingembre dans un mixer en quelques petits \u00e0 coups de mani\u00e8re \u00e0 obtenir une consistence granuleuse. Incorporer le beurre v\u00e9g\u00e9tal ramolli et m\u00e9langer.<\/li>\n<li id=\"instruction-step-2\">Tapisser le fond d&#8217;un moule \u00e0 g\u00e2teau de 26 cm de diam\u00e8tre\u00a0\u00e0 bords amovibles de ce crumble de biscuits au gingembre en applantissant bien le fond, et laisser reposer au r\u00e9frig\u00e9rateur pendant 30 minutes.<\/li>\n<li id=\"instruction-step-3\">Dissoudre le safran avec le morceau de sucre dans le rhum.<\/li>\n<li id=\"instruction-step-4\">Dans un grand saladier, m\u00e9langer ensemble le cottage cheese sans lactose, le saffran dissout avec le sucre granul\u00e9. Battre les oeufs et les ajouter un \u00e0 un, en m\u00e9langeant vigoureusement apr\u00e8s chaque ajout.<\/li>\n<li id=\"instruction-step-5\">M\u00e9langer la p\u00e2te au mixeur pendant 2 \u00e0 3 minutes afin de dissoudre tous les grumeaux provenant de la consistence du\u00a0cottage cheese.<\/li>\n<li id=\"instruction-step-6\">Pr\u00e9chauffer le four \u00e0 200\u00b0C. Verser la pr\u00e9paration cr\u00e9meuse au safran par dessus le fond de biscuits au gingembre et enfourner pendant 30 minutes. Laisser refroidir compl\u00e8tement puis r\u00e9server au r\u00e9frig\u00e9rateur pendant minimum 2 heures avant de servir. Au dernier moment, d\u00e9corer avec des baies rouges et quelques feuilles de menthe fra\u00eeche.<\/li>\n<\/ol>\n            <\/div>\r\n        <\/div>\r\n    \r\n    \r\n    \r\n            <div class=\"tasty-recipes-notes notop nobot\">\r\n            <h3>Notes<\/h3>\r\n            <div class=\"tasty-recipes-notes-body\">\r\n                <p>* Une option consiste \u00e0 les remplacer par des Speculoos du m\u00eame type.<\/p>\n<p>** Vous pouvez trouver de la faisselle sans lactose sous l&#8217;appellation &#8220;cottage cheese sans lactose&#8221; ou bien encore &#8220;fromage frais sans lactose&#8221; type Philadelphia. Si vous utilisez du Philadelphia sans lactose, vous pouvez sauter l&#8217;\u00e9tape 5 de la m\u00e9thode de pr\u00e9paration.<\/p>\n            <\/div>\r\n        <\/div>\r\n    \r\n    \r\n    \r\n    \r\n    \r\n    <\/div>\r\n\r\n\r\n\r\n<div class=\"postcats\">\r\n\t<a href=\"https:\/\/www.delscookingtwist.com\/fr\/ingredient-fr\/fromage\/\">Fromage<\/a>, <a href=\"https:\/\/www.delscookingtwist.com\/fr\/categorie\/recettes\/les-desserts\/gateaux\/\">G\u00e2teaux<\/a>, <a href=\"https:\/\/www.delscookingtwist.com\/fr\/saison\/hiver\/\">Hiver<\/a>, <a href=\"https:\/\/www.delscookingtwist.com\/fr\/occasion-fr\/noel\/\">No\u00ebl<\/a>, <a href=\"https:\/\/www.delscookingtwist.com\/fr\/regime\/sans-lactose\/\">Sans lactose<\/a><\/div>\r\n\r\n<div class=\"contentbox contentbox-lightpink notop nobot\">\r\n        <h2>Avez-vous r\u00e9alis\u00e9 cette recette ?<\/h2>\r\n        <p>Enfin, si vous r\u00e9alisez cette Cheesecake au safran sans lactose, merci de me laisser un petit commentaire et\/ou de noter la recette. Et bien s\u00fbr, n\u2019oubliez pas de me taguer sur <a href=\"https:\/\/instagram.com\/delscookingtwist\/\" target=\"_blank\">Instagram<\/a>, j\u2019adore voir vos r\u00e9alisations. Bon app\u00e9tit !<\/p>\n<\/div>\r\n\r\n<\/div>\n<p style=\"text-align: justify;\"><img decoding=\"async\" class=\"aligncenter size-full wp-image-25631\" src=\"https:\/\/www.delscookingtwist.com\/wp-content\/uploads\/2015\/01\/Saffron-Cheesecake1.jpg\" alt=\"Lactose Free Saffron Cheesecake\" width=\"640\" height=\"640\" srcset=\"https:\/\/www.delscookingtwist.com\/wp-content\/uploads\/2015\/01\/Saffron-Cheesecake1.jpg 640w, https:\/\/www.delscookingtwist.com\/wp-content\/uploads\/2015\/01\/Saffron-Cheesecake1-320x320.jpg 320w, https:\/\/www.delscookingtwist.com\/wp-content\/uploads\/2015\/01\/Saffron-Cheesecake1-300x300.jpg 300w\" sizes=\"(max-width: 680px) calc(100vw - 40px), 640px\" \/><\/p>\n","protected":false},"excerpt":{"rendered":"<p>Une combinaison de saveurs qui ravira vos papilles pour une recette qui a pour atout d&#8217;\u00eatre extr\u00eamement simple \u00e0 r\u00e9aliser. Pr\u00e9parez-vous \u00e0 tomber amoureux de ce dessert ! Me voici enfin de retour apr\u00e8s un formidable s\u00e9jour en Laponie au dessus du cercle polaire entre la Su\u00e8de et la Norv\u00e8ge pour c\u00e9l\u00e9brer la nouvelle ann\u00e9e [&hellip;]<\/p>\n","protected":false},"author":1,"featured_media":25628,"comment_status":"open","ping_status":"open","sticky":false,"template":"","format":"standard","meta":{"_acf_changed":false,"_monsterinsights_skip_tracking":false,"_monsterinsights_sitenote_active":false,"_monsterinsights_sitenote_note":"","_monsterinsights_sitenote_category":0,"footnotes":""},"categories":[41348],"tags":[],"del_style":[],"del_diet":[41358],"del_seasonal":[41368],"del_occasion":[41371],"del_ingredient":[41380],"class_list":["post-29097","post","type-post","status-publish","format-standard","has-post-thumbnail","hentry","category-gateaux","del_diet-sans-lactose","del_seasonal-hiver","del_occasion-noel","del_ingredient-fromage"],"acf":[],"yoast_head":"<!-- This site is optimized with the Yoast SEO Premium plugin v27.4 (Yoast SEO v27.4) - https:\/\/yoast.com\/product\/yoast-seo-premium-wordpress\/ -->\n<title>Cheesecake au safran sans lactose - Del&#039;s cooking twist<\/title>\n<meta name=\"description\" content=\"Subtile et \u00e9l\u00e9gant, ce cheesecake au safran est traditionnellement servi au moment des f\u00eates de No\u00ebl en Su\u00e8de. Retrouvez-le ici dans une version sans lactose.\" \/>\n<meta name=\"robots\" content=\"index, follow, max-snippet:-1, max-image-preview:large, max-video-preview:-1\" \/>\n<link rel=\"canonical\" href=\"https:\/\/www.delscookingtwist.com\/fr\/cheesecake-au-safran-sans-lactose\/\" \/>\n<meta property=\"og:locale\" content=\"fr_FR\" \/>\n<meta property=\"og:type\" content=\"article\" \/>\n<meta property=\"og:title\" content=\"Cheesecake au safran sans lactose\" \/>\n<meta property=\"og:description\" content=\"Subtile et \u00e9l\u00e9gant, ce cheesecake au safran est traditionnellement servi au moment des f\u00eates de No\u00ebl en Su\u00e8de. Retrouvez-le ici dans une version sans lactose.\" \/>\n<meta property=\"og:url\" content=\"https:\/\/www.delscookingtwist.com\/fr\/cheesecake-au-safran-sans-lactose\/\" \/>\n<meta property=\"og:site_name\" content=\"Del&#039;s cooking twist\" \/>\n<meta property=\"article:publisher\" content=\"https:\/\/www.facebook.com\/pages\/Dels-cooking-twist\/158928514282620\" \/>\n<meta property=\"article:published_time\" content=\"2015-01-07T19:25:45+00:00\" \/>\n<meta property=\"article:modified_time\" content=\"2021-05-29T03:43:30+00:00\" \/>\n<meta property=\"og:image\" content=\"https:\/\/www.delscookingtwist.com\/wp-content\/uploads\/2015\/01\/Saffron-Cheesecake3.jpg\" \/>\n\t<meta property=\"og:image:width\" content=\"1200\" \/>\n\t<meta property=\"og:image:height\" content=\"825\" \/>\n\t<meta property=\"og:image:type\" content=\"image\/jpeg\" \/>\n<meta name=\"author\" content=\"Delphine Fortin\" \/>\n<meta name=\"twitter:card\" content=\"summary_large_image\" \/>\n<meta name=\"twitter:creator\" content=\"@delstwist\" \/>\n<meta name=\"twitter:site\" content=\"@delstwist\" \/>\n<meta name=\"twitter:label1\" content=\"\u00c9crit par\" \/>\n\t<meta name=\"twitter:data1\" content=\"Delphine Fortin\" \/>\n\t<meta name=\"twitter:label2\" content=\"Dur\u00e9e de lecture estim\u00e9e\" \/>\n\t<meta name=\"twitter:data2\" content=\"3 minutes\" \/>\n<script type=\"application\/ld+json\" class=\"yoast-schema-graph\">{\"@context\":\"https:\\\/\\\/schema.org\",\"@graph\":[{\"@type\":\"Article\",\"@id\":\"https:\\\/\\\/www.delscookingtwist.com\\\/fr\\\/cheesecake-au-safran-sans-lactose\\\/#article\",\"isPartOf\":{\"@id\":\"https:\\\/\\\/www.delscookingtwist.com\\\/fr\\\/cheesecake-au-safran-sans-lactose\\\/\"},\"author\":{\"name\":\"Delphine Fortin\",\"@id\":\"https:\\\/\\\/www.delscookingtwist.com\\\/fr\\\/#\\\/schema\\\/person\\\/3e4febf518c8a60ed3c5ada91c175c91\"},\"headline\":\"Cheesecake au safran sans lactose\",\"datePublished\":\"2015-01-07T19:25:45+00:00\",\"dateModified\":\"2021-05-29T03:43:30+00:00\",\"mainEntityOfPage\":{\"@id\":\"https:\\\/\\\/www.delscookingtwist.com\\\/fr\\\/cheesecake-au-safran-sans-lactose\\\/\"},\"wordCount\":580,\"commentCount\":0,\"publisher\":{\"@id\":\"https:\\\/\\\/www.delscookingtwist.com\\\/fr\\\/#organization\"},\"image\":{\"@id\":\"https:\\\/\\\/www.delscookingtwist.com\\\/fr\\\/cheesecake-au-safran-sans-lactose\\\/#primaryimage\"},\"thumbnailUrl\":\"https:\\\/\\\/www.delscookingtwist.com\\\/wp-content\\\/uploads\\\/2015\\\/01\\\/Saffron-Cheesecake3.jpg\",\"articleSection\":[\"G\u00e2teaux\"],\"inLanguage\":\"fr-FR\",\"potentialAction\":[{\"@type\":\"CommentAction\",\"name\":\"Comment\",\"target\":[\"https:\\\/\\\/www.delscookingtwist.com\\\/fr\\\/cheesecake-au-safran-sans-lactose\\\/#respond\"]}]},{\"@type\":\"WebPage\",\"@id\":\"https:\\\/\\\/www.delscookingtwist.com\\\/fr\\\/cheesecake-au-safran-sans-lactose\\\/\",\"url\":\"https:\\\/\\\/www.delscookingtwist.com\\\/fr\\\/cheesecake-au-safran-sans-lactose\\\/\",\"name\":\"Cheesecake au safran sans lactose - Del&#039;s cooking twist\",\"isPartOf\":{\"@id\":\"https:\\\/\\\/www.delscookingtwist.com\\\/fr\\\/#website\"},\"primaryImageOfPage\":{\"@id\":\"https:\\\/\\\/www.delscookingtwist.com\\\/fr\\\/cheesecake-au-safran-sans-lactose\\\/#primaryimage\"},\"image\":{\"@id\":\"https:\\\/\\\/www.delscookingtwist.com\\\/fr\\\/cheesecake-au-safran-sans-lactose\\\/#primaryimage\"},\"thumbnailUrl\":\"https:\\\/\\\/www.delscookingtwist.com\\\/wp-content\\\/uploads\\\/2015\\\/01\\\/Saffron-Cheesecake3.jpg\",\"datePublished\":\"2015-01-07T19:25:45+00:00\",\"dateModified\":\"2021-05-29T03:43:30+00:00\",\"description\":\"Subtile et \u00e9l\u00e9gant, ce cheesecake au safran est traditionnellement servi au moment des f\u00eates de No\u00ebl en Su\u00e8de. Retrouvez-le ici dans une version sans lactose.\",\"breadcrumb\":{\"@id\":\"https:\\\/\\\/www.delscookingtwist.com\\\/fr\\\/cheesecake-au-safran-sans-lactose\\\/#breadcrumb\"},\"inLanguage\":\"fr-FR\",\"potentialAction\":[{\"@type\":\"ReadAction\",\"target\":[\"https:\\\/\\\/www.delscookingtwist.com\\\/fr\\\/cheesecake-au-safran-sans-lactose\\\/\"]}]},{\"@type\":\"ImageObject\",\"inLanguage\":\"fr-FR\",\"@id\":\"https:\\\/\\\/www.delscookingtwist.com\\\/fr\\\/cheesecake-au-safran-sans-lactose\\\/#primaryimage\",\"url\":\"https:\\\/\\\/www.delscookingtwist.com\\\/wp-content\\\/uploads\\\/2015\\\/01\\\/Saffron-Cheesecake3.jpg\",\"contentUrl\":\"https:\\\/\\\/www.delscookingtwist.com\\\/wp-content\\\/uploads\\\/2015\\\/01\\\/Saffron-Cheesecake3.jpg\",\"width\":1200,\"height\":825},{\"@type\":\"BreadcrumbList\",\"@id\":\"https:\\\/\\\/www.delscookingtwist.com\\\/fr\\\/cheesecake-au-safran-sans-lactose\\\/#breadcrumb\",\"itemListElement\":[{\"@type\":\"ListItem\",\"position\":1,\"name\":\"Accueil\",\"item\":\"https:\\\/\\\/www.delscookingtwist.com\\\/fr\\\/\"},{\"@type\":\"ListItem\",\"position\":2,\"name\":\"Recipes\",\"item\":\"https:\\\/\\\/www.delscookingtwist.com\\\/recipe-index\\\/\"},{\"@type\":\"ListItem\",\"position\":3,\"name\":\"Desserts\",\"item\":\"https:\\\/\\\/www.delscookingtwist.com\\\/fr\\\/categorie\\\/recettes\\\/les-desserts\\\/\"},{\"@type\":\"ListItem\",\"position\":4,\"name\":\"G\u00e2teaux\",\"item\":\"https:\\\/\\\/www.delscookingtwist.com\\\/fr\\\/categorie\\\/recettes\\\/les-desserts\\\/gateaux\\\/\"},{\"@type\":\"ListItem\",\"position\":5,\"name\":\"Cheesecake au safran sans lactose\"}]},{\"@type\":\"WebSite\",\"@id\":\"https:\\\/\\\/www.delscookingtwist.com\\\/fr\\\/#website\",\"url\":\"https:\\\/\\\/www.delscookingtwist.com\\\/fr\\\/\",\"name\":\"Del&#039;s cooking twist\",\"description\":\"Plant-based | Wholesome | Organic\",\"publisher\":{\"@id\":\"https:\\\/\\\/www.delscookingtwist.com\\\/fr\\\/#organization\"},\"potentialAction\":[{\"@type\":\"SearchAction\",\"target\":{\"@type\":\"EntryPoint\",\"urlTemplate\":\"https:\\\/\\\/www.delscookingtwist.com\\\/fr\\\/?s={search_term_string}\"},\"query-input\":{\"@type\":\"PropertyValueSpecification\",\"valueRequired\":true,\"valueName\":\"search_term_string\"}}],\"inLanguage\":\"fr-FR\"},{\"@type\":\"Organization\",\"@id\":\"https:\\\/\\\/www.delscookingtwist.com\\\/fr\\\/#organization\",\"name\":\"Del's cooking twist\",\"url\":\"https:\\\/\\\/www.delscookingtwist.com\\\/fr\\\/\",\"logo\":{\"@type\":\"ImageObject\",\"inLanguage\":\"fr-FR\",\"@id\":\"https:\\\/\\\/www.delscookingtwist.com\\\/fr\\\/#\\\/schema\\\/logo\\\/image\\\/\",\"url\":\"https:\\\/\\\/www.delscookingtwist.com\\\/wp-content\\\/uploads\\\/2021\\\/04\\\/Del_sCookingTwist-1200x1200-1.png\",\"contentUrl\":\"https:\\\/\\\/www.delscookingtwist.com\\\/wp-content\\\/uploads\\\/2021\\\/04\\\/Del_sCookingTwist-1200x1200-1.png\",\"width\":1200,\"height\":1200,\"caption\":\"Del's cooking twist\"},\"image\":{\"@id\":\"https:\\\/\\\/www.delscookingtwist.com\\\/fr\\\/#\\\/schema\\\/logo\\\/image\\\/\"},\"sameAs\":[\"https:\\\/\\\/www.facebook.com\\\/pages\\\/Dels-cooking-twist\\\/158928514282620\",\"https:\\\/\\\/x.com\\\/delstwist\",\"https:\\\/\\\/instagram.com\\\/delscookingtwist\",\"https:\\\/\\\/www.linkedin.com\\\/company\\\/15256060\\\/\",\"https:\\\/\\\/www.pinterest.com\\\/delstwist\\\/\",\"https:\\\/\\\/www.youtube.com\\\/channel\\\/UCX4VXKZduK2vq8vYIe4IxwQ\"]},{\"@type\":\"Person\",\"@id\":\"https:\\\/\\\/www.delscookingtwist.com\\\/fr\\\/#\\\/schema\\\/person\\\/3e4febf518c8a60ed3c5ada91c175c91\",\"name\":\"Delphine Fortin\",\"image\":{\"@type\":\"ImageObject\",\"inLanguage\":\"fr-FR\",\"@id\":\"https:\\\/\\\/secure.gravatar.com\\\/avatar\\\/5f92ca31747492f2cc54e3357d21beb304e04824c6ba020a3c6e892130f111ee?s=96&d=mm&r=g\",\"url\":\"https:\\\/\\\/secure.gravatar.com\\\/avatar\\\/5f92ca31747492f2cc54e3357d21beb304e04824c6ba020a3c6e892130f111ee?s=96&d=mm&r=g\",\"contentUrl\":\"https:\\\/\\\/secure.gravatar.com\\\/avatar\\\/5f92ca31747492f2cc54e3357d21beb304e04824c6ba020a3c6e892130f111ee?s=96&d=mm&r=g\",\"caption\":\"Delphine Fortin\"},\"description\":\"Hi! I'm a French girl living in Sweden. I have loved cooking, baking and creating new recipes ever since I was young. I love my treats sweet or salty, depending on my mood, but they have to be delicious with a possibly \\\"twist\\\", my personal touch actually. That's why I finally came to the point that I somehow had to share my recipes with you and try out to teach you this little cooking twist which is mine. Whatever the recipe, there is two things you have to think about when you're cooking: use the true ingredients (no sweeteners or light products, never ever) and think fresh (no frozen ingredients). Here is the best way to eat healthy! I also love travelling and try to get inspiration from other cultures, that's why I want to tips you about the best places to eat in Paris, Stockholm, or every other places I tried and loved! Hope you will like my recipes (but fore sure you will) and give me back 'your' personal twist then!\",\"sameAs\":[\"https:\\\/\\\/www.delscookingtwist.com\\\/about-me\\\/\"],\"url\":\"https:\\\/\\\/www.delscookingtwist.com\\\/fr\\\/author\\\/del\\\/\"}]}<\/script>\n<!-- \/ Yoast SEO Premium plugin. -->","yoast_head_json":{"title":"Cheesecake au safran sans lactose - Del&#039;s cooking twist","description":"Subtile et \u00e9l\u00e9gant, ce cheesecake au safran est traditionnellement servi au moment des f\u00eates de No\u00ebl en Su\u00e8de. Retrouvez-le ici dans une version sans lactose.","robots":{"index":"index","follow":"follow","max-snippet":"max-snippet:-1","max-image-preview":"max-image-preview:large","max-video-preview":"max-video-preview:-1"},"canonical":"https:\/\/www.delscookingtwist.com\/fr\/cheesecake-au-safran-sans-lactose\/","og_locale":"fr_FR","og_type":"article","og_title":"Cheesecake au safran sans lactose","og_description":"Subtile et \u00e9l\u00e9gant, ce cheesecake au safran est traditionnellement servi au moment des f\u00eates de No\u00ebl en Su\u00e8de. Retrouvez-le ici dans une version sans lactose.","og_url":"https:\/\/www.delscookingtwist.com\/fr\/cheesecake-au-safran-sans-lactose\/","og_site_name":"Del&#039;s cooking twist","article_publisher":"https:\/\/www.facebook.com\/pages\/Dels-cooking-twist\/158928514282620","article_published_time":"2015-01-07T19:25:45+00:00","article_modified_time":"2021-05-29T03:43:30+00:00","og_image":[{"width":1200,"height":825,"url":"https:\/\/www.delscookingtwist.com\/wp-content\/uploads\/2015\/01\/Saffron-Cheesecake3.jpg","type":"image\/jpeg"}],"author":"Delphine Fortin","twitter_card":"summary_large_image","twitter_creator":"@delstwist","twitter_site":"@delstwist","twitter_misc":{"\u00c9crit par":"Delphine Fortin","Dur\u00e9e de lecture estim\u00e9e":"3 minutes"},"schema":{"@context":"https:\/\/schema.org","@graph":[{"@type":"Article","@id":"https:\/\/www.delscookingtwist.com\/fr\/cheesecake-au-safran-sans-lactose\/#article","isPartOf":{"@id":"https:\/\/www.delscookingtwist.com\/fr\/cheesecake-au-safran-sans-lactose\/"},"author":{"name":"Delphine Fortin","@id":"https:\/\/www.delscookingtwist.com\/fr\/#\/schema\/person\/3e4febf518c8a60ed3c5ada91c175c91"},"headline":"Cheesecake au safran sans lactose","datePublished":"2015-01-07T19:25:45+00:00","dateModified":"2021-05-29T03:43:30+00:00","mainEntityOfPage":{"@id":"https:\/\/www.delscookingtwist.com\/fr\/cheesecake-au-safran-sans-lactose\/"},"wordCount":580,"commentCount":0,"publisher":{"@id":"https:\/\/www.delscookingtwist.com\/fr\/#organization"},"image":{"@id":"https:\/\/www.delscookingtwist.com\/fr\/cheesecake-au-safran-sans-lactose\/#primaryimage"},"thumbnailUrl":"https:\/\/www.delscookingtwist.com\/wp-content\/uploads\/2015\/01\/Saffron-Cheesecake3.jpg","articleSection":["G\u00e2teaux"],"inLanguage":"fr-FR","potentialAction":[{"@type":"CommentAction","name":"Comment","target":["https:\/\/www.delscookingtwist.com\/fr\/cheesecake-au-safran-sans-lactose\/#respond"]}]},{"@type":"WebPage","@id":"https:\/\/www.delscookingtwist.com\/fr\/cheesecake-au-safran-sans-lactose\/","url":"https:\/\/www.delscookingtwist.com\/fr\/cheesecake-au-safran-sans-lactose\/","name":"Cheesecake au safran sans lactose - Del&#039;s cooking twist","isPartOf":{"@id":"https:\/\/www.delscookingtwist.com\/fr\/#website"},"primaryImageOfPage":{"@id":"https:\/\/www.delscookingtwist.com\/fr\/cheesecake-au-safran-sans-lactose\/#primaryimage"},"image":{"@id":"https:\/\/www.delscookingtwist.com\/fr\/cheesecake-au-safran-sans-lactose\/#primaryimage"},"thumbnailUrl":"https:\/\/www.delscookingtwist.com\/wp-content\/uploads\/2015\/01\/Saffron-Cheesecake3.jpg","datePublished":"2015-01-07T19:25:45+00:00","dateModified":"2021-05-29T03:43:30+00:00","description":"Subtile et \u00e9l\u00e9gant, ce cheesecake au safran est traditionnellement servi au moment des f\u00eates de No\u00ebl en Su\u00e8de. Retrouvez-le ici dans une version sans lactose.","breadcrumb":{"@id":"https:\/\/www.delscookingtwist.com\/fr\/cheesecake-au-safran-sans-lactose\/#breadcrumb"},"inLanguage":"fr-FR","potentialAction":[{"@type":"ReadAction","target":["https:\/\/www.delscookingtwist.com\/fr\/cheesecake-au-safran-sans-lactose\/"]}]},{"@type":"ImageObject","inLanguage":"fr-FR","@id":"https:\/\/www.delscookingtwist.com\/fr\/cheesecake-au-safran-sans-lactose\/#primaryimage","url":"https:\/\/www.delscookingtwist.com\/wp-content\/uploads\/2015\/01\/Saffron-Cheesecake3.jpg","contentUrl":"https:\/\/www.delscookingtwist.com\/wp-content\/uploads\/2015\/01\/Saffron-Cheesecake3.jpg","width":1200,"height":825},{"@type":"BreadcrumbList","@id":"https:\/\/www.delscookingtwist.com\/fr\/cheesecake-au-safran-sans-lactose\/#breadcrumb","itemListElement":[{"@type":"ListItem","position":1,"name":"Accueil","item":"https:\/\/www.delscookingtwist.com\/fr\/"},{"@type":"ListItem","position":2,"name":"Recipes","item":"https:\/\/www.delscookingtwist.com\/recipe-index\/"},{"@type":"ListItem","position":3,"name":"Desserts","item":"https:\/\/www.delscookingtwist.com\/fr\/categorie\/recettes\/les-desserts\/"},{"@type":"ListItem","position":4,"name":"G\u00e2teaux","item":"https:\/\/www.delscookingtwist.com\/fr\/categorie\/recettes\/les-desserts\/gateaux\/"},{"@type":"ListItem","position":5,"name":"Cheesecake au safran sans lactose"}]},{"@type":"WebSite","@id":"https:\/\/www.delscookingtwist.com\/fr\/#website","url":"https:\/\/www.delscookingtwist.com\/fr\/","name":"Del&#039;s cooking twist","description":"Plant-based | Wholesome | Organic","publisher":{"@id":"https:\/\/www.delscookingtwist.com\/fr\/#organization"},"potentialAction":[{"@type":"SearchAction","target":{"@type":"EntryPoint","urlTemplate":"https:\/\/www.delscookingtwist.com\/fr\/?s={search_term_string}"},"query-input":{"@type":"PropertyValueSpecification","valueRequired":true,"valueName":"search_term_string"}}],"inLanguage":"fr-FR"},{"@type":"Organization","@id":"https:\/\/www.delscookingtwist.com\/fr\/#organization","name":"Del's cooking twist","url":"https:\/\/www.delscookingtwist.com\/fr\/","logo":{"@type":"ImageObject","inLanguage":"fr-FR","@id":"https:\/\/www.delscookingtwist.com\/fr\/#\/schema\/logo\/image\/","url":"https:\/\/www.delscookingtwist.com\/wp-content\/uploads\/2021\/04\/Del_sCookingTwist-1200x1200-1.png","contentUrl":"https:\/\/www.delscookingtwist.com\/wp-content\/uploads\/2021\/04\/Del_sCookingTwist-1200x1200-1.png","width":1200,"height":1200,"caption":"Del's cooking twist"},"image":{"@id":"https:\/\/www.delscookingtwist.com\/fr\/#\/schema\/logo\/image\/"},"sameAs":["https:\/\/www.facebook.com\/pages\/Dels-cooking-twist\/158928514282620","https:\/\/x.com\/delstwist","https:\/\/instagram.com\/delscookingtwist","https:\/\/www.linkedin.com\/company\/15256060\/","https:\/\/www.pinterest.com\/delstwist\/","https:\/\/www.youtube.com\/channel\/UCX4VXKZduK2vq8vYIe4IxwQ"]},{"@type":"Person","@id":"https:\/\/www.delscookingtwist.com\/fr\/#\/schema\/person\/3e4febf518c8a60ed3c5ada91c175c91","name":"Delphine Fortin","image":{"@type":"ImageObject","inLanguage":"fr-FR","@id":"https:\/\/secure.gravatar.com\/avatar\/5f92ca31747492f2cc54e3357d21beb304e04824c6ba020a3c6e892130f111ee?s=96&d=mm&r=g","url":"https:\/\/secure.gravatar.com\/avatar\/5f92ca31747492f2cc54e3357d21beb304e04824c6ba020a3c6e892130f111ee?s=96&d=mm&r=g","contentUrl":"https:\/\/secure.gravatar.com\/avatar\/5f92ca31747492f2cc54e3357d21beb304e04824c6ba020a3c6e892130f111ee?s=96&d=mm&r=g","caption":"Delphine Fortin"},"description":"Hi! I'm a French girl living in Sweden. I have loved cooking, baking and creating new recipes ever since I was young. I love my treats sweet or salty, depending on my mood, but they have to be delicious with a possibly \"twist\", my personal touch actually. That's why I finally came to the point that I somehow had to share my recipes with you and try out to teach you this little cooking twist which is mine. Whatever the recipe, there is two things you have to think about when you're cooking: use the true ingredients (no sweeteners or light products, never ever) and think fresh (no frozen ingredients). Here is the best way to eat healthy! I also love travelling and try to get inspiration from other cultures, that's why I want to tips you about the best places to eat in Paris, Stockholm, or every other places I tried and loved! Hope you will like my recipes (but fore sure you will) and give me back 'your' personal twist then!","sameAs":["https:\/\/www.delscookingtwist.com\/about-me\/"],"url":"https:\/\/www.delscookingtwist.com\/fr\/author\/del\/"}]}},"_links":{"self":[{"href":"https:\/\/www.delscookingtwist.com\/fr\/wp-json\/wp\/v2\/posts\/29097","targetHints":{"allow":["GET"]}}],"collection":[{"href":"https:\/\/www.delscookingtwist.com\/fr\/wp-json\/wp\/v2\/posts"}],"about":[{"href":"https:\/\/www.delscookingtwist.com\/fr\/wp-json\/wp\/v2\/types\/post"}],"author":[{"embeddable":true,"href":"https:\/\/www.delscookingtwist.com\/fr\/wp-json\/wp\/v2\/users\/1"}],"replies":[{"embeddable":true,"href":"https:\/\/www.delscookingtwist.com\/fr\/wp-json\/wp\/v2\/comments?post=29097"}],"version-history":[{"count":0,"href":"https:\/\/www.delscookingtwist.com\/fr\/wp-json\/wp\/v2\/posts\/29097\/revisions"}],"wp:featuredmedia":[{"embeddable":true,"href":"https:\/\/www.delscookingtwist.com\/fr\/wp-json\/wp\/v2\/media\/25628"}],"wp:attachment":[{"href":"https:\/\/www.delscookingtwist.com\/fr\/wp-json\/wp\/v2\/media?parent=29097"}],"wp:term":[{"taxonomy":"category","embeddable":true,"href":"https:\/\/www.delscookingtwist.com\/fr\/wp-json\/wp\/v2\/categories?post=29097"},{"taxonomy":"post_tag","embeddable":true,"href":"https:\/\/www.delscookingtwist.com\/fr\/wp-json\/wp\/v2\/tags?post=29097"},{"taxonomy":"del_style","embeddable":true,"href":"https:\/\/www.delscookingtwist.com\/fr\/wp-json\/wp\/v2\/del_style?post=29097"},{"taxonomy":"del_diet","embeddable":true,"href":"https:\/\/www.delscookingtwist.com\/fr\/wp-json\/wp\/v2\/del_diet?post=29097"},{"taxonomy":"del_seasonal","embeddable":true,"href":"https:\/\/www.delscookingtwist.com\/fr\/wp-json\/wp\/v2\/del_seasonal?post=29097"},{"taxonomy":"del_occasion","embeddable":true,"href":"https:\/\/www.delscookingtwist.com\/fr\/wp-json\/wp\/v2\/del_occasion?post=29097"},{"taxonomy":"del_ingredient","embeddable":true,"href":"https:\/\/www.delscookingtwist.com\/fr\/wp-json\/wp\/v2\/del_ingredient?post=29097"}],"curies":[{"name":"wp","href":"https:\/\/api.w.org\/{rel}","templated":true}]}}