{"id":29019,"date":"2014-05-07T17:00:33","date_gmt":"2014-05-08T00:00:33","guid":{"rendered":"http:\/\/www.delscookingtwist.com\/2014\/05\/07\/layer-cake-au-the-matcha-et-a-la-vanille\/"},"modified":"2021-05-28T20:47:38","modified_gmt":"2021-05-29T03:47:38","slug":"layer-cake-au-the-matcha-et-a-la-vanille","status":"publish","type":"post","link":"https:\/\/www.delscookingtwist.com\/fr\/layer-cake-au-the-matcha-et-a-la-vanille\/","title":{"rendered":"Layer cake au th\u00e9 matcha et \u00e0 la vanille"},"content":{"rendered":"<p style=\"text-align: justify;\"><em>Ce superbe layer cake aux saveurs vanill\u00e9es et th\u00e9 matcha sera parfait pour une grande occasion !<\/em><\/p>\n<p style=\"text-align: justify;\"><img decoding=\"async\" class=\"aligncenter size-full wp-image-25723\" src=\"https:\/\/www.delscookingtwist.com\/wp-content\/uploads\/2014\/05\/Layer-cake_WTbis.jpg\" alt=\"Matcha Vanilla Layer Cake_WTbis\" width=\"829\" height=\"1024\" srcset=\"https:\/\/www.delscookingtwist.com\/wp-content\/uploads\/2014\/05\/Layer-cake_WTbis.jpg 829w, https:\/\/www.delscookingtwist.com\/wp-content\/uploads\/2014\/05\/Layer-cake_WTbis-243x300.jpg 243w, https:\/\/www.delscookingtwist.com\/wp-content\/uploads\/2014\/05\/Layer-cake_WTbis-768x949.jpg 768w\" sizes=\"(max-width: 770px) calc(100vw - 40px), 730px\" \/><\/p>\n<p style=\"text-align: justify;\">Ce mois-ci, j&#8217;ai l&#8217;honneur d&#8217;\u00eatre l&#8217;organisatrice de la Bataille Food #12, qui f\u00eate tout juste son premier anniversaire ! Je ne vous pr\u00e9sente plus ce rendez-vous culinaire mensuel, cr\u00e9\u00e9 il y a un an par mon amie Jenna du blog <a href=\"http:\/\/bistrodejennablog.over-blog.com\/\" target=\"_blank\" rel=\"noopener noreferrer\">Bistro de Jenna<\/a>,\u00a0et que j&#8217;ai rejoint moi-m\u00eame il y a quelques mois seulement. Pour f\u00eater l&#8217;anniversaire de l&#8217;\u00e9v\u00e9nement comme il se doit,\u00a0j&#8217;ai voulu organiser un th\u00e8me qui soit \u00e0 la hauteur. L&#8217;id\u00e9e \u00e9tait pour moi de lancer un v\u00e9ritable challenge qui devait\u00a0\u00e0 la fois allier les comp\u00e9tences et talents de chacun et provoquer\u00a0l&#8217;effet &#8220;Wow&#8221; \u00e0 la vue de la r\u00e9alisation. Alors voil\u00e0, le th\u00e8me est tomb\u00e9, et pendant un mois, nous nous sommes creus\u00e9s les m\u00e9ninges autour du th\u00e8me suivant : &#8220;Le layer cake s&#8217;invite aux couleurs du printemps&#8221;.<\/p>\n<p style=\"text-align: justify;\">La difficult\u00e9 est beaucoup plus difficile qu&#8217;elle n&#8217;y parait. Plusieurs des participants m&#8217;ont avou\u00e9\u00a0manquer d&#8217;id\u00e9es ou bien s&#8217;y \u00eatre repris \u00e0 plusieurs fois pour obtenir le r\u00e9sultat souhait\u00e9. Eh bien, laissez-moi vous dire que pour ma part, je n&#8217;ai jamais autant bataill\u00e9\u00a0que pour cette Bataille Food #12 !! Avec ce d\u00e9fi excitant, il m&#8217;a tout d&#8217;abord fallu du temps pour faire le tri parmi les inombrables id\u00e9es qui me venaient en t\u00eate. Puis, une fois celle-ci trouv\u00e9e,\u00a0la r\u00e9alisation n&#8217;a pas \u00e9t\u00e9 une mince affaire, d&#8217;autant que je me suis lanc\u00e9e le d\u00e9fi suppl\u00e9mentaire de cr\u00e9er enti\u00e8rement ma recette, ce qui accentue les risques d&#8217;\u00e9checs.<\/p>\n<p><a style=\"text-align: justify;\" href=\"https:\/\/www.delscookingtwist.com\/wp-content\/uploads\/2013\/12\/BatatilleFood7.jpg\"><img decoding=\"async\" class=\"aligncenter size-medium wp-image-2499\" style=\"opacity: 0.9;\" src=\"https:\/\/www.delscookingtwist.com\/wp-content\/uploads\/2013\/12\/BatatilleFood7-300x258.jpg\" alt=\"BatatilleFood\" width=\"300\" height=\"258\" srcset=\"https:\/\/www.delscookingtwist.com\/wp-content\/uploads\/2013\/12\/BatatilleFood7-300x258.jpg 300w, https:\/\/www.delscookingtwist.com\/wp-content\/uploads\/2013\/12\/BatatilleFood7.jpg 367w\" sizes=\"(max-width: 340px) calc(100vw - 40px), 300px\" \/><\/a><\/p>\n<p style=\"text-align: justify;\">Or, la premi\u00e8re difficult\u00e9 \u00e0 laquelle j&#8217;ai eu affaire n&#8217;avait pourtant rien \u00e0 voir avec le d\u00e9fi du layer cake\u00a0et me serait arriv\u00e9e t\u00f4t ou tard : mes g\u00e2teaux ne levaient pas. Bien s\u00fbr, c&#8217;est apr\u00e8s la r\u00e9alisation du troisi\u00e8me g\u00e2teau seulement que j&#8217;ai fait ce constat que quelque chose ne tournait pas rond dans mon affaire. Alors que j&#8217;\u00e9tais persuad\u00e9e d&#8217;avoir fait une erreur quelque part dans ma recette (bien que j&#8217;\u00e9tais assez confiante \u00e0 la base), mon ami m&#8217;a alors demand\u00e9 tout naturellement si ma levure n&#8217;\u00e9tait pas p\u00e9rim\u00e9e. Je vous le donne en mille :\u00a0elle \u00e9tait bien p\u00e9rim\u00e9e ! Cela vous est-il seulement\u00a0d\u00e9j\u00e0 arriv\u00e9 ? Pour ma part,\u00a0j&#8217;ai arr\u00eat\u00e9 tout net l&#8217;aventure et ai\u00a0couru au magasin le plus proche pour en racheter un pot (oui en Su\u00e8de, la levure se pr\u00e9sente sous forme de pot. Que cela vous rassure donc : si ma levure \u00e9tait p\u00e9rim\u00e9e, cela ne vient en aucun cas du fait que je ne p\u00e2tisse pas assez souvent!). Au deuxi\u00e8me essai, mes trois g\u00e2teaux \u00e9taient r\u00e9ussis !<\/p>\n<p style=\"text-align: justify;\">Deuxi\u00e8me difficult\u00e9 : la mousse au th\u00e9 matcha. Je n&#8217;avais jamais go\u00fbt\u00e9 ou cuisin\u00e9 avec du th\u00e9 matcha, mais je tenais absolument \u00e0 l&#8217;utiliser pour ce layer cake, en faisant donc un pari sur le go\u00fbt de ce fameux th\u00e9 matcha. Eh bien l\u00e0 encore, ma premi\u00e8re mousse \u00e9tait r\u00e2t\u00e9e. Ou plut\u00f4t non, elle \u00e9tait bien r\u00e9ussie au contraire, mais pour une mousse qui se suffit \u00e0 elle seule (je garde d&#8217;ailleurs la recette en t\u00eate pour plus tard). Or pour l&#8217;utiliser dans un layer cake, la mousse doit \u00eatre relativement dense, afin d&#8217;\u00e9viter qu&#8217;elle ne d\u00e9borde sous le poids des couches de g\u00e2teau superpos\u00e9es. L\u00e0 encore donc, je me suis adonn\u00e9e \u00e0 la recommencer une nouvelle fois. Ne vous m\u00e9prenez pas, je ne garde pas mon calme comme j&#8217;en ai l&#8217;air en vous d\u00e9crivant l&#8217;aventure ici (note pour moi m\u00eame : \u00e0 l&#8217;avenir, penser \u00e0 \u00e9crire ce genre d&#8217;aventure directement dans mon article au lieu de s&#8217;\u00e9nerver, ca augmente le piquant de la recette et on voit nettement mieux le c\u00f4t\u00e9 positif et exp\u00e9rimental des choses) ! Finalement je vous rassure, ma mousse au th\u00e9 matcha s&#8217;est av\u00e9r\u00e9e \u00eatre un vrai succ\u00e8s, et le tout sans utiliser de g\u00e9latine (une r\u00e8gle que je m&#8217;\u00e9tais\u00a0donn\u00e9e) !<\/p>\n<p><img decoding=\"async\" class=\"aligncenter size-full wp-image-25724\" src=\"https:\/\/www.delscookingtwist.com\/wp-content\/uploads\/2014\/05\/Matcha-Vanilla-Layer-Cake-Slice_WTbis2.jpg\" alt=\"Matcha Vanilla Layer Cake_WTbis\" width=\"736\" height=\"483\" srcset=\"https:\/\/www.delscookingtwist.com\/wp-content\/uploads\/2014\/05\/Matcha-Vanilla-Layer-Cake-Slice_WTbis2.jpg 736w, https:\/\/www.delscookingtwist.com\/wp-content\/uploads\/2014\/05\/Matcha-Vanilla-Layer-Cake-Slice_WTbis2-300x197.jpg 300w\" sizes=\"(max-width: 770px) calc(100vw - 40px), 730px\" \/><\/p>\n<div>\n<div style=\"text-align: justify;\">Troisi\u00e8me difficult\u00e9 pour ce layer cake&#8230; le gla\u00e7age me direz-vous ? Non pas du tout, il est impossible \u00e0 r\u00e2ter, la recette \u00e9tait bien ficel\u00e9e. En revanche, je nommerai comme troisi\u00e8me difficult\u00e9 pour un layer cake : la patience ! Il faut dire que je souhaitais absolument r\u00e9aliser\u00a0trois couches et encore une fois, j&#8217;en \u00e9tais \u00e0 mon premier essai. Je me lance le d\u00e9fi que la prochaine fois que je referai cette recette, cela me prendra au maximum 2 heures (en comptant le temps de cuisson) !<\/div>\n<p style=\"text-align: justify;\">Finalement, toutes ces \u00e9preuves travers\u00e9es n&#8217;ont fait qu&#8217;augmenter ma fiert\u00e9 lorsque j&#8217;ai finalement vu le r\u00e9sultat final et go\u00fbt\u00e9 ma r\u00e9alisation. Un layer cake aux couleurs qui me semblent printani\u00e8res et aux saveurs matcha\/vanille qui forment un duo savoureux et original.<\/p>\n<p style=\"text-align: justify;\">Je profite d&#8217;avoir ici un dessert parfait pour une occasion un peu sp\u00e9ciale, pour souhaiter \u00e0 ma ch\u00e8re cousine Anne-Sophie un tr\u00e8s Joyeux Anniversaire en ce 7 mai 2014 ! J&#8217;aimerais beaucoup partager ce layer cake\u00a0avec elle pour l&#8217;occasion. Distance oblige, ce sera virtuellement cette fois-ci, mais le coeur y est !<\/p>\n<p><img decoding=\"async\" class=\"aligncenter size-full wp-image-25722\" src=\"https:\/\/www.delscookingtwist.com\/wp-content\/uploads\/2014\/05\/Matcha-Vanilla-Layer-Cake_WTbis.jpg\" alt=\"Matcha Vanilla Layer Cake_WTbis\" width=\"754\" height=\"1024\" srcset=\"https:\/\/www.delscookingtwist.com\/wp-content\/uploads\/2014\/05\/Matcha-Vanilla-Layer-Cake_WTbis.jpg 754w, https:\/\/www.delscookingtwist.com\/wp-content\/uploads\/2014\/05\/Matcha-Vanilla-Layer-Cake_WTbis-221x300.jpg 221w\" sizes=\"(max-width: 770px) calc(100vw - 40px), 730px\" \/><\/p>\n<p style=\"text-align: center;\">Tr\u00e8s bon anniversaire \u00e0 la Bataille Food<\/p>\n<p style=\"text-align: center;\">et merci \u00e0 tous d&#8217;avoir particip\u00e9 \u00e0 cette 12\u00e8me \u00e9dition avec nous !<\/p>\n<p style=\"text-align: justify;\"><a href=\"https:\/\/www.delscookingtwist.com\/\" target=\"_blank\" rel=\"noopener noreferrer\">Del&#8217;s cooking twist<\/a> | <a href=\"http:\/\/marinencuisine.wordpress.com\/\" target=\"_blank\" rel=\"noopener noreferrer\">Marine en cuisine<\/a> | <a href=\"http:\/\/bistrodejennablog.over-blog.com\/\" target=\"_blank\" rel=\"noopener noreferrer\">Bistro de Jenna<\/a> | <a href=\"http:\/\/petite-cuilliere-et-charentaise.blogspot.se\/\" target=\"_blank\" rel=\"noopener noreferrer\">Petite cuill\u00e8re et charentaises<\/a> | <a href=\"http:\/\/www.agoodcookingday.com\/\" target=\"_blank\" rel=\"noopener noreferrer\">A Good Cooking Day<\/a> | <a href=\"http:\/\/cookingnco.com\/\" target=\"_blank\" rel=\"noopener noreferrer\">Cooking N&#8217; Co<\/a> | <a href=\"http:\/\/encorunelichette.canalblog.com\/\" target=\"_blank\" rel=\"noopener noreferrer\">Encore une lichette<\/a> | <a href=\"http:\/\/cookntinem.fr\/blog\/\" target=\"_blank\" rel=\"noopener noreferrer\">Cook N&#8217; Tinem<\/a> | <a href=\"http:\/\/pinceedefantaisie.com\/\" target=\"_blank\" rel=\"noopener noreferrer\">Pinc\u00e9e de fantaisie<\/a> | Secrets de gourmandise | <a href=\"http:\/\/www.byacb4you.com\/\" target=\"_blank\" rel=\"noopener noreferrer\">By abc 4 you<\/a> | <a href=\"http:\/\/meliemeloencuisine.over-blog.com\/\" target=\"_blank\" rel=\"noopener noreferrer\">M\u00e9lie m\u00e9lo en cuisine<\/a> | <a href=\"https:\/\/www.facebook.com\/salonrevedecupcakes?fref=ts\" target=\"_blank\" rel=\"noopener noreferrer\">Salon &#8220;R\u00eave de Cupcakes&#8221;<\/a> | <a href=\"http:\/\/popoteetnature.blogspot.se\/\" target=\"_blank\" rel=\"noopener noreferrer\">Popote et Nature<\/a> | Kalou and Cook | <a href=\"http:\/\/cerisesetfriandises.org\/\" target=\"_blank\" rel=\"noopener noreferrer\">Cerises et friandises<\/a> | <a href=\"http:\/\/pourquoi-je-grossis.blogspot.fr\/\" target=\"_blank\" rel=\"noopener noreferrer\">Pourquoi je grossis<\/a> | <a href=\"http:\/\/jameneledessert.blogspot.fr\/\" target=\"_blank\" rel=\"noopener noreferrer\">J&#8217;am\u00e8ne le dessert<\/a> | <a href=\"http:\/\/lacuisinedemelanie.over-blog.com\/\" target=\"_blank\" rel=\"noopener noreferrer\">M\u00e8l l&#8217;a f\u00e9e<\/a> | <a href=\"http:\/\/saveursetlectures.com\/\" target=\"_blank\" rel=\"noopener noreferrer\">Saveurs et Lectures<\/a> | <a href=\"http:\/\/birdslovecherry.blogspot.fr\/\" target=\"_blank\" rel=\"noopener noreferrer\">Birds Love Cherry Factory<\/a> | <a href=\"http:\/\/monptitcoingourmand.blogspot.fr\/\" target=\"_blank\" rel=\"noopener noreferrer\">Mon ptit coin gourmand<\/a> | <a href=\"http:\/\/des-recettes-a-gogo.com\/\" target=\"_blank\" rel=\"noopener noreferrer\">Des Recettes \u00e0 Gogo<\/a> | <a href=\"http:\/\/delicesdhelene.over-blog.com\/\" target=\"_blank\" rel=\"noopener noreferrer\">Les d\u00e9lices d&#8217;H\u00e9l\u00e8ne<\/a> | <a href=\"http:\/\/lacuisinedariane.canalblog.com\/\" target=\"_blank\" rel=\"noopener noreferrer\">La cuisine au fil d&#8217;ariane<\/a> | Le monde de Lully | Gastro&#8217;n&#8217;Home | <a href=\"https:\/\/www.facebook.com\/ValBakery?ref=stream&amp;hc_location=timeline\" target=\"_blank\" rel=\"noopener noreferrer\">Valentine p\u00e2tisse \ud83d\ude42<\/a> | hibiscusblog | <a href=\"http:\/\/www.cuisine.voozenoo.fr\/\" target=\"_blank\" rel=\"noopener noreferrer\">Une cuisine pour Voozenoo<\/a> | <a href=\"http:\/\/solpatisserie.blogspot.se\/\" target=\"_blank\" rel=\"noopener noreferrer\">Sol P\u00e2tisse<\/a> | <a href=\"http:\/\/etcharlottedecouvritlacuisine.blogspot.fr\/\" target=\"_blank\" rel=\"noopener noreferrer\">Et Charlotte d\u00e9couvrit la cuisine<\/a> | <a href=\"http:\/\/jennscookingnow.blogspot.fr\/\" target=\"_blank\" rel=\"noopener noreferrer\">Jenn&#8217;s Cooking<\/a> | <a href=\"http:\/\/elodiesbakery.blogspot.se\/\" target=\"_blank\" rel=\"noopener noreferrer\">Elodie&#8217;s Bakery<\/a> | <a href=\"http:\/\/www.chocoframboises.fr\/\" target=\"_blank\" rel=\"noopener noreferrer\">Chocoframboises<\/a> | <a href=\"http:\/\/virginiemoreau.canalblog.com\/\" target=\"_blank\" rel=\"noopener noreferrer\">Ca ne sent pas un peu le br\u00fbl\u00e9 l\u00e0?<\/a> | <a href=\"http:\/\/juleacuisine.blogspot.fr\/\" target=\"_blank\" rel=\"noopener noreferrer\">Julea Cuisine<\/a> | <a href=\"http:\/\/confessionsde2foodaholic.blogspot.fr\/\" target=\"_blank\" rel=\"noopener noreferrer\">Confessions de 2 Foodaholic<\/a> | Caprices Gourmands | <a href=\"http:\/\/lerenardetlesraisins.wordpress.com\/\" target=\"_blank\" rel=\"noopener noreferrer\">Le renard et les raisons<\/a> | <a href=\"http:\/\/lespetitesmarmitesdemika.over-blog.com\/\" target=\"_blank\" rel=\"noopener noreferrer\">Les petites marmites de Mika<\/a> | Je cuisine donc je suis | <a href=\"http:\/\/ciliaetseshobbies.overblog.com\/\" target=\"_blank\" rel=\"noopener noreferrer\">Les Hobbies de Cilia &amp; Shawna<\/a> | <a href=\"http:\/\/danslacuisinedemisstinguette.blogspot.fr\/\" target=\"_blank\" rel=\"noopener noreferrer\">Dans la cuisine de Misstinguette<\/a> | <a href=\"http:\/\/coeur-gourmandise.com\/2014\/04\/11\/religieuse-a-la-mousse-de-betteraves-au-chevre-et-noisettes\/\" target=\"_blank\" rel=\"noopener noreferrer\">J&#8217;ai le coeur Gourmandise<\/a> | <a href=\"https:\/\/www.facebook.com\/pages\/Petits-g%C3%A2teaux-hoho-hoho\/532039903487127?fref=ts\" target=\"_blank\" rel=\"noopener noreferrer\">Petits g\u00e2teaux hoho hoho<\/a> | <a href=\"jecuisinedoncjesuis.com\/fr\/\" target=\"_blank\" rel=\"noopener noreferrer\">Je cuisine donc je suis<\/a> | <a href=\"http:\/\/www.lacuisinedestephy.fr\/\" target=\"_blank\" rel=\"noopener noreferrer\">La cuisine de St\u00e9phy<\/a> | <a href=\"http:\/\/q-e-zine.blogspot.com\/\" target=\"_blank\" rel=\"noopener noreferrer\">Q-e-zine<\/a> | Sylvia Maertens | <a href=\"https:\/\/www.facebook.com\/SoSoGood8\" target=\"_blank\" rel=\"noopener noreferrer\">So So Good<\/a> |\u00a0<a href=\"http:\/\/chutjepatisse.com\/\" target=\"_blank\" rel=\"noopener noreferrer\">Ch\u00fbt Je P\u00e2tisse<\/a> | <a href=\"http:\/\/lesfeesmaisons.canalblog.com\/\" target=\"_blank\" rel=\"noopener noreferrer\">Les F\u00e9es Maison<\/a><\/p>\n<\/div>\n<svg aria-hidden=\"true\" style=\"position: absolute;width: 0;height: 0;overflow: hidden\" xmlns=\"http:\/\/www.w3.org\/2000\/svg\">\n<defs>\n<symbol viewbox=\"9 9 46 42\" id=\"wpt-star-full\">\n<path d=\"m46.3 52-14.4-9.5-14.4 9.4L22 35.3 8.7 24.5l17.1-.9 6.2-16 6 16 17.2 1-13.4 10.7z\" \/>\n<\/symbol>\n<\/defs>\n<\/svg>\n<a class=\"button tasty-recipes-print-button tasty-recipes-no-print tasty-recipes-print-above-card\" href=\"https:\/\/www.delscookingtwist.com\/fr\/layer-cake-au-the-matcha-et-a-la-vanille\/print\/21639\/\">Print<\/a><span class=\"tasty-recipes-jump-target\" id=\"tasty-recipes-21639-jump-target\" style=\"display:block;padding-top:2px;margin-top:-2px;\"><\/span><div id=\"tasty-recipes-21639\" data-tr-id=\"21639\" class=\"tasty-recipes tasty-recipes-21639 tasty-recipes-display tasty-recipes-has-image\">\n\r\n\r\n<div id=\"jump-to-recipe\" class=\"del-tasty-wrap notop nobot\">\r\n    <div class=\"del-tasty-header\">\r\n        <h2 class=\"tasty-recipes-title\">Layer cake au th\u00e9 matcha et \u00e0 la vanille<\/h2>\r\n        <div class=\"del-tasty-meta\">\r\n            <ul>\r\n                                <li class=\"rating\"><div class=\"rating-a\"><span class=\"ratingicons\"><svg aria-hidden=\"true\" style=\"position: absolute;width: 0;height: 0;overflow: hidden\" xmlns=\"http:\/\/www.w3.org\/2000\/svg\">\n<defs>\n<symbol viewbox=\"9 9 46 42\" id=\"wpt-star-full\">\n<path d=\"m46.3 52-14.4-9.5-14.4 9.4L22 35.3 8.7 24.5l17.1-.9 6.2-16 6 16 17.2 1-13.4 10.7z\" \/>\n<\/symbol>\n<\/defs>\n<\/svg>\n<span class=\"tasty-recipes-ratings-buttons tasty-recipes-no-ratings-buttons\"\tdata-tr-default-rating=\"5\"\t>\t\t<span class=\"tasty-recipes-rating\" data-tr-checked=\"1\">\t\t<i class=\"checked\" data-rating=\"5\">\t\t\t<span class=\"tasty-recipes-rating-solid\" data-tr-clip=\"100\">\t\t\t\t<svg class=\"tasty-recipes-svg\" width=\"18\" height=\"17\"><use href=\"#wpt-star-full\" \/><\/svg>\t\t\t<\/span>\t\t\t<span class=\"tasty-recipes-screen-reader\">\t\t\t\t5 Stars\t\t\t<\/span>\t\t<\/i>\t<\/span>\t\t<span class=\"tasty-recipes-rating\" >\t\t<i class=\"checked\" data-rating=\"4\">\t\t\t<span class=\"tasty-recipes-rating-solid\" data-tr-clip=\"100\">\t\t\t\t<svg class=\"tasty-recipes-svg\" width=\"18\" height=\"17\"><use href=\"#wpt-star-full\" \/><\/svg>\t\t\t<\/span>\t\t\t<span class=\"tasty-recipes-screen-reader\">\t\t\t\t4 Stars\t\t\t<\/span>\t\t<\/i>\t<\/span>\t\t<span class=\"tasty-recipes-rating\" >\t\t<i class=\"checked\" data-rating=\"3\">\t\t\t<span class=\"tasty-recipes-rating-solid\" data-tr-clip=\"100\">\t\t\t\t<svg class=\"tasty-recipes-svg\" width=\"18\" height=\"17\"><use href=\"#wpt-star-full\" \/><\/svg>\t\t\t<\/span>\t\t\t<span class=\"tasty-recipes-screen-reader\">\t\t\t\t3 Stars\t\t\t<\/span>\t\t<\/i>\t<\/span>\t\t<span class=\"tasty-recipes-rating\" >\t\t<i class=\"checked\" data-rating=\"2\">\t\t\t<span class=\"tasty-recipes-rating-solid\" data-tr-clip=\"100\">\t\t\t\t<svg class=\"tasty-recipes-svg\" width=\"18\" height=\"17\"><use href=\"#wpt-star-full\" \/><\/svg>\t\t\t<\/span>\t\t\t<span class=\"tasty-recipes-screen-reader\">\t\t\t\t2 Stars\t\t\t<\/span>\t\t<\/i>\t<\/span>\t\t<span class=\"tasty-recipes-rating\" >\t\t<i class=\"checked\" data-rating=\"1\">\t\t\t<span class=\"tasty-recipes-rating-solid\" data-tr-clip=\"100\">\t\t\t\t<svg class=\"tasty-recipes-svg\" width=\"18\" height=\"17\"><use href=\"#wpt-star-full\" \/><\/svg>\t\t\t<\/span>\t\t\t<span class=\"tasty-recipes-screen-reader\">\t\t\t\t1 Star\t\t\t<\/span>\t\t<\/i>\t<\/span><\/span><\/span><span class=\"ratinglabel\"><span class=\"rating-label\"><span class=\"average\">5<\/span> from <span class=\"count\">1<\/span> review<\/span><\/span><\/div><\/li>\r\n                                                <li class=\"review\"><a href=\"#respond\">Laisser un commentaire<\/a><\/li>\r\n                            <\/ul>\r\n        <\/div>\r\n    <\/div>\r\n    <div class=\"del-tasty-cols\">\r\n                <div class=\"del-tasty-imagecol\">\r\n                        <div class=\"tasty-recipes-image\">\r\n                <img decoding=\"async\" width=\"320\" height=\"320\" src=\"https:\/\/www.delscookingtwist.com\/wp-content\/uploads\/2014\/05\/Matcha-Vanilla-Layer-Cake-Slice_WTbis2-320x320.jpg\" class=\"attachment-thumbnail size-thumbnail\" alt=\"Matcha Vanilla Layer Cake_WTbis\" data-pin-nopin=\"true\" srcset=\"https:\/\/www.delscookingtwist.com\/wp-content\/uploads\/2014\/05\/Matcha-Vanilla-Layer-Cake-Slice_WTbis2-320x320.jpg 320w, https:\/\/www.delscookingtwist.com\/wp-content\/uploads\/2014\/05\/Matcha-Vanilla-Layer-Cake-Slice_WTbis2-225x225.jpg 225w\" sizes=\"(max-width: 360px) calc(100vw - 40px), 320px\" \/>            <\/div>\r\n                                    \r\n            <div class=\"tasty-recipes-buttons\">\r\n                                <div class=\"tasty-recipes-button-wrap\">\r\n                    \n<a class=\"btn btn-pink button tasty-recipes-print-button tasty-recipes-no-print\" href=\"https:\/\/www.delscookingtwist.com\/fr\/layer-cake-au-the-matcha-et-a-la-vanille\/print\/21639\/\" target=\"_blank\">\n\t\t\t<svg viewBox=\"0 0 24 24\" class=\"svg-print\" aria-hidden=\"true\"><use href=\"#tasty-recipes-icon-print\"><\/use><\/svg>\n\t\tPrint<\/a>\n                <\/div>\r\n                                            <\/div>\r\n                    <\/div>  \r\n                <div class=\"del-tasty-textcol\">\r\n                        <div class=\"tasty-recipes-details\">\r\n                <ul>\r\n                                            <li class=\"author\"><strong class=\"tasty-recipes-label\">Author:<\/strong> <span><span class=\"tasty-recipes-author-name\">Delphine Fortin<\/span><\/span><\/li>\r\n                                            <li class=\"prep-time\"><strong class=\"tasty-recipes-label\">Prep Time:<\/strong> <span><span class=\"tasty-recipes-prep-time\">1 hour 30 mins<\/span><\/span><\/li>\r\n                                            <li class=\"cook-time\"><strong class=\"tasty-recipes-label\">Cook Time:<\/strong> <span><span class=\"tasty-recipes-cook-time\">22 mins<\/span><\/span><\/li>\r\n                                            <li class=\"total-time\"><strong class=\"tasty-recipes-label\">Total Time:<\/strong> <span><span class=\"tasty-recipes-total-time\">1 hour 52 mins<\/span><\/span><\/li>\r\n                                            <li class=\"yield\"><strong class=\"tasty-recipes-label\">Yield:<\/strong> <span><span class=\"tasty-recipes-yield\"><span data-amount=\"8\">8<\/span>-<span data-amount=\"10\">10<\/span> pers. <span class=\"tasty-recipes-yield-scale\"><span data-amount=\"1\">1<\/span>x<\/span><\/span><\/span><\/li>\r\n                                            <li class=\"category\"><strong class=\"tasty-recipes-label\">Category:<\/strong> <span><span class=\"tasty-recipes-category\">Tartes et g\u00e2teaux<\/span><\/span><\/li>\r\n                                            <li class=\"cuisine\"><strong class=\"tasty-recipes-label\">Cuisine:<\/strong> <span><span class=\"tasty-recipes-cuisine\">Recettes am\u00e9ricaines<\/span><\/span><\/li>\r\n                                    <\/ul>\r\n            <\/div>\r\n                        \r\n\r\n                        <div class=\"tasty-recipes-description notop nobot\">\r\n                <p>Ce superbe layer cake aux saveurs vanill\u00e9es et th\u00e9 matcha sera parfait pour une grande occasion !<\/p>\n            <\/div>\r\n                        \r\n        <\/div>\r\n    <\/div>\r\n\r\n    <div class=\"contentbox contentbox-lightpink savethisrecipe notop nobot\" data-title=\"Layer cake au th\u00e9 matcha et \u00e0 la vanille\" data-url=\"https:\/\/www.delscookingtwist.com\/fr\/layer-cake-au-the-matcha-et-a-la-vanille\/\">\r\n    <h3 data-toc-skip>Envoyez-moi cette recette par mail<\/h3>\r\n    <p>En bonus, de l&#8217;inspiration en cuisine chaque semaine.<\/p>\n    \r\n    <div class=\"customckform customckform-horz saveform\">\r\n        <script async data-uid=\"92b1c51bfa\" src=\"https:\/\/delscookingtwist.ck.page\/92b1c51bfa\/index.js\"><\/script>        \r\n    <\/div>    \r\n<\/div>    \r\n            <div class=\"tasty-recipes-ingredients\">\r\n            <div class=\"tasty-recipes-ingredients-header\">\r\n                <div class=\"tasty-recipes-ingredients-clipboard-container\">\r\n                    <h3>Ingr&eacute;dients<\/h3>\r\n                                    <\/div>\r\n                <div class=\"tasty-recipes-units-scale-container\"><span class=\"tasty-recipes-scale-container\">\n\t\t\t\t\t\t<span class=\"tasty-recipes-scale-label\">Scale<\/span>\n\t\t\t\t\t\t<button class=\"tasty-recipes-scale-button tasty-recipes-scale-button-active\" data-amount=\"1\" type=\"button\">1x<\/button><button class=\"tasty-recipes-scale-button\" data-amount=\"2\" type=\"button\">2x<\/button><button class=\"tasty-recipes-scale-button\" data-amount=\"3\" type=\"button\">3x<\/button>\n\t\t\t\t\t<\/span>\n\t\t\t\t\t<\/span><\/div>            <\/div>\r\n            <div class=\"tasty-recipes-ingredients-body\">\r\n                <h4>Pour la mousse au th\u00e9 matcha :<\/h4>\n<ul>\n<li data-tr-ingredient-checkbox=\"\"><span class=\"tr-ingredient-checkbox-container\"><input type=\"checkbox\" name=\"ingredient_checkbox_69f4db4bd9c8e\" id=\"ingredient_checkbox_69f4db4bd9c8e\" aria-label=\"1 oeuf (blanc + jaune)\"><label for=\"ingredient_checkbox_69f4db4bd9c8e\"><\/label><\/span><span data-amount=\"1\">1<\/span> oeuf (blanc + jaune)<\/li>\n<li data-tr-ingredient-checkbox=\"\"><span class=\"tr-ingredient-checkbox-container\"><input type=\"checkbox\" name=\"ingredient_checkbox_69f4db4bd9c96\" id=\"ingredient_checkbox_69f4db4bd9c96\" aria-label=\"100g de sucre glace\"><label for=\"ingredient_checkbox_69f4db4bd9c96\"><\/label><\/span><span data-amount=\"100\" data-unit=\"g\">100g<\/span> de sucre glace<\/li>\n<li data-tr-ingredient-checkbox=\"\"><span class=\"tr-ingredient-checkbox-container\"><input type=\"checkbox\" name=\"ingredient_checkbox_69f4db4bd9c9b\" id=\"ingredient_checkbox_69f4db4bd9c9b\" aria-label=\"225g de cream cheese\"><label for=\"ingredient_checkbox_69f4db4bd9c9b\"><\/label><\/span><span data-amount=\"225\" data-unit=\"g\">225g<\/span> de cream cheese<\/li>\n<li data-tr-ingredient-checkbox=\"\"><span class=\"tr-ingredient-checkbox-container\"><input type=\"checkbox\" name=\"ingredient_checkbox_69f4db4bd9ca0\" id=\"ingredient_checkbox_69f4db4bd9ca0\" aria-label=\"5-10g de th\u00e9 matcha\"><label for=\"ingredient_checkbox_69f4db4bd9ca0\"><\/label><\/span><span data-amount=\"5\">5<\/span>-<span data-amount=\"10\">10<\/span>g de th\u00e9 matcha<\/li>\n<li data-tr-ingredient-checkbox=\"\"><span class=\"tr-ingredient-checkbox-container\"><input type=\"checkbox\" name=\"ingredient_checkbox_69f4db4bd9ca4\" id=\"ingredient_checkbox_69f4db4bd9ca4\" aria-label=\"1 pinc\u00e9e de sel\"><label for=\"ingredient_checkbox_69f4db4bd9ca4\"><\/label><\/span><span data-amount=\"1\">1<\/span> pinc\u00e9e de sel<\/li>\n<\/ul>\n<h4>Pour le g\u00e2teau :<\/h4>\n<ul>\n<li data-tr-ingredient-checkbox=\"\"><span class=\"tr-ingredient-checkbox-container\"><input type=\"checkbox\" name=\"ingredient_checkbox_69f4db4bd9ca9\" id=\"ingredient_checkbox_69f4db4bd9ca9\" aria-label=\"400g de farine\"><label for=\"ingredient_checkbox_69f4db4bd9ca9\"><\/label><\/span><span data-amount=\"400\" data-unit=\"g\">400g<\/span> de farine<\/li>\n<li data-tr-ingredient-checkbox=\"\"><span class=\"tr-ingredient-checkbox-container\"><input type=\"checkbox\" name=\"ingredient_checkbox_69f4db4bd9cad\" id=\"ingredient_checkbox_69f4db4bd9cad\" aria-label=\"1 cuil. \u00e0 caf\u00e9 de levure\"><label for=\"ingredient_checkbox_69f4db4bd9cad\"><\/label><\/span><span data-amount=\"1\">1<\/span> cuil. \u00e0 caf\u00e9 de levure<\/li>\n<li data-tr-ingredient-checkbox=\"\"><span class=\"tr-ingredient-checkbox-container\"><input type=\"checkbox\" name=\"ingredient_checkbox_69f4db4bd9cb2\" id=\"ingredient_checkbox_69f4db4bd9cb2\" aria-label=\"1\/2 cuil. \u00e0 caf\u00e9 de bicarbonate de soude\"><label for=\"ingredient_checkbox_69f4db4bd9cb2\"><\/label><\/span><span data-amount=\"0.5\">1\/2<\/span> cuil. \u00e0 caf\u00e9 de bicarbonate de soude<\/li>\n<li data-tr-ingredient-checkbox=\"\"><span class=\"tr-ingredient-checkbox-container\"><input type=\"checkbox\" name=\"ingredient_checkbox_69f4db4bd9cb7\" id=\"ingredient_checkbox_69f4db4bd9cb7\" aria-label=\"1 pinc\u00e9e de sel\"><label for=\"ingredient_checkbox_69f4db4bd9cb7\"><\/label><\/span><span data-amount=\"1\">1<\/span> pinc\u00e9e de sel<\/li>\n<li data-tr-ingredient-checkbox=\"\"><span class=\"tr-ingredient-checkbox-container\"><input type=\"checkbox\" name=\"ingredient_checkbox_69f4db4bd9cbb\" id=\"ingredient_checkbox_69f4db4bd9cbb\" aria-label=\"230g de beurre\"><label for=\"ingredient_checkbox_69f4db4bd9cbb\"><\/label><\/span><span data-amount=\"230\" data-unit=\"g\">230g<\/span> de beurre<\/li>\n<li data-tr-ingredient-checkbox=\"\"><span class=\"tr-ingredient-checkbox-container\"><input type=\"checkbox\" name=\"ingredient_checkbox_69f4db4bd9cc0\" id=\"ingredient_checkbox_69f4db4bd9cc0\" aria-label=\"350g de sucre cristallis\u00e9\"><label for=\"ingredient_checkbox_69f4db4bd9cc0\"><\/label><\/span><span data-amount=\"350\" data-unit=\"g\">350g<\/span> de sucre cristallis\u00e9<\/li>\n<li data-tr-ingredient-checkbox=\"\"><span class=\"tr-ingredient-checkbox-container\"><input type=\"checkbox\" name=\"ingredient_checkbox_69f4db4bd9cc4\" id=\"ingredient_checkbox_69f4db4bd9cc4\" aria-label=\"3 oeufs\"><label for=\"ingredient_checkbox_69f4db4bd9cc4\"><\/label><\/span><span data-amount=\"3\">3<\/span> oeufs<\/li>\n<li data-tr-ingredient-checkbox=\"\"><span class=\"tr-ingredient-checkbox-container\"><input type=\"checkbox\" name=\"ingredient_checkbox_69f4db4bd9cc8\" id=\"ingredient_checkbox_69f4db4bd9cc8\" aria-label=\"125g de yaourt grec\"><label for=\"ingredient_checkbox_69f4db4bd9cc8\"><\/label><\/span><span data-amount=\"125\" data-unit=\"g\">125g<\/span> de yaourt grec<\/li>\n<li data-tr-ingredient-checkbox=\"\"><span class=\"tr-ingredient-checkbox-container\"><input type=\"checkbox\" name=\"ingredient_checkbox_69f4db4bd9ccc\" id=\"ingredient_checkbox_69f4db4bd9ccc\" aria-label=\"360 ml de lait\"><label for=\"ingredient_checkbox_69f4db4bd9ccc\"><\/label><\/span><span data-amount=\"360\">360<\/span> ml de lait<\/li>\n<li data-tr-ingredient-checkbox=\"\"><span class=\"tr-ingredient-checkbox-container\"><input type=\"checkbox\" name=\"ingredient_checkbox_69f4db4bd9cd1\" id=\"ingredient_checkbox_69f4db4bd9cd1\" aria-label=\"2 cuil. \u00e0 caf\u00e9 d&#8217;extrait de vanille am\u00e8re\"><label for=\"ingredient_checkbox_69f4db4bd9cd1\"><\/label><\/span><span data-amount=\"2\">2<\/span> cuil. \u00e0 caf\u00e9 d&#8217;extrait de vanille am\u00e8re<\/li>\n<li data-tr-ingredient-checkbox=\"\"><span class=\"tr-ingredient-checkbox-container\"><input type=\"checkbox\" name=\"ingredient_checkbox_69f4db4bd9ce3\" id=\"ingredient_checkbox_69f4db4bd9ce3\" aria-label=\"1gousse de vanille\"><label for=\"ingredient_checkbox_69f4db4bd9ce3\"><\/label><\/span><span data-amount=\"1\">1<\/span>gousse de vanille<\/li>\n<\/ul>\n<h4>Pour le gla\u00e7age :<\/h4>\n<ul>\n<li data-tr-ingredient-checkbox=\"\"><span class=\"tr-ingredient-checkbox-container\"><input type=\"checkbox\" name=\"ingredient_checkbox_69f4db4bd9ce8\" id=\"ingredient_checkbox_69f4db4bd9ce8\" aria-label=\"225g de cream cheese type Philadelphia, \u00e0 temp\u00e9rature ambiante\"><label for=\"ingredient_checkbox_69f4db4bd9ce8\"><\/label><\/span><span data-amount=\"225\" data-unit=\"g\">225g<\/span> de cream cheese type Philadelphia, \u00e0 temp\u00e9rature ambiante<\/li>\n<li data-tr-ingredient-checkbox=\"\"><span class=\"tr-ingredient-checkbox-container\"><input type=\"checkbox\" name=\"ingredient_checkbox_69f4db4bd9ced\" id=\"ingredient_checkbox_69f4db4bd9ced\" aria-label=\"115g de beurre doux, \u00e0 temp\u00e9rature ambiante\"><label for=\"ingredient_checkbox_69f4db4bd9ced\"><\/label><\/span><span data-amount=\"115\" data-unit=\"g\">115g<\/span> de beurre doux, \u00e0 temp\u00e9rature ambiante<\/li>\n<li data-tr-ingredient-checkbox=\"\"><span class=\"tr-ingredient-checkbox-container\"><input type=\"checkbox\" name=\"ingredient_checkbox_69f4db4bd9cf1\" id=\"ingredient_checkbox_69f4db4bd9cf1\" aria-label=\"420g de sucre glace\"><label for=\"ingredient_checkbox_69f4db4bd9cf1\"><\/label><\/span><span data-amount=\"420\" data-unit=\"g\">420g<\/span> de sucre glace<\/li>\n<li data-tr-ingredient-checkbox=\"\"><span class=\"tr-ingredient-checkbox-container\"><input type=\"checkbox\" name=\"ingredient_checkbox_69f4db4bd9cf6\" id=\"ingredient_checkbox_69f4db4bd9cf6\" aria-label=\"1 1\/2 cuil. \u00e0 soupe de cr\u00e8me fra\u00eeche \u00e9paisse\"><label for=\"ingredient_checkbox_69f4db4bd9cf6\"><\/label><\/span><span data-amount=\"1.5\">1 1\/2<\/span> cuil. \u00e0 soupe de cr\u00e8me fra\u00eeche \u00e9paisse<\/li>\n<li data-tr-ingredient-checkbox=\"\"><span class=\"tr-ingredient-checkbox-container\"><input type=\"checkbox\" name=\"ingredient_checkbox_69f4db4bd9cfa\" id=\"ingredient_checkbox_69f4db4bd9cfa\" aria-label=\"1 cuil. \u00e0 caf\u00e9 d&#8217;extrait de vanille\"><label for=\"ingredient_checkbox_69f4db4bd9cfa\"><\/label><\/span><span data-amount=\"1\">1<\/span> cuil. \u00e0 caf\u00e9 d&#8217;extrait de vanille<\/li>\n<li data-tr-ingredient-checkbox=\"\"><span class=\"tr-ingredient-checkbox-container\"><input type=\"checkbox\" name=\"ingredient_checkbox_69f4db4bd9d06\" id=\"ingredient_checkbox_69f4db4bd9d06\" aria-label=\"1 pinc\u00e9e de sel\"><label for=\"ingredient_checkbox_69f4db4bd9d06\"><\/label><\/span><span data-amount=\"1\">1<\/span> pinc\u00e9e de sel<\/li>\n<\/ul>\n<h4>Pour la d\u00e9coration :<\/h4>\n<ul>\n<li data-tr-ingredient-checkbox=\"\"><span class=\"tr-ingredient-checkbox-container\"><input type=\"checkbox\" name=\"ingredient_checkbox_69f4db4bd9d0a\" id=\"ingredient_checkbox_69f4db4bd9d0a\" aria-label=\"100g de framboises\"><label for=\"ingredient_checkbox_69f4db4bd9d0a\"><\/label><\/span><span data-amount=\"100\" data-unit=\"g\">100g<\/span> de framboises<\/li>\n<li data-tr-ingredient-checkbox=\"\"><span class=\"tr-ingredient-checkbox-container\"><input type=\"checkbox\" name=\"ingredient_checkbox_69f4db4bd9d12\" id=\"ingredient_checkbox_69f4db4bd9d12\" aria-label=\"pistaches\"><label for=\"ingredient_checkbox_69f4db4bd9d12\"><\/label><\/span>pistaches<\/li>\n<\/ul>\n<p><!--INSIDE_INGREDIENTS--><\/p>\n            <\/div>\r\n            <div class=\"tasty-recipes-cook-mode\">\n\t<div class=\"tasty-recipes-cook-mode__container\">\n\t\t<label class=\"tasty-recipes-cook-mode__switch\">\n\t\t\t<input type=\"checkbox\" id=\"tasty_recipes_69f4db4bda8bc_cookmode\">\n\t\t\t<span class=\"tasty-recipes-cook-mode__switch-slider tasty-recipes-cook-mode__switch-round\"\n\t\t\t\tdata-tasty-recipes-customization=\"button-color.background button-text-color.color\"><\/span>\n\t\t<\/label>\n\t\t<label for=\"tasty_recipes_69f4db4bda8bc_cookmode\">\n\t\t\t<span class=\"tasty-recipes-cook-mode__label\">Cook Mode<\/span>\n\t\t\t<span class=\"tasty-recipes-cook-mode__helper\">\n\t\t\t\tPrevent your screen from going dark\t\t\t<\/span>\n\t\t<\/label>\n\t<\/div>\n<\/div>\n        <\/div>\r\n    \r\n            <div class=\"tasty-recipes-instructions\">\r\n            <div class=\"tasty-recipes-instructions-header\">\r\n                <h3>Instructions<\/h3>\r\n                            <\/div>\r\n            <div class=\"tasty-recipes-instructions-body\">\r\n                <ol class=\"is-style-circles\">\n<li id=\"instruction-step-1\">Pour la mousse au th\u00e9 matcha : fouetter le jaune d&#8217;oeuf avec le sucre glace et l&#8217;extrait de vanille am\u00e8re dans une jatte de taille moyenne, jusqu&#8217;\u00e0 l&#8217;obtention d&#8217;une consistance blanch\u00e2tre et lisse. Ajouter le cream cheese et le th\u00e9 matcha et fouetter \u00e9nergiquement. Dans un deuxi\u00e8me bol, battre le blanc en neige avec une pinc\u00e9e de sel \u00e0 l&#8217;aide d&#8217;un mixeur. L&#8217; incorporer d\u00e9licatement au m\u00e9lange matcha pr\u00e9c\u00e9dant. Laisser refroidir au r\u00e9frig\u00e9rateur pendant au moins 1 heure.<\/li>\n<li id=\"instruction-step-2\">Pour le g\u00e2teau : pr\u00e9chauffer le four \u00e0 180\u00b0C. Beurrer 3 moules \u00e0 g\u00e2teau de forme ronde (18 cm de diam\u00e8tre, 5 cm de hauteur). M\u00e9langer la farine, la levure, le bicarbonate de soude et le seul dans une grande jatte. R\u00e9server. Faire fondre le beurre et le verser dans une autre jatte de taille moyenne. Y ajouter le sucre et m\u00e9langer vigoureusement, avant d&#8217;incorporer \u00e9galement les oeufs, le yaourt, le lait, l&#8217;extrait de vanille am\u00e8re et les graines de la gousse de vanille. Incorporer petit \u00e0 petit cette pr\u00e9paration au m\u00e9lange de farine et bien m\u00e9langer.<\/li>\n<li id=\"instruction-step-3\">Diviser la p\u00e2te en trois parts \u00e9gales et la r\u00e9partir dans les 3 moules. Enfourner pendant 20-22 minutes, en s&#8217;assurant de couvrir le g\u00e2teau \u00e0 mi-cuisson \u00e0 l&#8217;aide d&#8217;une feuille d&#8217;aluminium, afin d&#8217;\u00e9viter que le dessus du g\u00e2teau ne devienne trop dor\u00e9. Vous pouvez v\u00e9rifier que les g\u00e2teaux sont pr\u00eats \u00e0 l&#8217;aide d&#8217;une lame de couteau ou d&#8217;un cure-dents : s&#8217;ils resortent intacts, c&#8217;est que le g\u00e2teau est cuit. Laisser les trois g\u00e2teaux refroidir compl\u00e8tement.<\/li>\n<li id=\"instruction-step-4\">Pour le glacage : \u00e0 l&#8217;aide d&#8217;un batteur \u00e9lectrique, battre le philadelphia et le beurre ensemble \u00e0 vitesse moyenne, pendant 3 minutes compl\u00e8tes. Ajouter le sucre glace, 1 cuil. \u00e0 soupe de cr\u00e8me, l&#8217;extrait de vanille et le sel, en diminuant la vitesse du batteur, puis augmenter la vitesse au maximum pendant encore 3 minutes.<\/li>\n<li id=\"instruction-step-5\">Pour assembler le layer cake, couper les d\u00f4mes des g\u00e2teaux a l&#8217;aide d&#8217;une large spatule dentel\u00e9e, afin que le sommet soit plat. Disposer un des g\u00e2teaux sur un plateau ou une assiette, puise r\u00e9partir la moiti\u00e9 de la mousse au th\u00e9 matcha sur le dessus. D\u00e9poser le second g\u00e2teau par dessus et renouveler l&#8217;op\u00e9ration avec la mousse restante. Enfin, disposer le 3\u00e8me g\u00e2teau sur le dessus et recouvrir le dessus et les c\u00f4t\u00e9s de l&#8217;ensemble du layer cake du glacage au cream cheese \u00e0 la vanille. Il peut \u00e9ventuellement rester un peu de gla\u00e7age, en fonction de l&#8217;\u00e9paisseur choisie pour recouvrir le layer cake. D\u00e9corer avec des framboises et des pistaches. Le layer cake se conserve au r\u00e9frig\u00e9rateur jusqu&#8217;\u00e0 4 jours.<\/li>\n<\/ol>\n            <\/div>\r\n        <\/div>\r\n    \r\n    \r\n    \r\n    \r\n    \r\n    \r\n    \r\n    \r\n    <\/div>\r\n\r\n\r\n\r\n<div class=\"postcats\">\r\n\t<a href=\"https:\/\/www.delscookingtwist.com\/fr\/categorie\/recettes\/les-desserts\/gateaux\/\">G\u00e2teaux<\/a>, <a href=\"https:\/\/www.delscookingtwist.com\/fr\/saison\/printemps\/\">Printemps<\/a><\/div>\r\n\r\n<div class=\"contentbox contentbox-lightpink notop nobot\">\r\n        <h2>Avez-vous r\u00e9alis\u00e9 cette recette ?<\/h2>\r\n        <p>Enfin, si vous r\u00e9alisez cette Layer cake au th\u00e9 matcha et \u00e0 la vanille, merci de me laisser un petit commentaire et\/ou de noter la recette. Et bien s\u00fbr, n\u2019oubliez pas de me taguer sur <a href=\"https:\/\/instagram.com\/delscookingtwist\/\" target=\"_blank\">Instagram<\/a>, j\u2019adore voir vos r\u00e9alisations. Bon app\u00e9tit !<\/p>\n<\/div>\r\n\r\n<\/div>\n","protected":false},"excerpt":{"rendered":"<p>Ce superbe layer cake aux saveurs vanill\u00e9es et th\u00e9 matcha sera parfait pour une grande occasion ! Ce mois-ci, j&#8217;ai l&#8217;honneur d&#8217;\u00eatre l&#8217;organisatrice de la Bataille Food #12, qui f\u00eate tout juste son premier anniversaire ! Je ne vous pr\u00e9sente plus ce rendez-vous culinaire mensuel, cr\u00e9\u00e9 il y a un an par mon amie Jenna [&hellip;]<\/p>\n","protected":false},"author":1,"featured_media":25723,"comment_status":"open","ping_status":"open","sticky":false,"template":"","format":"standard","meta":{"_acf_changed":false,"_monsterinsights_skip_tracking":false,"_monsterinsights_sitenote_active":false,"_monsterinsights_sitenote_note":"","_monsterinsights_sitenote_category":0,"footnotes":""},"categories":[41348],"tags":[],"del_style":[],"del_diet":[],"del_seasonal":[41366],"del_occasion":[],"del_ingredient":[],"class_list":["post-29019","post","type-post","status-publish","format-standard","has-post-thumbnail","hentry","category-gateaux","del_seasonal-printemps"],"acf":[],"yoast_head":"<!-- This site is optimized with the Yoast SEO Premium plugin v27.4 (Yoast SEO v27.4) - https:\/\/yoast.com\/product\/yoast-seo-premium-wordpress\/ -->\n<title>Layer cake au th\u00e9 matcha et \u00e0 la vanille - Del&#039;s cooking twist<\/title>\n<meta name=\"description\" content=\"Ce superbe layer cake aux saveurs vanill\u00e9es et th\u00e9 matcha sera parfait pour une grande occasion !\" \/>\n<meta name=\"robots\" content=\"index, follow, max-snippet:-1, max-image-preview:large, max-video-preview:-1\" \/>\n<link rel=\"canonical\" href=\"https:\/\/www.delscookingtwist.com\/fr\/layer-cake-au-the-matcha-et-a-la-vanille\/\" \/>\n<meta property=\"og:locale\" content=\"fr_FR\" \/>\n<meta property=\"og:type\" content=\"article\" \/>\n<meta property=\"og:title\" content=\"Layer cake au th\u00e9 matcha et \u00e0 la vanille\" \/>\n<meta property=\"og:description\" content=\"Ce superbe layer cake aux saveurs vanill\u00e9es et th\u00e9 matcha sera parfait pour une grande occasion !\" \/>\n<meta property=\"og:url\" content=\"https:\/\/www.delscookingtwist.com\/fr\/layer-cake-au-the-matcha-et-a-la-vanille\/\" \/>\n<meta property=\"og:site_name\" content=\"Del&#039;s cooking twist\" \/>\n<meta property=\"article:publisher\" content=\"https:\/\/www.facebook.com\/pages\/Dels-cooking-twist\/158928514282620\" \/>\n<meta property=\"article:published_time\" content=\"2014-05-08T00:00:33+00:00\" \/>\n<meta property=\"article:modified_time\" content=\"2021-05-29T03:47:38+00:00\" \/>\n<meta property=\"og:image\" content=\"https:\/\/www.delscookingtwist.com\/wp-content\/uploads\/2014\/05\/Layer-cake_WTbis.jpg\" \/>\n\t<meta property=\"og:image:width\" content=\"829\" \/>\n\t<meta property=\"og:image:height\" content=\"1024\" \/>\n\t<meta property=\"og:image:type\" content=\"image\/jpeg\" \/>\n<meta name=\"author\" content=\"Delphine Fortin\" \/>\n<meta name=\"twitter:card\" content=\"summary_large_image\" \/>\n<meta name=\"twitter:creator\" content=\"@delstwist\" \/>\n<meta name=\"twitter:site\" content=\"@delstwist\" \/>\n<meta name=\"twitter:label1\" content=\"\u00c9crit par\" \/>\n\t<meta name=\"twitter:data1\" content=\"Delphine Fortin\" \/>\n\t<meta name=\"twitter:label2\" content=\"Dur\u00e9e de lecture estim\u00e9e\" \/>\n\t<meta name=\"twitter:data2\" content=\"6 minutes\" \/>\n<script type=\"application\/ld+json\" class=\"yoast-schema-graph\">{\"@context\":\"https:\\\/\\\/schema.org\",\"@graph\":[{\"@type\":\"Article\",\"@id\":\"https:\\\/\\\/www.delscookingtwist.com\\\/fr\\\/layer-cake-au-the-matcha-et-a-la-vanille\\\/#article\",\"isPartOf\":{\"@id\":\"https:\\\/\\\/www.delscookingtwist.com\\\/fr\\\/layer-cake-au-the-matcha-et-a-la-vanille\\\/\"},\"author\":{\"name\":\"Delphine Fortin\",\"@id\":\"https:\\\/\\\/www.delscookingtwist.com\\\/fr\\\/#\\\/schema\\\/person\\\/3e4febf518c8a60ed3c5ada91c175c91\"},\"headline\":\"Layer cake au th\u00e9 matcha et \u00e0 la vanille\",\"datePublished\":\"2014-05-08T00:00:33+00:00\",\"dateModified\":\"2021-05-29T03:47:38+00:00\",\"mainEntityOfPage\":{\"@id\":\"https:\\\/\\\/www.delscookingtwist.com\\\/fr\\\/layer-cake-au-the-matcha-et-a-la-vanille\\\/\"},\"wordCount\":1167,\"commentCount\":2,\"publisher\":{\"@id\":\"https:\\\/\\\/www.delscookingtwist.com\\\/fr\\\/#organization\"},\"image\":{\"@id\":\"https:\\\/\\\/www.delscookingtwist.com\\\/fr\\\/layer-cake-au-the-matcha-et-a-la-vanille\\\/#primaryimage\"},\"thumbnailUrl\":\"https:\\\/\\\/www.delscookingtwist.com\\\/wp-content\\\/uploads\\\/2014\\\/05\\\/Layer-cake_WTbis.jpg\",\"articleSection\":[\"G\u00e2teaux\"],\"inLanguage\":\"fr-FR\",\"potentialAction\":[{\"@type\":\"CommentAction\",\"name\":\"Comment\",\"target\":[\"https:\\\/\\\/www.delscookingtwist.com\\\/fr\\\/layer-cake-au-the-matcha-et-a-la-vanille\\\/#respond\"]}]},{\"@type\":\"WebPage\",\"@id\":\"https:\\\/\\\/www.delscookingtwist.com\\\/fr\\\/layer-cake-au-the-matcha-et-a-la-vanille\\\/\",\"url\":\"https:\\\/\\\/www.delscookingtwist.com\\\/fr\\\/layer-cake-au-the-matcha-et-a-la-vanille\\\/\",\"name\":\"Layer cake au th\u00e9 matcha et \u00e0 la vanille - Del&#039;s cooking twist\",\"isPartOf\":{\"@id\":\"https:\\\/\\\/www.delscookingtwist.com\\\/fr\\\/#website\"},\"primaryImageOfPage\":{\"@id\":\"https:\\\/\\\/www.delscookingtwist.com\\\/fr\\\/layer-cake-au-the-matcha-et-a-la-vanille\\\/#primaryimage\"},\"image\":{\"@id\":\"https:\\\/\\\/www.delscookingtwist.com\\\/fr\\\/layer-cake-au-the-matcha-et-a-la-vanille\\\/#primaryimage\"},\"thumbnailUrl\":\"https:\\\/\\\/www.delscookingtwist.com\\\/wp-content\\\/uploads\\\/2014\\\/05\\\/Layer-cake_WTbis.jpg\",\"datePublished\":\"2014-05-08T00:00:33+00:00\",\"dateModified\":\"2021-05-29T03:47:38+00:00\",\"description\":\"Ce superbe layer cake aux saveurs vanill\u00e9es et th\u00e9 matcha sera parfait pour une grande occasion !\",\"breadcrumb\":{\"@id\":\"https:\\\/\\\/www.delscookingtwist.com\\\/fr\\\/layer-cake-au-the-matcha-et-a-la-vanille\\\/#breadcrumb\"},\"inLanguage\":\"fr-FR\",\"potentialAction\":[{\"@type\":\"ReadAction\",\"target\":[\"https:\\\/\\\/www.delscookingtwist.com\\\/fr\\\/layer-cake-au-the-matcha-et-a-la-vanille\\\/\"]}]},{\"@type\":\"ImageObject\",\"inLanguage\":\"fr-FR\",\"@id\":\"https:\\\/\\\/www.delscookingtwist.com\\\/fr\\\/layer-cake-au-the-matcha-et-a-la-vanille\\\/#primaryimage\",\"url\":\"https:\\\/\\\/www.delscookingtwist.com\\\/wp-content\\\/uploads\\\/2014\\\/05\\\/Layer-cake_WTbis.jpg\",\"contentUrl\":\"https:\\\/\\\/www.delscookingtwist.com\\\/wp-content\\\/uploads\\\/2014\\\/05\\\/Layer-cake_WTbis.jpg\",\"width\":829,\"height\":1024},{\"@type\":\"BreadcrumbList\",\"@id\":\"https:\\\/\\\/www.delscookingtwist.com\\\/fr\\\/layer-cake-au-the-matcha-et-a-la-vanille\\\/#breadcrumb\",\"itemListElement\":[{\"@type\":\"ListItem\",\"position\":1,\"name\":\"Accueil\",\"item\":\"https:\\\/\\\/www.delscookingtwist.com\\\/fr\\\/\"},{\"@type\":\"ListItem\",\"position\":2,\"name\":\"Recipes\",\"item\":\"https:\\\/\\\/www.delscookingtwist.com\\\/recipe-index\\\/\"},{\"@type\":\"ListItem\",\"position\":3,\"name\":\"Desserts\",\"item\":\"https:\\\/\\\/www.delscookingtwist.com\\\/fr\\\/categorie\\\/recettes\\\/les-desserts\\\/\"},{\"@type\":\"ListItem\",\"position\":4,\"name\":\"G\u00e2teaux\",\"item\":\"https:\\\/\\\/www.delscookingtwist.com\\\/fr\\\/categorie\\\/recettes\\\/les-desserts\\\/gateaux\\\/\"},{\"@type\":\"ListItem\",\"position\":5,\"name\":\"Layer cake au th\u00e9 matcha et \u00e0 la vanille\"}]},{\"@type\":\"WebSite\",\"@id\":\"https:\\\/\\\/www.delscookingtwist.com\\\/fr\\\/#website\",\"url\":\"https:\\\/\\\/www.delscookingtwist.com\\\/fr\\\/\",\"name\":\"Del&#039;s cooking twist\",\"description\":\"Plant-based | Wholesome | Organic\",\"publisher\":{\"@id\":\"https:\\\/\\\/www.delscookingtwist.com\\\/fr\\\/#organization\"},\"potentialAction\":[{\"@type\":\"SearchAction\",\"target\":{\"@type\":\"EntryPoint\",\"urlTemplate\":\"https:\\\/\\\/www.delscookingtwist.com\\\/fr\\\/?s={search_term_string}\"},\"query-input\":{\"@type\":\"PropertyValueSpecification\",\"valueRequired\":true,\"valueName\":\"search_term_string\"}}],\"inLanguage\":\"fr-FR\"},{\"@type\":\"Organization\",\"@id\":\"https:\\\/\\\/www.delscookingtwist.com\\\/fr\\\/#organization\",\"name\":\"Del's cooking twist\",\"url\":\"https:\\\/\\\/www.delscookingtwist.com\\\/fr\\\/\",\"logo\":{\"@type\":\"ImageObject\",\"inLanguage\":\"fr-FR\",\"@id\":\"https:\\\/\\\/www.delscookingtwist.com\\\/fr\\\/#\\\/schema\\\/logo\\\/image\\\/\",\"url\":\"https:\\\/\\\/www.delscookingtwist.com\\\/wp-content\\\/uploads\\\/2021\\\/04\\\/Del_sCookingTwist-1200x1200-1.png\",\"contentUrl\":\"https:\\\/\\\/www.delscookingtwist.com\\\/wp-content\\\/uploads\\\/2021\\\/04\\\/Del_sCookingTwist-1200x1200-1.png\",\"width\":1200,\"height\":1200,\"caption\":\"Del's cooking twist\"},\"image\":{\"@id\":\"https:\\\/\\\/www.delscookingtwist.com\\\/fr\\\/#\\\/schema\\\/logo\\\/image\\\/\"},\"sameAs\":[\"https:\\\/\\\/www.facebook.com\\\/pages\\\/Dels-cooking-twist\\\/158928514282620\",\"https:\\\/\\\/x.com\\\/delstwist\",\"https:\\\/\\\/instagram.com\\\/delscookingtwist\",\"https:\\\/\\\/www.linkedin.com\\\/company\\\/15256060\\\/\",\"https:\\\/\\\/www.pinterest.com\\\/delstwist\\\/\",\"https:\\\/\\\/www.youtube.com\\\/channel\\\/UCX4VXKZduK2vq8vYIe4IxwQ\"]},{\"@type\":\"Person\",\"@id\":\"https:\\\/\\\/www.delscookingtwist.com\\\/fr\\\/#\\\/schema\\\/person\\\/3e4febf518c8a60ed3c5ada91c175c91\",\"name\":\"Delphine Fortin\",\"image\":{\"@type\":\"ImageObject\",\"inLanguage\":\"fr-FR\",\"@id\":\"https:\\\/\\\/secure.gravatar.com\\\/avatar\\\/5f92ca31747492f2cc54e3357d21beb304e04824c6ba020a3c6e892130f111ee?s=96&d=mm&r=g\",\"url\":\"https:\\\/\\\/secure.gravatar.com\\\/avatar\\\/5f92ca31747492f2cc54e3357d21beb304e04824c6ba020a3c6e892130f111ee?s=96&d=mm&r=g\",\"contentUrl\":\"https:\\\/\\\/secure.gravatar.com\\\/avatar\\\/5f92ca31747492f2cc54e3357d21beb304e04824c6ba020a3c6e892130f111ee?s=96&d=mm&r=g\",\"caption\":\"Delphine Fortin\"},\"description\":\"Hi! I'm a French girl living in Sweden. I have loved cooking, baking and creating new recipes ever since I was young. I love my treats sweet or salty, depending on my mood, but they have to be delicious with a possibly \\\"twist\\\", my personal touch actually. That's why I finally came to the point that I somehow had to share my recipes with you and try out to teach you this little cooking twist which is mine. Whatever the recipe, there is two things you have to think about when you're cooking: use the true ingredients (no sweeteners or light products, never ever) and think fresh (no frozen ingredients). Here is the best way to eat healthy! I also love travelling and try to get inspiration from other cultures, that's why I want to tips you about the best places to eat in Paris, Stockholm, or every other places I tried and loved! Hope you will like my recipes (but fore sure you will) and give me back 'your' personal twist then!\",\"sameAs\":[\"https:\\\/\\\/www.delscookingtwist.com\\\/about-me\\\/\"],\"url\":\"https:\\\/\\\/www.delscookingtwist.com\\\/fr\\\/author\\\/del\\\/\"}]}<\/script>\n<!-- \/ Yoast SEO Premium plugin. -->","yoast_head_json":{"title":"Layer cake au th\u00e9 matcha et \u00e0 la vanille - Del&#039;s cooking twist","description":"Ce superbe layer cake aux saveurs vanill\u00e9es et th\u00e9 matcha sera parfait pour une grande occasion !","robots":{"index":"index","follow":"follow","max-snippet":"max-snippet:-1","max-image-preview":"max-image-preview:large","max-video-preview":"max-video-preview:-1"},"canonical":"https:\/\/www.delscookingtwist.com\/fr\/layer-cake-au-the-matcha-et-a-la-vanille\/","og_locale":"fr_FR","og_type":"article","og_title":"Layer cake au th\u00e9 matcha et \u00e0 la vanille","og_description":"Ce superbe layer cake aux saveurs vanill\u00e9es et th\u00e9 matcha sera parfait pour une grande occasion !","og_url":"https:\/\/www.delscookingtwist.com\/fr\/layer-cake-au-the-matcha-et-a-la-vanille\/","og_site_name":"Del&#039;s cooking twist","article_publisher":"https:\/\/www.facebook.com\/pages\/Dels-cooking-twist\/158928514282620","article_published_time":"2014-05-08T00:00:33+00:00","article_modified_time":"2021-05-29T03:47:38+00:00","og_image":[{"width":829,"height":1024,"url":"https:\/\/www.delscookingtwist.com\/wp-content\/uploads\/2014\/05\/Layer-cake_WTbis.jpg","type":"image\/jpeg"}],"author":"Delphine Fortin","twitter_card":"summary_large_image","twitter_creator":"@delstwist","twitter_site":"@delstwist","twitter_misc":{"\u00c9crit par":"Delphine Fortin","Dur\u00e9e de lecture estim\u00e9e":"6 minutes"},"schema":{"@context":"https:\/\/schema.org","@graph":[{"@type":"Article","@id":"https:\/\/www.delscookingtwist.com\/fr\/layer-cake-au-the-matcha-et-a-la-vanille\/#article","isPartOf":{"@id":"https:\/\/www.delscookingtwist.com\/fr\/layer-cake-au-the-matcha-et-a-la-vanille\/"},"author":{"name":"Delphine Fortin","@id":"https:\/\/www.delscookingtwist.com\/fr\/#\/schema\/person\/3e4febf518c8a60ed3c5ada91c175c91"},"headline":"Layer cake au th\u00e9 matcha et \u00e0 la vanille","datePublished":"2014-05-08T00:00:33+00:00","dateModified":"2021-05-29T03:47:38+00:00","mainEntityOfPage":{"@id":"https:\/\/www.delscookingtwist.com\/fr\/layer-cake-au-the-matcha-et-a-la-vanille\/"},"wordCount":1167,"commentCount":2,"publisher":{"@id":"https:\/\/www.delscookingtwist.com\/fr\/#organization"},"image":{"@id":"https:\/\/www.delscookingtwist.com\/fr\/layer-cake-au-the-matcha-et-a-la-vanille\/#primaryimage"},"thumbnailUrl":"https:\/\/www.delscookingtwist.com\/wp-content\/uploads\/2014\/05\/Layer-cake_WTbis.jpg","articleSection":["G\u00e2teaux"],"inLanguage":"fr-FR","potentialAction":[{"@type":"CommentAction","name":"Comment","target":["https:\/\/www.delscookingtwist.com\/fr\/layer-cake-au-the-matcha-et-a-la-vanille\/#respond"]}]},{"@type":"WebPage","@id":"https:\/\/www.delscookingtwist.com\/fr\/layer-cake-au-the-matcha-et-a-la-vanille\/","url":"https:\/\/www.delscookingtwist.com\/fr\/layer-cake-au-the-matcha-et-a-la-vanille\/","name":"Layer cake au th\u00e9 matcha et \u00e0 la vanille - Del&#039;s cooking twist","isPartOf":{"@id":"https:\/\/www.delscookingtwist.com\/fr\/#website"},"primaryImageOfPage":{"@id":"https:\/\/www.delscookingtwist.com\/fr\/layer-cake-au-the-matcha-et-a-la-vanille\/#primaryimage"},"image":{"@id":"https:\/\/www.delscookingtwist.com\/fr\/layer-cake-au-the-matcha-et-a-la-vanille\/#primaryimage"},"thumbnailUrl":"https:\/\/www.delscookingtwist.com\/wp-content\/uploads\/2014\/05\/Layer-cake_WTbis.jpg","datePublished":"2014-05-08T00:00:33+00:00","dateModified":"2021-05-29T03:47:38+00:00","description":"Ce superbe layer cake aux saveurs vanill\u00e9es et th\u00e9 matcha sera parfait pour une grande occasion !","breadcrumb":{"@id":"https:\/\/www.delscookingtwist.com\/fr\/layer-cake-au-the-matcha-et-a-la-vanille\/#breadcrumb"},"inLanguage":"fr-FR","potentialAction":[{"@type":"ReadAction","target":["https:\/\/www.delscookingtwist.com\/fr\/layer-cake-au-the-matcha-et-a-la-vanille\/"]}]},{"@type":"ImageObject","inLanguage":"fr-FR","@id":"https:\/\/www.delscookingtwist.com\/fr\/layer-cake-au-the-matcha-et-a-la-vanille\/#primaryimage","url":"https:\/\/www.delscookingtwist.com\/wp-content\/uploads\/2014\/05\/Layer-cake_WTbis.jpg","contentUrl":"https:\/\/www.delscookingtwist.com\/wp-content\/uploads\/2014\/05\/Layer-cake_WTbis.jpg","width":829,"height":1024},{"@type":"BreadcrumbList","@id":"https:\/\/www.delscookingtwist.com\/fr\/layer-cake-au-the-matcha-et-a-la-vanille\/#breadcrumb","itemListElement":[{"@type":"ListItem","position":1,"name":"Accueil","item":"https:\/\/www.delscookingtwist.com\/fr\/"},{"@type":"ListItem","position":2,"name":"Recipes","item":"https:\/\/www.delscookingtwist.com\/recipe-index\/"},{"@type":"ListItem","position":3,"name":"Desserts","item":"https:\/\/www.delscookingtwist.com\/fr\/categorie\/recettes\/les-desserts\/"},{"@type":"ListItem","position":4,"name":"G\u00e2teaux","item":"https:\/\/www.delscookingtwist.com\/fr\/categorie\/recettes\/les-desserts\/gateaux\/"},{"@type":"ListItem","position":5,"name":"Layer cake au th\u00e9 matcha et \u00e0 la vanille"}]},{"@type":"WebSite","@id":"https:\/\/www.delscookingtwist.com\/fr\/#website","url":"https:\/\/www.delscookingtwist.com\/fr\/","name":"Del&#039;s cooking twist","description":"Plant-based | Wholesome | Organic","publisher":{"@id":"https:\/\/www.delscookingtwist.com\/fr\/#organization"},"potentialAction":[{"@type":"SearchAction","target":{"@type":"EntryPoint","urlTemplate":"https:\/\/www.delscookingtwist.com\/fr\/?s={search_term_string}"},"query-input":{"@type":"PropertyValueSpecification","valueRequired":true,"valueName":"search_term_string"}}],"inLanguage":"fr-FR"},{"@type":"Organization","@id":"https:\/\/www.delscookingtwist.com\/fr\/#organization","name":"Del's cooking twist","url":"https:\/\/www.delscookingtwist.com\/fr\/","logo":{"@type":"ImageObject","inLanguage":"fr-FR","@id":"https:\/\/www.delscookingtwist.com\/fr\/#\/schema\/logo\/image\/","url":"https:\/\/www.delscookingtwist.com\/wp-content\/uploads\/2021\/04\/Del_sCookingTwist-1200x1200-1.png","contentUrl":"https:\/\/www.delscookingtwist.com\/wp-content\/uploads\/2021\/04\/Del_sCookingTwist-1200x1200-1.png","width":1200,"height":1200,"caption":"Del's cooking twist"},"image":{"@id":"https:\/\/www.delscookingtwist.com\/fr\/#\/schema\/logo\/image\/"},"sameAs":["https:\/\/www.facebook.com\/pages\/Dels-cooking-twist\/158928514282620","https:\/\/x.com\/delstwist","https:\/\/instagram.com\/delscookingtwist","https:\/\/www.linkedin.com\/company\/15256060\/","https:\/\/www.pinterest.com\/delstwist\/","https:\/\/www.youtube.com\/channel\/UCX4VXKZduK2vq8vYIe4IxwQ"]},{"@type":"Person","@id":"https:\/\/www.delscookingtwist.com\/fr\/#\/schema\/person\/3e4febf518c8a60ed3c5ada91c175c91","name":"Delphine Fortin","image":{"@type":"ImageObject","inLanguage":"fr-FR","@id":"https:\/\/secure.gravatar.com\/avatar\/5f92ca31747492f2cc54e3357d21beb304e04824c6ba020a3c6e892130f111ee?s=96&d=mm&r=g","url":"https:\/\/secure.gravatar.com\/avatar\/5f92ca31747492f2cc54e3357d21beb304e04824c6ba020a3c6e892130f111ee?s=96&d=mm&r=g","contentUrl":"https:\/\/secure.gravatar.com\/avatar\/5f92ca31747492f2cc54e3357d21beb304e04824c6ba020a3c6e892130f111ee?s=96&d=mm&r=g","caption":"Delphine Fortin"},"description":"Hi! I'm a French girl living in Sweden. I have loved cooking, baking and creating new recipes ever since I was young. I love my treats sweet or salty, depending on my mood, but they have to be delicious with a possibly \"twist\", my personal touch actually. That's why I finally came to the point that I somehow had to share my recipes with you and try out to teach you this little cooking twist which is mine. Whatever the recipe, there is two things you have to think about when you're cooking: use the true ingredients (no sweeteners or light products, never ever) and think fresh (no frozen ingredients). Here is the best way to eat healthy! I also love travelling and try to get inspiration from other cultures, that's why I want to tips you about the best places to eat in Paris, Stockholm, or every other places I tried and loved! Hope you will like my recipes (but fore sure you will) and give me back 'your' personal twist then!","sameAs":["https:\/\/www.delscookingtwist.com\/about-me\/"],"url":"https:\/\/www.delscookingtwist.com\/fr\/author\/del\/"}]}},"_links":{"self":[{"href":"https:\/\/www.delscookingtwist.com\/fr\/wp-json\/wp\/v2\/posts\/29019","targetHints":{"allow":["GET"]}}],"collection":[{"href":"https:\/\/www.delscookingtwist.com\/fr\/wp-json\/wp\/v2\/posts"}],"about":[{"href":"https:\/\/www.delscookingtwist.com\/fr\/wp-json\/wp\/v2\/types\/post"}],"author":[{"embeddable":true,"href":"https:\/\/www.delscookingtwist.com\/fr\/wp-json\/wp\/v2\/users\/1"}],"replies":[{"embeddable":true,"href":"https:\/\/www.delscookingtwist.com\/fr\/wp-json\/wp\/v2\/comments?post=29019"}],"version-history":[{"count":0,"href":"https:\/\/www.delscookingtwist.com\/fr\/wp-json\/wp\/v2\/posts\/29019\/revisions"}],"wp:featuredmedia":[{"embeddable":true,"href":"https:\/\/www.delscookingtwist.com\/fr\/wp-json\/wp\/v2\/media\/25723"}],"wp:attachment":[{"href":"https:\/\/www.delscookingtwist.com\/fr\/wp-json\/wp\/v2\/media?parent=29019"}],"wp:term":[{"taxonomy":"category","embeddable":true,"href":"https:\/\/www.delscookingtwist.com\/fr\/wp-json\/wp\/v2\/categories?post=29019"},{"taxonomy":"post_tag","embeddable":true,"href":"https:\/\/www.delscookingtwist.com\/fr\/wp-json\/wp\/v2\/tags?post=29019"},{"taxonomy":"del_style","embeddable":true,"href":"https:\/\/www.delscookingtwist.com\/fr\/wp-json\/wp\/v2\/del_style?post=29019"},{"taxonomy":"del_diet","embeddable":true,"href":"https:\/\/www.delscookingtwist.com\/fr\/wp-json\/wp\/v2\/del_diet?post=29019"},{"taxonomy":"del_seasonal","embeddable":true,"href":"https:\/\/www.delscookingtwist.com\/fr\/wp-json\/wp\/v2\/del_seasonal?post=29019"},{"taxonomy":"del_occasion","embeddable":true,"href":"https:\/\/www.delscookingtwist.com\/fr\/wp-json\/wp\/v2\/del_occasion?post=29019"},{"taxonomy":"del_ingredient","embeddable":true,"href":"https:\/\/www.delscookingtwist.com\/fr\/wp-json\/wp\/v2\/del_ingredient?post=29019"}],"curies":[{"name":"wp","href":"https:\/\/api.w.org\/{rel}","templated":true}]}}